{"id":48295,"date":"2026-05-01T08:58:45","date_gmt":"2026-05-01T06:58:45","guid":{"rendered":"https:\/\/social24horas.com\/?p=48295"},"modified":"2026-05-01T09:05:26","modified_gmt":"2026-05-01T07:05:26","slug":"primero-de-mayo-paz-derechos-y-democracia","status":"publish","type":"post","link":"https:\/\/social24horas.com\/primero-de-mayo-paz-derechos-y-democracia\/","title":{"rendered":"Primero de Mayo: paz, derechos y democracia"},"content":{"rendered":"<p>Las conmemoraciones del Primero de Mayo llegan, en este 2026, cubiertas del olor a p\u00f3lvora que dejan las guerras, muy cerca de nosotros, de la desesperaci\u00f3n de todas y todos los que sienten en sus carnes la crisis de la vivienda, y con el auge de las pol\u00edticas intolerantes promovidas por la ultraderecha en Espa\u00f1a.<\/p>\n<p>Los principales sindicatos del pa\u00eds han convocado a la poblaci\u00f3n para, situando sobre la mesa lo local y lo global, manifestarse por los derechos colectivos, esos que parec\u00edan intocables pero por los que hay que seguir luchando.<\/p>\n<p>Bajo el lema \u201cNi bombas ni miseria: apoyo mutuo y dignidad obrera\u201d, los sindicatos CGT y CNT han realizado un llamamiento a la unidad de clase y al internacionalismo frente a las guerras, el encarecimiento de la vida y el fascismo.<\/p>\n<p>En Valladolid, la movilizaci\u00f3n partir\u00e1 a las 12:00 desde la plaza Libertad y recorrer\u00e1 las principales calles de la ciudad como calle Angustias, calle San Quirce o paseo Isabel la Cat\u00f3lica, finalizando en la plaza Solidaridad del barrio de La Victoria. All\u00ed, ambos sindicatos leer\u00e1n su manifiesto conjunto en el que denuncian \u201cla situaci\u00f3n insostenible que padece la clase trabajadora. Por un lado, nos empujan a defender sus intereses y morir en sus guerras y, por otro, nos arrojan a una vida de miseria\u201d.<\/p>\n<p>Adem\u00e1s, tambi\u00e9n reivindican que los impuestos se destinen a educaci\u00f3n, sanidad, pensiones o servicios sociales, en lugar de a armamento; que los salarios aumenten autom\u00e1ticamente con el coste de la vida y que la vivienda sea realmente un derecho y no un lujo.<\/p>\n<p>Piden \u201cuna paz construida desde abajo, desde la justicia social, desde la igualdad real y el fin de toda dominaci\u00f3n. Porque no puede haber paz mientras exista explotaci\u00f3n, mientras la riqueza de unos dependa de la miseria de otros, mientras la vida est\u00e9 subordinada al poder y al beneficio\u201d.<\/p>\n<p>Tras la lectura del manifiesto conjunto intervendr\u00e1n representantes de la Coordinadora Estatal por la Defensa del Sistema P\u00fablico de Pensiones (Coespe), la Coordinadora Regional de Transporte Sanitario de CGT, que actualmente est\u00e1 en conflicto para reivindicar mejoras laborales y un servicio p\u00fablico, y la Plataforma Solidaria con Palestina de Valladolid.<\/p>\n<figure id=\"attachment_48298\" aria-describedby=\"caption-attachment-48298\" style=\"width: 971px\" class=\"wp-caption alignnone\"><img data-dominant-color=\"5a534f\" data-has-transparency=\"false\" style=\"--dominant-color: #5a534f;\" loading=\"lazy\" loading=\"lazy\" decoding=\"async\" class=\"size-full wp-image-48298 not-transparent\" src=\"https:\/\/social24horas.com\/contenidos\/uploads\/2026\/05\/guerra-iran-RS-Fotos-Publicas1.avif\" alt=\"Los movimientos b\u00e9licos e imperialistas de la administraci\u00f3n Trump, en el foco de las protestas. Foto: RS- Fotos P\u00fablicas\" width=\"971\" height=\"591\" \/><figcaption id=\"caption-attachment-48298\" class=\"wp-caption-text\">Los movimientos b\u00e9licos e imperialistas de la administraci\u00f3n Trump, en el foco de las protestas. Foto: RS- Fotos P\u00fablicas<\/figcaption><\/figure>\n<p>Por su parte, el manifiesto conjunto de UGT y CCOO en Castilla y Le\u00f3n indica que en este Primero de Mayo \u201cest\u00e1n en juego no solo las condiciones de vida de la clase trabajadora, sino la propia calidad de nuestras democracias. Frente a quienes pretenden dividirnos, enfrentarnos y levantar trincheras, el movimiento sindical responde con m\u00e1s derechos, m\u00e1s cohesi\u00f3n social y m\u00e1s democracia\u201d. Los reg\u00edmenes aut\u00e1rquicos y plutocr\u00e1ticos, liderados por la administraci\u00f3n Trump, a\u00f1aden, \u201cest\u00e1n erosionando el equilibrio del orden internacional\u201d y haciendo que los valores democr\u00e1ticos se vean cada vez m\u00e1s debilitados y cuestionados.<\/p>\n<p>Los dos sindicatos mayoritarios inciden en que \u201cla proliferaci\u00f3n de partidos de ultraderecha en nuestro pa\u00eds est\u00e1 generando un clima creciente de crispaci\u00f3n y polarizaci\u00f3n pol\u00edtica, marcado por el avance de posiciones reaccionarias que se alimentan del machismo, la LGTBIfobia, la aporofobia y el racismo, envueltas en un nacionalismo rancio y nost\u00e1lgico de un pasado que algunos pretenden resucitar\u201d. Recalcan que las organizaciones sindicales espa\u00f1olas valoran la puesta en marcha del proceso de regularizaci\u00f3n extraordinaria de personas migrantes.<\/p>\n<p>\u201cSolo en Castilla y Le\u00f3n hay cien convenios colectivos de sector por negociar que afectan a 190.000 personas trabajadoras\u201d, se\u00f1ala el manifiesto conjunto de UGT y CCOO, ya sobre el tema laboral espec\u00edficamente. En la regi\u00f3n, \u201clos salarios son un 10 % menos que a nivel estatal, trabajamos dos jornadas m\u00e1s anuales y nuestros salarios aumentan menos que en el resto del Estado. La mejora de la productividad y los grandes beneficios empresariales debe traducirse en mejores salarios, menos tiempo de trabajo y m\u00e1s derechos, no en mayor precariedad\u201d.<\/p>\n","protected":false},"excerpt":{"rendered":"<p>Las conmemoraciones del Primero de Mayo llegan, en este 2026, cubiertas del olor a p\u00f3lvora que dejan las guerras, muy cerca de nosotros, de la desesperaci\u00f3n de todas y todos los que sienten en sus carnes la crisis de la vivienda, y con el auge de las pol\u00edticas intolerantes promovidas por la ultraderecha en Espa\u00f1a. [&hellip;]<\/p>\n","protected":false},"author":19,"featured_media":48296,"comment_status":"open","ping_status":"open","sticky":false,"template":"","format":"standard","meta":{"_acf_changed":false,"footnotes":""},"categories":[1,697],"tags":[3372,2243,2242,3374,3371,3373,2244],"ppma_author":[705],"class_list":{"0":"post-48295","1":"post","2":"type-post","3":"status-publish","4":"format-standard","5":"has-post-thumbnail","7":"category-nacional","8":"category-valladolid","9":"tag-1-de-mayo","10":"tag-ccoo-castilla-y-leon","11":"tag-cgt-castilla-y-leon","12":"tag-cnt-castilla-y-leon","13":"tag-primero-de-mayo","14":"tag-sindicatos-castilla-y-leon","15":"tag-ugt-castilla-y-leon"},"acf":[],"authors":[{"term_id":705,"user_id":19,"is_guest":0,"slug":"redaccionvalladolid","display_name":"Redacci\u00f3n Valladolid","avatar_url":{"url":"https:\/\/social24horas.com\/contenidos\/uploads\/2024\/02\/redaccion-logo.webp","url2x":"https:\/\/social24horas.com\/contenidos\/uploads\/2024\/02\/redaccion-logo.webp"},"first_name":"","user_url":"","last_name":"","job_title":"","description":""}],"_links":{"self":[{"href":"https:\/\/social24horas.com\/api\/wp\/v2\/posts\/48295","targetHints":{"allow":["GET"]}}],"collection":[{"href":"https:\/\/social24horas.com\/api\/wp\/v2\/posts"}],"about":[{"href":"https:\/\/social24horas.com\/api\/wp\/v2\/types\/post"}],"author":[{"embeddable":true,"href":"https:\/\/social24horas.com\/api\/wp\/v2\/users\/19"}],"replies":[{"embeddable":true,"href":"https:\/\/social24horas.com\/api\/wp\/v2\/comments?post=48295"}],"version-history":[{"count":4,"href":"https:\/\/social24horas.com\/api\/wp\/v2\/posts\/48295\/revisions"}],"predecessor-version":[{"id":48301,"href":"https:\/\/social24horas.com\/api\/wp\/v2\/posts\/48295\/revisions\/48301"}],"wp:featuredmedia":[{"embeddable":true,"href":"https:\/\/social24horas.com\/api\/wp\/v2\/media\/48296"}],"wp:attachment":[{"href":"https:\/\/social24horas.com\/api\/wp\/v2\/media?parent=48295"}],"wp:term":[{"taxonomy":"category","embeddable":true,"href":"https:\/\/social24horas.com\/api\/wp\/v2\/categories?post=48295"},{"taxonomy":"post_tag","embeddable":true,"href":"https:\/\/social24horas.com\/api\/wp\/v2\/tags?post=48295"},{"taxonomy":"author","embeddable":true,"href":"https:\/\/social24horas.com\/api\/wp\/v2\/ppma_author?post=48295"}],"curies":[{"name":"wp","href":"https:\/\/api.w.org\/{rel}","templated":true}]}}