{"id":48281,"date":"2026-04-29T17:52:44","date_gmt":"2026-04-29T15:52:44","guid":{"rendered":"https:\/\/social24horas.com\/?p=48281"},"modified":"2026-04-29T18:16:04","modified_gmt":"2026-04-29T16:16:04","slug":"chicho-ibanez-serrador-vuelve-a-meter-miedo-su-universo-arropa-la-tercera-edicion-del-pufa-pucela-fantastica","status":"publish","type":"post","link":"https:\/\/social24horas.com\/chicho-ibanez-serrador-vuelve-a-meter-miedo-su-universo-arropa-la-tercera-edicion-del-pufa-pucela-fantastica\/","title":{"rendered":"Chicho Ib\u00e1\u00f1ez Serrador vuelve a meter miedo: su universo arropa la tercera edici\u00f3n del PUFA (Pucela Fant\u00e1stica)"},"content":{"rendered":"<p><strong>PUFA (Pucela Fant\u00e1stica).- <\/strong>Lleg\u00f3 uno de los momentos m\u00e1s esperados del a\u00f1o para los amantes del cine en Valladolid, sobre todo para aquellas y aquellos a los que les gustan las emociones fuertes: el Festival Internacional de Cine Fant\u00e1stico y de Terror de Valladolid (PUFA -Pucela Fant\u00e1stica-) desvela sus fechas, su cartel y sus principales tem\u00e1ticas. La tercera edici\u00f3n estar\u00e1 dedicada a la figura del cineasta Narciso &#8220;Chicho&#8221; Ib\u00e1\u00f1ez Serrador, creador fundamental en la historia de este g\u00e9nero en Espa\u00f1a y referente indiscutible para varias generaciones de cineastas. El certamen le rendir\u00e1 homenaje con la concesi\u00f3n de un Premio de Honor p\u00f3stumo, que ser\u00e1 recogido en Valladolid por su hijo, el tambi\u00e9n cineasta Alejandro Ib\u00e1\u00f1ez Nauta.<\/p>\n<p>Anoten las fechas: el festival se celebrar\u00e1 del s\u00e1bado 4 de julio al s\u00e1bado 11 de julio, tomando como eje el legado de Ib\u00e1\u00f1ez Serrador, cuya influencia sigue viva tanto en el cine como en la televisi\u00f3n. Coincidiendo con el 50 aniversario de <em>\u00bfQui\u00e9n puede matar a un ni\u00f1o?<\/em> (1976), el festival acoger\u00e1 una proyecci\u00f3n especial de la pel\u00edcula, una de las obras clave del cine fant\u00e1stico espa\u00f1ol, acompa\u00f1ada de actividades en torno a su figura.<\/p>\n<p>Director, guionista, productor y creador televisivo, Chicho Ib\u00e1\u00f1ez Serrador desarroll\u00f3 una carrera profundamente influyente, revolucionando el lenguaje del medio desde su llegada a Televisi\u00f3n Espa\u00f1ola en los a\u00f1os sesenta. Fue responsable de formatos como <em>Historias para no dormir,<\/em> pionera del terror televisivo, o <em>Un, dos, tres&#8230; responda otra vez<\/em>, uno de los programas m\u00e1s emblem\u00e1ticos de la historia de la televisi\u00f3n en nuestro pa\u00eds.<\/p>\n<p>En paralelo, firm\u00f3 dos largometrajes, <em>La residencia<\/em> (1969) y el mencionado <em>\u00bfQui\u00e9n puede matar a un ni\u00f1o?<\/em> (1976), que lo consagraron como uno de los grandes nombres del cine fant\u00e1stico europeo. A lo largo de su carrera recibi\u00f3 numerosos reconocimientos, entre ellos el Premio Nacional de Televisi\u00f3n y el Goya de Honor, en reconocimiento a una obra que abri\u00f3 camino a generaciones posteriores y dej\u00f3 una huella decisiva en el imaginario audiovisual espa\u00f1ol.<\/p>\n<p>El universo de Ib\u00e1\u00f1ez Serrador inspira tambi\u00e9n el cartel oficial de esta edici\u00f3n, dise\u00f1ado nuevamente por Miguel Mart\u00edn, que incorpora un gui\u00f1o visual a su imaginario: las siluetas de los ni\u00f1os protagonistas de la pel\u00edcula <em>\u00bfQui\u00e9n puede matar a un ni\u00f1o?<\/em> tras el marco de una puerta, evocando la atm\u00f3sfera inquietante de <em>Historias para no dormir<\/em>. La imagen vuelve a establecer un di\u00e1logo entre el g\u00e9nero fant\u00e1stico y la ciudad al integrarse con un espacio inconfundible de Valladolid como el Pasaje Guti\u00e9rrez.<\/p>\n<figure id=\"attachment_48283\" aria-describedby=\"caption-attachment-48283\" style=\"width: 734px\" class=\"wp-caption alignnone\"><img data-dominant-color=\"654d4f\" data-has-transparency=\"false\" style=\"--dominant-color: #654d4f;\" loading=\"lazy\" loading=\"lazy\" decoding=\"async\" class=\"size-large wp-image-48283 not-transparent\" src=\"https:\/\/social24horas.com\/contenidos\/uploads\/2026\/04\/Cartel-Pufa-2026-734x1024.avif\" alt=\"Cartel de la tercera edici\u00f3n del PUFA (Pucela fant\u00e1stica), obra de Miguel Mart\u00edn\" width=\"734\" height=\"1024\" \/><figcaption id=\"caption-attachment-48283\" class=\"wp-caption-text\">Cartel de la tercera edici\u00f3n del PUFA (Pucela fant\u00e1stica), obra de Miguel Mart\u00edn<\/figcaption><\/figure>\n<p><strong>Premio de Honor a Paco Plaza<\/strong><\/p>\n<p>PUFA reconocer\u00e1 tambi\u00e9n la trayectoria del cineasta Paco Plaza, uno de los nombres esenciales del cine fant\u00e1stico contempor\u00e1neo en Espa\u00f1a y heredero confeso del legado de Ib\u00e1\u00f1ez Serrador. El director valenciano recibir\u00e1 el Premio de Honor en la gala de inauguraci\u00f3n del festival.<\/p>\n<p>Autor de t\u00edtulos como <em>[\u2022REC]<\/em> (codirigida junto a Jaume Balaguer\u00f3), <em>Ver\u00f3nica<\/em> (2017), <em>La abuela<\/em> (2021) o <em>Hermana muerte<\/em> (2023), Plaza ha construido una filmograf\u00eda que dialoga directamente con las claves del terror cl\u00e1sico y moderno. Adem\u00e1s de recoger el galard\u00f3n, participar\u00e1 en un encuentro con el p\u00fablico en torno a <em>La abuela<\/em>, que se proyectar\u00e1 en Valladolid en una sesi\u00f3n especial y que servir\u00e1 como pistoletazo de salida de esta nueva edici\u00f3n.<\/p>\n<p>La relaci\u00f3n de Paco Plaza con el universo de Ib\u00e1\u00f1ez Serrador no es solo referencial, sino tambi\u00e9n directa. El cineasta form\u00f3 parte del proyecto <em>Pel\u00edculas para no dormir<\/em>, impulsado y coordinado por el propio Chicho en los a\u00f1os 2000 como actualizaci\u00f3n del esp\u00edritu de su m\u00edtica serie, dirigiendo <em>Cuento de Navidad<\/em> (2005), uno de los seis t\u00edtulos que integraban la colecci\u00f3n. A\u00f1os despu\u00e9s, Plaza regres\u00f3 a ese imaginario como uno de los responsables de la nueva versi\u00f3n de <em>Historias para no dormir<\/em> producida en 2021, en la que firm\u00f3 el episodio <em>Freddy<\/em>, reafirmando as\u00ed un v\u00ednculo creativo que conecta de forma directa su obra con el legado del maestro.<\/p>\n<p><strong>\u00c9xito de convocatoria: m\u00e1s de 600 propuestas de 53 pa\u00edses<\/strong><\/p>\n<p>PUFA pondr\u00e1 fin el 30 de abril al plazo de recepci\u00f3n de propuestas para su tercera edici\u00f3n, tras el \u00e9xito de participaci\u00f3n en a\u00f1os anteriores, en los que se superaron sucesivamente las cifras de inscripci\u00f3n internacional. Para esta edici\u00f3n, el festival ha recibido cerca de 400 cortometrajes y m\u00e1s de 200 largometrajes procedentes de 53 pa\u00edses, entre ellos Espa\u00f1a (237), Estados Unidos (62), Francia (25), Argentina (22) y Brasil (21). De esta forma, PUFA consolida su apuesta por un cine de g\u00e9nero independiente, arriesgado y diverso.<\/p>\n<p>Los codirectores del festival, Daniel Farriol y David P\u00e9rez, subrayan el buen momento que atraviesa el certamen: &#8220;Estamos muy satisfechos con el crecimiento del festival a nivel internacional y con que las distribuidoras nos tengan en su radar y piensen en nosotros para presentar sus pel\u00edculas en Espa\u00f1a&#8221;, se\u00f1ala Farriol. Por su parte, P\u00e9rez destaca que &#8220;esta tercera edici\u00f3n es una prueba fehaciente de la afici\u00f3n por el cine fant\u00e1stico y de terror que existe en Valladolid y en toda la Comunidad&#8221;.<\/p>\n","protected":false},"excerpt":{"rendered":"<p>PUFA (Pucela Fant\u00e1stica).- Lleg\u00f3 uno de los momentos m\u00e1s esperados del a\u00f1o para los amantes del cine en Valladolid, sobre todo para aquellas y aquellos a los que les gustan las emociones fuertes: el Festival Internacional de Cine Fant\u00e1stico y de Terror de Valladolid (PUFA -Pucela Fant\u00e1stica-) desvela sus fechas, su cartel y sus principales [&hellip;]<\/p>\n","protected":false},"author":19,"featured_media":48282,"comment_status":"open","ping_status":"open","sticky":false,"template":"","format":"standard","meta":{"_acf_changed":false,"footnotes":""},"categories":[1,702,697],"tags":[3359,3360,1146,3364,3361,1654,3358,3362,3363,3365],"ppma_author":[705],"class_list":{"0":"post-48281","1":"post","2":"type-post","3":"status-publish","4":"format-standard","5":"has-post-thumbnail","7":"category-nacional","8":"category-ocio-y-cultura-valladolid","9":"category-valladolid","10":"tag-chicho-ibalez-serrador","11":"tag-chico-pufa","12":"tag-cine-valladolid","13":"tag-historias-para-no-dormir","14":"tag-paco-plaza","15":"tag-pucela-fantastica","16":"tag-pufa-2026","17":"tag-pufa-paco-plaza","18":"tag-pufa-premio-honor","19":"tag-quien-puede-matar-a-un-nino"},"acf":[],"authors":[{"term_id":705,"user_id":19,"is_guest":0,"slug":"redaccionvalladolid","display_name":"Redacci\u00f3n Valladolid","avatar_url":{"url":"https:\/\/social24horas.com\/contenidos\/uploads\/2024\/02\/redaccion-logo.webp","url2x":"https:\/\/social24horas.com\/contenidos\/uploads\/2024\/02\/redaccion-logo.webp"},"first_name":"","user_url":"","last_name":"","job_title":"","description":""}],"_links":{"self":[{"href":"https:\/\/social24horas.com\/api\/wp\/v2\/posts\/48281","targetHints":{"allow":["GET"]}}],"collection":[{"href":"https:\/\/social24horas.com\/api\/wp\/v2\/posts"}],"about":[{"href":"https:\/\/social24horas.com\/api\/wp\/v2\/types\/post"}],"author":[{"embeddable":true,"href":"https:\/\/social24horas.com\/api\/wp\/v2\/users\/19"}],"replies":[{"embeddable":true,"href":"https:\/\/social24horas.com\/api\/wp\/v2\/comments?post=48281"}],"version-history":[{"count":3,"href":"https:\/\/social24horas.com\/api\/wp\/v2\/posts\/48281\/revisions"}],"predecessor-version":[{"id":48286,"href":"https:\/\/social24horas.com\/api\/wp\/v2\/posts\/48281\/revisions\/48286"}],"wp:featuredmedia":[{"embeddable":true,"href":"https:\/\/social24horas.com\/api\/wp\/v2\/media\/48282"}],"wp:attachment":[{"href":"https:\/\/social24horas.com\/api\/wp\/v2\/media?parent=48281"}],"wp:term":[{"taxonomy":"category","embeddable":true,"href":"https:\/\/social24horas.com\/api\/wp\/v2\/categories?post=48281"},{"taxonomy":"post_tag","embeddable":true,"href":"https:\/\/social24horas.com\/api\/wp\/v2\/tags?post=48281"},{"taxonomy":"author","embeddable":true,"href":"https:\/\/social24horas.com\/api\/wp\/v2\/ppma_author?post=48281"}],"curies":[{"name":"wp","href":"https:\/\/api.w.org\/{rel}","templated":true}]}}