{"id":48277,"date":"2026-04-29T09:43:21","date_gmt":"2026-04-29T07:43:21","guid":{"rendered":"https:\/\/social24horas.com\/?p=48277"},"modified":"2026-04-29T09:43:21","modified_gmt":"2026-04-29T07:43:21","slug":"el-espinar-celebra-su-feria-de-ganado-vacuno-del-1-al-3-de-mayo-con-entrada-gratuita-y-actividades-para-toda-la-familia","status":"publish","type":"post","link":"https:\/\/social24horas.com\/el-espinar-celebra-su-feria-de-ganado-vacuno-del-1-al-3-de-mayo-con-entrada-gratuita-y-actividades-para-toda-la-familia\/","title":{"rendered":"El Espinar celebra su feria de ganado vacuno del 1 al 3 de mayo con entrada gratuita y actividades para toda la familia."},"content":{"rendered":"<p class=\"isSelectedEnd\">El M.I. Ayuntamiento de El Espinar organiza una nueva edici\u00f3n de la Feria de Ganado Vacuno, que se celebrar\u00e1 del 1 al 3 de mayo de 2026 en la Plaza de Toros de El Espinar (Segovia). La cita, con entrada gratuita y abierta a todos los p\u00fablicos, se consolida como uno de los encuentros ganaderos, comerciales y festivos m\u00e1s destacados de la comarca.<\/p>\n<p class=\"isSelectedEnd\">Durante tres jornadas, ganaderos, asociaciones del sector y visitantes podr\u00e1n disfrutar de la exposici\u00f3n y concurso de ejemplares de raza vacuna, con entrega de trofeos a los mejores animales de cada categor\u00eda, as\u00ed como una gran subasta de ganado prevista para el domingo 3 de mayo a las 13:00 horas.<\/p>\n<h2>Programa oficial de actividades<\/h2>\n<h3>Jueves 30 de abril<\/h3>\n<ul data-spread=\"false\">\n<li><strong>12:00 horas<\/strong>: Recepci\u00f3n de ganado en el recinto. Las tarjetas para participar en las subastas se entregar\u00e1n en los stands de las asociaciones ganaderas.<\/li>\n<\/ul>\n<h3>Viernes 1 de mayo<\/h3>\n<ul data-spread=\"false\">\n<li><strong>18:00 horas<\/strong>: Inauguraci\u00f3n oficial con autoridades municipales, amenizada por la Escuela de Dulzainas de San Rafael.<\/li>\n<\/ul>\n<h3>S\u00e1bado 2 de mayo<\/h3>\n<ul data-spread=\"false\">\n<li><strong>10:00 horas<\/strong>: Apertura de la Feria de Ganado y Feria de Muestras.<\/li>\n<li><strong>14:00 horas (aprox.)<\/strong>: Degustaci\u00f3n de hamburguesas a la plancha de carne IGP de \u00c1vila, amenizada por la charanga <em>El Boquer\u00f3n<\/em>. Donativo solidario de 1 euro a beneficio de la asociaci\u00f3n <em>Los Fuertes<\/em>. Colaboran HerasPro y Vicente Garc\u00eda.<\/li>\n<li><strong>18:30 horas<\/strong>: Concierto de <em>La Bandita<\/em>, con versiones de rock and roll.<\/li>\n<li><strong>21:00 horas<\/strong>: Cierre del recinto de exposici\u00f3n de ganado.<\/li>\n<\/ul>\n<h3>Domingo 3 de mayo<\/h3>\n<ul data-spread=\"false\">\n<li><strong>10:00 horas<\/strong>: Apertura de la Feria de Ganado y Feria de Muestras.<\/li>\n<li><strong>12:00 horas (aprox.)<\/strong>: Entrega de premios del concurso de dibujo infantil para ni\u00f1os de 5 a 11 a\u00f1os.<\/li>\n<li><strong>12:30 horas<\/strong>: Entrega de trofeos a los mejores ejemplares de cada raza.<\/li>\n<li><strong>13:00 horas<\/strong>: Gran subasta de ejemplares.<\/li>\n<li><strong>A continuaci\u00f3n<\/strong>: Concurso de porra de peso de ejemplar vacuno. Premio: un jam\u00f3n donado por Tienda El Ba\u00fal de Marta.<\/li>\n<li><strong>A continuaci\u00f3n<\/strong>: Cata de jam\u00f3n en el exterior de la plaza. Donativo solidario de 3 euros a beneficio de <em>Los Fuertes<\/em>.<\/li>\n<li><strong>A continuaci\u00f3n<\/strong>: Verm\u00fa musical con <em>De Artes<\/em>, en colaboraci\u00f3n con el grupo flamenco Danzartes.<\/li>\n<\/ul>\n<h2>Actividades infantiles<\/h2>\n<p class=\"isSelectedEnd\">Los m\u00e1s peque\u00f1os tambi\u00e9n contar\u00e1n con propuestas espec\u00edficas durante toda la feria:<\/p>\n<h3>Paseos en pony<\/h3>\n<ul data-spread=\"false\">\n<li>D\u00eda 1: de 17:00 a 20:00 horas<\/li>\n<li>D\u00eda 2: de 12:00 a 15:00 y de 17:00 a 20:00 horas<\/li>\n<li>D\u00eda 3: de 12:00 a 15:00 horas<\/li>\n<\/ul>\n<h3>Toro Mec\u00e1nico Infantil<\/h3>\n<ul data-spread=\"false\">\n<li>D\u00eda 2: de 12:00 a 14:00 y de 17:00 a 19:00 horas<\/li>\n<li>D\u00eda 3: de 12:00 a 14:00 horas<\/li>\n<\/ul>\n<h2>Feria de muestras y gastronom\u00eda local<\/h2>\n<p class=\"isSelectedEnd\">El recinto contar\u00e1 con servicio de restauraci\u00f3n con terraza, puestos comerciales y stands con productos locales de Segovia, convirtiendo el evento en un escaparate del comercio y la gastronom\u00eda de la provincia.<\/p>\n<h2>Concurso de fotograf\u00eda en redes sociales<\/h2>\n<p class=\"isSelectedEnd\">Durante los tres d\u00edas de feria se celebrar\u00e1 un concurso fotogr\u00e1fico en redes sociales. Para participar, los asistentes deber\u00e1n publicar sus im\u00e1genes en Facebook o Instagram con el hashtag oficial <strong>#FeriaGanadoElEspinar<\/strong>.<\/p>\n<p>La organizaci\u00f3n premiar\u00e1 las cinco mejores fotograf\u00edas con un lote de productos alimenticios.<\/p>\n","protected":false},"excerpt":{"rendered":"<p>El M.I. Ayuntamiento de El Espinar organiza una nueva edici\u00f3n de la Feria de Ganado Vacuno, que se celebrar\u00e1 del 1 al 3 de mayo de 2026 en la Plaza de Toros de El Espinar (Segovia). La cita, con entrada gratuita y abierta a todos los p\u00fablicos, se consolida como uno de los encuentros ganaderos, [&hellip;]<\/p>\n","protected":false},"author":18,"featured_media":48278,"comment_status":"open","ping_status":"open","sticky":false,"template":"","format":"standard","meta":{"_acf_changed":false,"footnotes":""},"categories":[391,385],"tags":[1457,325,1094],"ppma_author":[394],"class_list":{"0":"post-48277","1":"post","2":"type-post","3":"status-publish","4":"format-standard","5":"has-post-thumbnail","7":"category-ocio-y-cultura-segovia","8":"category-segovia","9":"tag-el-espinar","10":"tag-familia","11":"tag-feria"},"acf":[],"authors":[{"term_id":394,"user_id":18,"is_guest":0,"slug":"redaccionsegovia","display_name":"Redacci\u00f3n Segovia","avatar_url":{"url":"https:\/\/social24horas.com\/contenidos\/uploads\/2024\/02\/redaccion-logo.webp","url2x":"https:\/\/social24horas.com\/contenidos\/uploads\/2024\/02\/redaccion-logo.webp"},"first_name":"","user_url":"","last_name":"","job_title":"","description":""}],"_links":{"self":[{"href":"https:\/\/social24horas.com\/api\/wp\/v2\/posts\/48277","targetHints":{"allow":["GET"]}}],"collection":[{"href":"https:\/\/social24horas.com\/api\/wp\/v2\/posts"}],"about":[{"href":"https:\/\/social24horas.com\/api\/wp\/v2\/types\/post"}],"author":[{"embeddable":true,"href":"https:\/\/social24horas.com\/api\/wp\/v2\/users\/18"}],"replies":[{"embeddable":true,"href":"https:\/\/social24horas.com\/api\/wp\/v2\/comments?post=48277"}],"version-history":[{"count":1,"href":"https:\/\/social24horas.com\/api\/wp\/v2\/posts\/48277\/revisions"}],"predecessor-version":[{"id":48279,"href":"https:\/\/social24horas.com\/api\/wp\/v2\/posts\/48277\/revisions\/48279"}],"wp:featuredmedia":[{"embeddable":true,"href":"https:\/\/social24horas.com\/api\/wp\/v2\/media\/48278"}],"wp:attachment":[{"href":"https:\/\/social24horas.com\/api\/wp\/v2\/media?parent=48277"}],"wp:term":[{"taxonomy":"category","embeddable":true,"href":"https:\/\/social24horas.com\/api\/wp\/v2\/categories?post=48277"},{"taxonomy":"post_tag","embeddable":true,"href":"https:\/\/social24horas.com\/api\/wp\/v2\/tags?post=48277"},{"taxonomy":"author","embeddable":true,"href":"https:\/\/social24horas.com\/api\/wp\/v2\/ppma_author?post=48277"}],"curies":[{"name":"wp","href":"https:\/\/api.w.org\/{rel}","templated":true}]}}