{"id":48264,"date":"2026-04-28T18:46:26","date_gmt":"2026-04-28T16:46:26","guid":{"rendered":"https:\/\/social24horas.com\/?p=48264"},"modified":"2026-04-28T19:34:30","modified_gmt":"2026-04-28T17:34:30","slug":"radio-kuko-agitacion-en-las-ondas-buscando-la-reaccion-de-los-movimientos-sociales","status":"publish","type":"post","link":"https:\/\/social24horas.com\/radio-kuko-agitacion-en-las-ondas-buscando-la-reaccion-de-los-movimientos-sociales\/","title":{"rendered":"Radio Kuko: agitaci\u00f3n en las ondas buscando la reacci\u00f3n de los movimientos sociales"},"content":{"rendered":"<p>Parte de los movimientos sociales pucelanos detectan cierta fatiga en la militancia, pero no dejan de aparecer nuevas propuestas para unirse, intercambiar malestares y proyectos y discutir las realidades que golpean a la poblaci\u00f3n.<\/p>\n<p>Tambi\u00e9n hay que crear, por supuesto, de eso se trata, y divulgar contenidos relevantes para las vecinas y los vecinos. <a href=\"https:\/\/www.instagram.com\/radiokuko\/\" target=\"_blank\" rel=\"noopener\">Radio Kuko<\/a> lo lleva a la pr\u00e1ctica este s\u00e1bado 2 de mayo en La Rata Roja (c\/ San Mart\u00edn, 23), y lo envuelve todo en una tarde festiva (Reggae Party) que desde las 13:00 tendr\u00e1 a los ritmos de Mr. Benito Playmaker y Dj Calambres como protagonistas.<\/p>\n<p>El evento (fiesta recaudatoria) est\u00e1 pensado como punto de partida, como pistoletazo de salida hacia la autogesti\u00f3n de unas futuras citas, posiblemente programadas para junio, si todo va bien, en colaboraci\u00f3n con colectivos locales. Hay que reflexionar sobre la pesadumbre y la desidia en la ciudadan\u00eda, y las acciones para combatir este fen\u00f3meno desde lo comunitario.<\/p>\n<p>\u201cLos espacios de encuentro y de autogesti\u00f3n nos sirven para tantearnos y para saber las unas de las otras\u201d, cuentan desde <a href=\"https:\/\/www.ivoox.com\/escuchar-radio-kuko_nq_693490_1.html\" target=\"_blank\" rel=\"noopener\">Radio Kuko<\/a>. Buscan, adem\u00e1s, \u201ccrear comunidad en torno a la independencia econ\u00f3mica, generando red con la puesta en marcha de proyectos creativos, cre\u00edbles y honestos con la sociedad en la que vivimos: ser conscientes de lo que nos ahoga y apoyarnos para soportarlo\u201d.<\/p>\n<p>\u201cVerm\u00fa apoyo a las radios libres\u201d, es el subt\u00edtulo elegido para el evento, porque desde Radio Kuko hacen, a su vez, un llamamiento a agitar las ondas y a crear todo tipo de contenidos radiof\u00f3nicos que reactiven a los movimientos sociales. Buscan reimpulsar el fen\u00f3meno de las radios libres en Valladolid, ahora que una herramienta como el podcast ayuda tanto en las labores de creaci\u00f3n como en las de difusi\u00f3n.<\/p>\n<p>Las radios libres (emisoras normalmente comunitarias, sin \u00e1nimo de lucro, asociativas, muchas de ellas organizadas en torno a un movimiento asamblearios, algunas incluso clandestinas) se han encargado, desde siempre, de diversificar los mensajes y los discursos y de servir como contrapunto de las directrices de los grandes grupos de comunicaci\u00f3n. Lo hacen desde la cultura <em>underground<\/em>, desde la lucha de clases y desde la originalidad sin ataduras que permite la independencia.<\/p>\n<p>Perfectos ejemplos son las madrile\u00f1as Radio Utop\u00eda, Radio Enlace, Radio Vallekas o Radio Carcoma. Tambi\u00e9n Valladolid tuvo sus buenos tiempos con la llegada de Onda Verde o con los dieciseis a\u00f1os de emisiones de Onda Expansiva. La radio K Jabal\u00ed es uno de los estandartes actualmente dentro del \u00e1mbito regional (emiten desde Tabanera de Cerrato -Palencia-).<\/p>\n<p><strong>La programaci\u00f3n de Radio Kuko: an\u00e1lisis y compromiso<\/strong><\/p>\n<p><a href=\"https:\/\/radiokuko.noblogs.org\/\" target=\"_blank\" rel=\"noopener\">Radio Kuko<\/a> naci\u00f3 hace ya m\u00e1s de un lustro. Se definen como m\u00e9todo alternativo a la desinformaci\u00f3n que nos atraviesa diariamente, y trabajan para contar una realidad objetiva a pie de calle, desde la clase trabajadora.<\/p>\n<figure id=\"attachment_48270\" aria-describedby=\"caption-attachment-48270\" style=\"width: 1024px\" class=\"wp-caption alignright\"><img data-dominant-color=\"716356\" data-has-transparency=\"false\" style=\"--dominant-color: #716356;\" loading=\"lazy\" loading=\"lazy\" decoding=\"async\" class=\"size-large wp-image-48270 not-transparent\" src=\"https:\/\/social24horas.com\/contenidos\/uploads\/2026\/04\/551fa5e4-8b95-499b-90db-db10099df709-1024x818.avif\" alt=\"Emisi\u00f3n de uno de los programas de Radio Kuko\" width=\"1024\" height=\"818\" \/><figcaption id=\"caption-attachment-48270\" class=\"wp-caption-text\">Emisi\u00f3n de uno de los programas de Radio Kuko<\/figcaption><\/figure>\n<p>En su programaci\u00f3n pueden encontrarse programas como <a href=\"https:\/\/www.ivoox.com\/podcast-kiskillosa_sq_f11463678_1.html\" target=\"_blank\" rel=\"noopener\">La Kiskillosa<\/a> (han hablado de alternativas autogestionadas frente al sistema de salud mental, de c\u00e1rceles de menores o de diversos conflictos laborales) y <a href=\"https:\/\/www.ivoox.com\/podcast-sopas-sorber_sq_f1865823_1.html\" target=\"_blank\" rel=\"noopener\">Sopas y Sorber<\/a> (han tocado temas como el activismo transfeminista, el anticapitalismo y el f\u00fatbol-negocio).<\/p>\n<p><strong>V.D.L.<\/strong><\/p>\n","protected":false},"excerpt":{"rendered":"<p>Parte de los movimientos sociales pucelanos detectan cierta fatiga en la militancia, pero no dejan de aparecer nuevas propuestas para unirse, intercambiar malestares y proyectos y discutir las realidades que golpean a la poblaci\u00f3n. Tambi\u00e9n hay que crear, por supuesto, de eso se trata, y divulgar contenidos relevantes para las vecinas y los vecinos. Radio [&hellip;]<\/p>\n","protected":false},"author":19,"featured_media":48265,"comment_status":"open","ping_status":"open","sticky":false,"template":"","format":"standard","meta":{"_acf_changed":false,"footnotes":""},"categories":[698,1,697],"tags":[3353,3355,3354,2509,1331,3352,3356],"ppma_author":[705],"class_list":{"0":"post-48264","1":"post","2":"type-post","3":"status-publish","4":"format-standard","5":"has-post-thumbnail","7":"category-asociaciones-valladolid","8":"category-nacional","9":"category-valladolid","10":"tag-colectivos-sociales-valladolid","11":"tag-kiskillosa","12":"tag-la-rata-roja","13":"tag-movimientos-sociales-valladolid","14":"tag-radio-kuko","15":"tag-radios-libres","16":"tag-sopas-y-sorber"},"acf":[],"authors":[{"term_id":705,"user_id":19,"is_guest":0,"slug":"redaccionvalladolid","display_name":"Redacci\u00f3n Valladolid","avatar_url":{"url":"https:\/\/social24horas.com\/contenidos\/uploads\/2024\/02\/redaccion-logo.webp","url2x":"https:\/\/social24horas.com\/contenidos\/uploads\/2024\/02\/redaccion-logo.webp"},"first_name":"","user_url":"","last_name":"","job_title":"","description":""}],"_links":{"self":[{"href":"https:\/\/social24horas.com\/api\/wp\/v2\/posts\/48264","targetHints":{"allow":["GET"]}}],"collection":[{"href":"https:\/\/social24horas.com\/api\/wp\/v2\/posts"}],"about":[{"href":"https:\/\/social24horas.com\/api\/wp\/v2\/types\/post"}],"author":[{"embeddable":true,"href":"https:\/\/social24horas.com\/api\/wp\/v2\/users\/19"}],"replies":[{"embeddable":true,"href":"https:\/\/social24horas.com\/api\/wp\/v2\/comments?post=48264"}],"version-history":[{"count":4,"href":"https:\/\/social24horas.com\/api\/wp\/v2\/posts\/48264\/revisions"}],"predecessor-version":[{"id":48271,"href":"https:\/\/social24horas.com\/api\/wp\/v2\/posts\/48264\/revisions\/48271"}],"wp:featuredmedia":[{"embeddable":true,"href":"https:\/\/social24horas.com\/api\/wp\/v2\/media\/48265"}],"wp:attachment":[{"href":"https:\/\/social24horas.com\/api\/wp\/v2\/media?parent=48264"}],"wp:term":[{"taxonomy":"category","embeddable":true,"href":"https:\/\/social24horas.com\/api\/wp\/v2\/categories?post=48264"},{"taxonomy":"post_tag","embeddable":true,"href":"https:\/\/social24horas.com\/api\/wp\/v2\/tags?post=48264"},{"taxonomy":"author","embeddable":true,"href":"https:\/\/social24horas.com\/api\/wp\/v2\/ppma_author?post=48264"}],"curies":[{"name":"wp","href":"https:\/\/api.w.org\/{rel}","templated":true}]}}