{"id":47836,"date":"2026-03-17T09:51:45","date_gmt":"2026-03-17T08:51:45","guid":{"rendered":"https:\/\/social24horas.com\/?p=47836"},"modified":"2026-03-17T20:06:33","modified_gmt":"2026-03-17T19:06:33","slug":"la-universidad-de-leon-destaca-el-papel-de-los-futuros-trabajadores-sociales-en-la-construccion-de-una-sociedad-mas-justa","status":"publish","type":"post","link":"https:\/\/social24horas.com\/la-universidad-de-leon-destaca-el-papel-de-los-futuros-trabajadores-sociales-en-la-construccion-de-una-sociedad-mas-justa\/","title":{"rendered":"La Universidad de Le\u00f3n destaca el papel de los futuros trabajadores sociales en la construcci\u00f3n de una sociedad m\u00e1s justa"},"content":{"rendered":"<p>La\u00a0<strong>Escuela de Trabajo Social de la Universidad de Le\u00f3n<\/strong>\u00a0y el Colegio Oficial de Trabajo Social de Le\u00f3n se suman a la conmemoraci\u00f3n del D\u00eda Mundial del Trabajo Social, que se celebra el pr\u00f3ximo 17 de marzo, con un programa de actividades abierto a la ciudadan\u00eda que busca\u00a0<strong>poner en valor el papel de esta profesi\u00f3n<\/strong>\u00a0en la construcci\u00f3n de sociedades m\u00e1s justas, cohesionadas y solidarias.<\/p>\n<p>La celebraci\u00f3n de este a\u00f1o se articula en torno al lema\u00a0<strong>\u2018Construir esperanza y armon\u00eda\u2019<\/strong>, una invitaci\u00f3n a reforzar el compromiso colectivo, la solidaridad y la cooperaci\u00f3n social como herramientas fundamentales para afrontar los retos de nuestro tiempo. En un contexto marcado por desigualdades sociales, crisis econ\u00f3micas o transformaciones demogr\u00e1ficas, el trabajo social desempe\u00f1a un papel esencial en la promoci\u00f3n del bienestar, la defensa de los derechos humanos y el acompa\u00f1amiento a las personas y comunidades en situaciones de vulnerabilidad.<\/p>\n<p>Desde la Escuela de Trabajo Social de la Universidad de Le\u00f3n destacan que esta jornada permite tambi\u00e9n reivindicar el valor de los estudios universitarios en este \u00e1mbito y la importancia de formar a profesionales capaces de afrontar los desaf\u00edos sociales actuales desde una perspectiva \u00e9tica, cr\u00edtica y comprometida. En este sentido, subrayan que el trabajo social constituye una herramienta clave para fortalecer los sistemas de protecci\u00f3n social, impulsar redes de apoyo comunitario y contribuir a la construcci\u00f3n de sociedades m\u00e1s inclusivas y solidarias.<\/p>\n<p>El programa de actividades combina reflexi\u00f3n, cultura y di\u00e1logo social con el objetivo de acercar a la ciudadan\u00eda la labor que desarrollan los y las profesionales del trabajo social. Las actividades comenzaron con dos sesiones de cine social en el Teatro San Francisco, donde se proyectaron las <strong>pel\u00edculas\u00a0<em>Harta<\/em>,\u00a0 y <em>Votemos<\/em><\/strong>. Ambas proyecciones fueron precedidas por un coloquio abierto al p\u00fablico en el que se abordaron algunas de las problem\u00e1ticas sociales que reflejan las pel\u00edculas y el papel que desempe\u00f1a el trabajo social en su abordaje.<\/p>\n<p><img data-dominant-color=\"d09a39\" data-has-transparency=\"false\" style=\"--dominant-color: #d09a39;\" loading=\"lazy\" loading=\"lazy\" decoding=\"async\" class=\"aligncenter size-large wp-image-47838 not-transparent\" src=\"https:\/\/social24horas.com\/contenidos\/uploads\/2026\/03\/20260317-dia-mundial-trabajo-social-1024x576.avif\" alt=\"20260317-dia-mundial-trabajo-social\" width=\"1024\" height=\"576\" \/><\/p>\n<p>El acto central tendr\u00e1 lugar hoy17 de marzo en el Palacio del Conde Luna con la mesa redonda <strong>\u2018Harambee en acci\u00f3n: trabajo social y compromiso colectivo\u2019<\/strong>, un espacio de encuentro que reunir\u00e1 a profesionales, docentes y representantes del \u00e1mbito social para reflexionar sobre la importancia de la cooperaci\u00f3n y el trabajo comunitario en la construcci\u00f3n de respuestas a los desaf\u00edos sociales actuales.<\/p>\n<p>El D\u00eda Mundial del Trabajo Social constituye una oportunidad para visibilizar la labor de una profesi\u00f3n clave en el fortalecimiento de los servicios sociales, la promoci\u00f3n de la igualdad de oportunidades y la defensa de los derechos humanos. Desde su primera celebraci\u00f3n en\u00a0<strong>2007<\/strong>, esta efem\u00e9ride se ha consolidado como un espacio de reflexi\u00f3n internacional sobre el papel del trabajo social en el desarrollo de sociedades m\u00e1s inclusivas y sostenibles.<\/p>\n<figure id=\"attachment_47839\" aria-describedby=\"caption-attachment-47839\" style=\"width: 720px\" class=\"wp-caption aligncenter\"><img data-dominant-color=\"d8c6a1\" data-has-transparency=\"false\" style=\"--dominant-color: #d8c6a1;\" loading=\"lazy\" loading=\"lazy\" decoding=\"async\" class=\"size-full wp-image-47839 not-transparent\" src=\"https:\/\/social24horas.com\/contenidos\/uploads\/2026\/03\/Cartel-Dia-Mundial-Trabajo-Social.avif\" alt=\"Cartel D\u00eda Mundial Trabajo Social\" width=\"720\" height=\"1018\" \/><figcaption id=\"caption-attachment-47839\" class=\"wp-caption-text\">Cartel D\u00eda Mundial Trabajo Social<\/figcaption><\/figure>\n","protected":false},"excerpt":{"rendered":"<p>La\u00a0Escuela de Trabajo Social de la Universidad de Le\u00f3n\u00a0y el Colegio Oficial de Trabajo Social de Le\u00f3n se suman a la conmemoraci\u00f3n del D\u00eda Mundial del Trabajo Social, que se celebra el pr\u00f3ximo 17 de marzo, con un programa de actividades abierto a la ciudadan\u00eda que busca\u00a0poner en valor el papel de esta profesi\u00f3n\u00a0en la [&hellip;]<\/p>\n","protected":false},"author":3,"featured_media":47837,"comment_status":"open","ping_status":"open","sticky":false,"template":"","format":"standard","meta":{"_acf_changed":false,"footnotes":""},"categories":[329],"tags":[340,650,318],"ppma_author":[32],"class_list":{"0":"post-47836","1":"post","2":"type-post","3":"status-publish","4":"format-standard","5":"has-post-thumbnail","7":"category-bienestar-social-leon","8":"tag-dia-mundial","9":"tag-trabajo-social","10":"tag-ule"},"acf":[],"authors":[{"term_id":32,"user_id":3,"is_guest":0,"slug":"redaccionleon","display_name":"Redacci\u00f3n Le\u00f3n","avatar_url":{"url":"https:\/\/social24horas.com\/contenidos\/uploads\/2024\/02\/redaccion-logo.webp","url2x":"https:\/\/social24horas.com\/contenidos\/uploads\/2024\/02\/redaccion-logo.webp"},"first_name":"","user_url":"","last_name":"","job_title":"","description":""}],"_links":{"self":[{"href":"https:\/\/social24horas.com\/api\/wp\/v2\/posts\/47836","targetHints":{"allow":["GET"]}}],"collection":[{"href":"https:\/\/social24horas.com\/api\/wp\/v2\/posts"}],"about":[{"href":"https:\/\/social24horas.com\/api\/wp\/v2\/types\/post"}],"author":[{"embeddable":true,"href":"https:\/\/social24horas.com\/api\/wp\/v2\/users\/3"}],"replies":[{"embeddable":true,"href":"https:\/\/social24horas.com\/api\/wp\/v2\/comments?post=47836"}],"version-history":[{"count":1,"href":"https:\/\/social24horas.com\/api\/wp\/v2\/posts\/47836\/revisions"}],"predecessor-version":[{"id":47840,"href":"https:\/\/social24horas.com\/api\/wp\/v2\/posts\/47836\/revisions\/47840"}],"wp:featuredmedia":[{"embeddable":true,"href":"https:\/\/social24horas.com\/api\/wp\/v2\/media\/47837"}],"wp:attachment":[{"href":"https:\/\/social24horas.com\/api\/wp\/v2\/media?parent=47836"}],"wp:term":[{"taxonomy":"category","embeddable":true,"href":"https:\/\/social24horas.com\/api\/wp\/v2\/categories?post=47836"},{"taxonomy":"post_tag","embeddable":true,"href":"https:\/\/social24horas.com\/api\/wp\/v2\/tags?post=47836"},{"taxonomy":"author","embeddable":true,"href":"https:\/\/social24horas.com\/api\/wp\/v2\/ppma_author?post=47836"}],"curies":[{"name":"wp","href":"https:\/\/api.w.org\/{rel}","templated":true}]}}