{"id":47806,"date":"2026-03-16T16:14:17","date_gmt":"2026-03-16T15:14:17","guid":{"rendered":"https:\/\/social24horas.com\/?p=47806"},"modified":"2026-03-16T16:24:30","modified_gmt":"2026-03-16T15:24:30","slug":"30o-aniversario-de-la-habitacion-roja-memorias-de-subterfugio-y-radiola-pero-mirada-al-frente","status":"publish","type":"post","link":"https:\/\/social24horas.com\/30o-aniversario-de-la-habitacion-roja-memorias-de-subterfugio-y-radiola-pero-mirada-al-frente\/","title":{"rendered":"30\u00ba aniversario de La Habitaci\u00f3n Roja: memorias de Subterfugio y Radiola pero mirada al frente"},"content":{"rendered":"<p>Treinta a\u00f1os haciendo m\u00fasica es un hito que hay que celebrar con purpurina, bocinas, petardos y una masclet\u00e1 si es necesario. Entre el p\u00fablico vallisoletano de La Habitaci\u00f3n Roja, los invitados a esta fiesta de cumplea\u00f1os, hab\u00eda nuevos amigos; seguidores de segunda generaci\u00f3n que se han ido subiendo al tren sobre la marcha, y sobre todo grupos de fans incondicionales que igual que estaban en el Carri\u00f3n estuvieron en su momento en Subterfugio o en Radiola (hace ya un buen tiempo que ninguna de las dos salas existe).<\/p>\n<p>Ambas visitas, hace siglos, las recuerda perfectamente Jorge Mart\u00ed. Se acordaba (as\u00ed lo cont\u00f3 sobre el escenario el pasado viernes) incluso de que en Subterfugio hab\u00eda que bajar unas escaleras, y que aquella vez, cuando llegaban para presentar <em>El hombre del espacio interior<\/em> y el resto de temas del \u00e1lbum <a href=\"https:\/\/open.spotify.com\/album\/2g3jbgFv9cfywxVUl4itSz?si=e0KhBVMJRHi5bn8-RNc1TA\" target=\"_blank\" rel=\"noopener\"><em>Radio<\/em><\/a> (2001), juntaron a unas ochenta o cien personas.<\/p>\n<p>Canciones imborrables en la biograf\u00eda de La Habitaci\u00f3n Roja fueron surgiendo con cierto rigor cronol\u00f3gico: idas y venidas de Noruega a Valencia con atm\u00f3sferas \u00fanicas como las que crearon cuando lleg\u00f3 la hora de <em>Mi habitaci\u00f3n<\/em> (arrancaron con ella), <em>Fot\u00f3grafo del alma<\/em> o <em>Indestructibles<\/em>. Todos esos hits sonaron como nunca y al mismo tiempo como la primera vez.<\/p>\n<p>Hubo recuerdo especial para el productor Steve Albini (1962-2024), responsable del sonido de algunos discos de Pixies, Nirvana, Jarvis Cocker o PJ Harvey, con quien grabaron en Chicago el larga duraci\u00f3n <a href=\"https:\/\/open.spotify.com\/album\/2LHQ4R53oFqrTfQN4tXNe0?si=mWbEOqOHT9e70-UP7AvREQ\" target=\"_blank\" rel=\"noopener\"><em>Nuevos tiempos<\/em><\/a> (2005): en vivo no suelen faltar registros de ese trabajo como <em>Nunca ganaremos el mundial<\/em>, <em>Van a por nosotros<\/em> o <em>El eje del mal<\/em>.<\/p>\n<p>Veinticinco a\u00f1os han pasado (igual que de aquella visita a Subterfugio) desde que, en 2001, Jorge Mart\u00ed compr\u00f3 a Quique Tarras\u00f3, de <a href=\"https:\/\/open.spotify.com\/intl-es\/artist\/7a1hhfBHEkYb1Ltm5dpupo?si=wrwVD33MQiqbnAdFtjogAw\" target=\"_blank\" rel=\"noopener\">Girasoules<\/a> (<em>Vale la pena<\/em>, <em>Te parece bonito<\/em>), una guitarra Rickenbaker 330 y un amplificador AC 30. La an\u00e9cdota no tendr\u00eda mayor recorrido si no fuera porque ese mismo a\u00f1o Tarras\u00f3 fue padre de un ni\u00f1o llamado Mart\u00edn, hoy vocalista de <a href=\"https:\/\/open.spotify.com\/intl-es\/track\/51Kas6UlMeT9hYqM05wDHu?si=0a22c156ceaa4e66\" target=\"_blank\" rel=\"noopener\">Tenda<\/a>, la banda que abri\u00f3 la noche teloneando a La Habitaci\u00f3n Roja. Se trata, por tanto, de una guitarra que une dos familias, dos generaciones y tres bandas, y que sigue sonando por salas de la geograf\u00eda nacional.<\/p>\n<figure id=\"attachment_47808\" aria-describedby=\"caption-attachment-47808\" style=\"width: 1024px\" class=\"wp-caption alignnone\"><img data-dominant-color=\"324096\" data-has-transparency=\"false\" style=\"--dominant-color: #324096;\" loading=\"lazy\" loading=\"lazy\" decoding=\"async\" class=\"size-large wp-image-47808 not-transparent\" src=\"https:\/\/social24horas.com\/contenidos\/uploads\/2026\/03\/tenda-LHR-Lina-Vergara-1024x713.avif\" alt=\"Jorge Mart\u00ed fue ovacionado al salir al escenario para cantar una canci\u00f3n con Tenda, grupo que teloneaba a La Habitaci\u00f3n Roja. Foto: Lina Vergara\" width=\"1024\" height=\"713\" \/><figcaption id=\"caption-attachment-47808\" class=\"wp-caption-text\">Tenda, grupo que teloneaba a La Habitaci\u00f3n Roja, present\u00f3 las canciones de <em>Patrick<\/em>, su tercer LP, publicado el a\u00f1o pasado. Foto: Lina Vergara<\/figcaption><\/figure>\n<p>Jorge Mart\u00ed tuvo el buen detalle de salir a cantar una canci\u00f3n con Mart\u00edn, arropando a un cuarteto que rindi\u00f3 a un gran nivel y que seguro que se va a quedar en la base de datos de todos los asistentes (fueron seguidos con atenci\u00f3n mientras se iba llenando la sala).<\/p>\n<p>En los bises, nueva dosis de memoria (<em>Nuevos rom\u00e1nticos <\/em>y un ramillete m\u00e1s) y un terap\u00e9utico ba\u00f1o de masas. Casi con total seguridad todos los presentes en el Carri\u00f3n la noche del viernes hayan pasado junto a la familia de La Habitaci\u00f3n Roja los mejores a\u00f1os de su vida. Ahora hay que mirar hacia el frente. Todos. Pronto llegar\u00e1n nuevas e ilusionantes grabaciones y, es de esperar, m\u00e1s visitas a Valladolid, quiz\u00e1 para actuar en salas que todav\u00eda no existen.<\/p>\n<figure id=\"attachment_47809\" aria-describedby=\"caption-attachment-47809\" style=\"width: 1024px\" class=\"wp-caption alignnone\"><img data-dominant-color=\"9d3936\" data-has-transparency=\"false\" style=\"--dominant-color: #9d3936;\" loading=\"lazy\" loading=\"lazy\" decoding=\"async\" class=\"size-large wp-image-47809 not-transparent\" src=\"https:\/\/social24horas.com\/contenidos\/uploads\/2026\/03\/2LHR-Lina-Vergara-1024x768.avif\" alt=\"\" width=\"1024\" height=\"768\" \/><figcaption id=\"caption-attachment-47809\" class=\"wp-caption-text\">La Habitaci\u00f3n Roja celebr\u00f3 su 30\u00ba aniversario junto a sus fans durante dos horas en el teatro Carri\u00f3n. Foto: Lina Vergara<\/figcaption><\/figure>\n<p><strong>V.D.L.<\/strong><\/p>\n","protected":false},"excerpt":{"rendered":"<p>Treinta a\u00f1os haciendo m\u00fasica es un hito que hay que celebrar con purpurina, bocinas, petardos y una masclet\u00e1 si es necesario. Entre el p\u00fablico vallisoletano de La Habitaci\u00f3n Roja, los invitados a esta fiesta de cumplea\u00f1os, hab\u00eda nuevos amigos; seguidores de segunda generaci\u00f3n que se han ido subiendo al tren sobre la marcha, y sobre [&hellip;]<\/p>\n","protected":false},"author":19,"featured_media":47807,"comment_status":"open","ping_status":"open","sticky":false,"template":"","format":"standard","meta":{"_acf_changed":false,"footnotes":""},"categories":[1,702,697],"tags":[3104,3148,3147,3146,3105,3100,3102],"ppma_author":[705],"class_list":{"0":"post-47806","1":"post","2":"type-post","3":"status-publish","4":"format-standard","5":"has-post-thumbnail","7":"category-nacional","8":"category-ocio-y-cultura-valladolid","9":"category-valladolid","10":"tag-fotografo-del-alma","11":"tag-habitacion-roja-concierto","12":"tag-hombre-espacio-interior","13":"tag-indestructibles","14":"tag-jorge-marti","15":"tag-la-habitacion-roja","16":"tag-teatro-carrion"},"acf":[],"authors":[{"term_id":705,"user_id":19,"is_guest":0,"slug":"redaccionvalladolid","display_name":"Redacci\u00f3n Valladolid","avatar_url":{"url":"https:\/\/social24horas.com\/contenidos\/uploads\/2024\/02\/redaccion-logo.webp","url2x":"https:\/\/social24horas.com\/contenidos\/uploads\/2024\/02\/redaccion-logo.webp"},"first_name":"","user_url":"","last_name":"","job_title":"","description":""}],"_links":{"self":[{"href":"https:\/\/social24horas.com\/api\/wp\/v2\/posts\/47806","targetHints":{"allow":["GET"]}}],"collection":[{"href":"https:\/\/social24horas.com\/api\/wp\/v2\/posts"}],"about":[{"href":"https:\/\/social24horas.com\/api\/wp\/v2\/types\/post"}],"author":[{"embeddable":true,"href":"https:\/\/social24horas.com\/api\/wp\/v2\/users\/19"}],"replies":[{"embeddable":true,"href":"https:\/\/social24horas.com\/api\/wp\/v2\/comments?post=47806"}],"version-history":[{"count":3,"href":"https:\/\/social24horas.com\/api\/wp\/v2\/posts\/47806\/revisions"}],"predecessor-version":[{"id":47813,"href":"https:\/\/social24horas.com\/api\/wp\/v2\/posts\/47806\/revisions\/47813"}],"wp:featuredmedia":[{"embeddable":true,"href":"https:\/\/social24horas.com\/api\/wp\/v2\/media\/47807"}],"wp:attachment":[{"href":"https:\/\/social24horas.com\/api\/wp\/v2\/media?parent=47806"}],"wp:term":[{"taxonomy":"category","embeddable":true,"href":"https:\/\/social24horas.com\/api\/wp\/v2\/categories?post=47806"},{"taxonomy":"post_tag","embeddable":true,"href":"https:\/\/social24horas.com\/api\/wp\/v2\/tags?post=47806"},{"taxonomy":"author","embeddable":true,"href":"https:\/\/social24horas.com\/api\/wp\/v2\/ppma_author?post=47806"}],"curies":[{"name":"wp","href":"https:\/\/api.w.org\/{rel}","templated":true}]}}