{"id":47797,"date":"2026-03-13T18:40:16","date_gmt":"2026-03-13T17:40:16","guid":{"rendered":"https:\/\/social24horas.com\/?p=47797"},"modified":"2026-03-19T09:19:24","modified_gmt":"2026-03-19T08:19:24","slug":"trescientos-sesenta-ninos-de-distintos-puntos-de-la-provincia-disfrutan-del-atletismo-y-el-padel-en-nuevas-competiciones-del-deporte-en-edad-escolar","status":"publish","type":"post","link":"https:\/\/social24horas.com\/trescientos-sesenta-ninos-de-distintos-puntos-de-la-provincia-disfrutan-del-atletismo-y-el-padel-en-nuevas-competiciones-del-deporte-en-edad-escolar\/","title":{"rendered":"360 ni\u00f1os de la provincia disfrutan del atletismo y el p\u00e1del en nuevas competiciones del Deporte en Edad Escolar"},"content":{"rendered":"<p>Los m\u00e1s peque\u00f1os de todo el territorio segoviano siguen aprovechando las oportunidades de disfrute en torno a la actividad f\u00edsica que les propone a lo largo de todo el curso el programa de Deporte en Edad Escolar que organiza la Diputaci\u00f3n de Segovia. Y alrededor de trescientos sesenta j\u00f3venes deportistas participaban en las competiciones que se disputaban el pasado fin de semana.<\/p>\n<p>En primer lugar, ten\u00eda lugar la primera jornada de atletismo en pista que, en la tarde del s\u00e1bado 7 de marzo reun\u00eda a m\u00e1s de cien escolares de toda la provincia, reservando a los de la capital la ma\u00f1ana del domingo, 8 de marzo, con la concurrencia de 128 atletas. Ese mismo d\u00eda, sesenta parejas participaban en la Final Provincial de P\u00e1del. Por tanto, otros 132 deportistas, tanto de modalidad masculina como femenina, repartidos en los cuadros de las categor\u00edas benjam\u00edn, alev\u00edn, infantil, cadete y juvenil.<\/p>\n<p>En benjam\u00edn masculino, la victoria fue para Pelayo Osuna y Gael \u00c1lvarez, de Hontanares de Eresma, tras derrotar en la final por 1-6 a Hugo Velasco y Mario Sanz, de Navas de Oro. La final de consolaci\u00f3n se la adjudicaron Ander Pascual y Mauro Sastre, de Samboal, ganando 6-5 a Jorge S\u00e1ez y Sergio Gil, de Palazuelos de Eresma. En benjam\u00edn femenino, Andrea Sanz y Emilia Sanz, de La Lastrilla, se adjudicaron el triunfo por 3-6 ante Amaya Baeza y Alen Simon, de Navas de Oro.<\/p>\n<p>En el cuadro alev\u00edn masculino, conclu\u00edan como campeones Cayetano Palomo y Bruno Cabezas, de El Espinar-San Rafael, al vencer por 6-1 a Sergio Mamani y Hugo Carboneras, del mismo municipio. En la final de consolaci\u00f3n, se impon\u00eda la pareja tambi\u00e9n espinariega formada por Carletes Z\u00e1rate y Aleix Gil, que venc\u00edan 3-6 a Diego L\u00f3pez y \u00c1lex Sanz, de La Lastrilla. En alev\u00edn femenino, victoria para Julia L\u00f3pez y Ainara Pascual, de La Lastrilla, que firmaron un 4-6 en la final frente a Lidia Garc\u00eda y Paula Yag\u00fce, de Espirdo; mientras que, en la final de consolaci\u00f3n, fue la pareja de Emma S\u00e1nchez y Noa Rinc\u00f3n, de Palazuelos de Eresma, las que ganaron 5-6 a In\u00e9s Manso y Manuela Manso, de Valverde del Majano.<\/p>\n<p>En infantil masculino, la competici\u00f3n dej\u00f3 a Mario Cabezas y Alfredo Garc\u00eda, de El Espinar-San Rafael, como vencedores por 6-3 ante sus vecinos Alejandro Sanz y Cayetano Palomo. En la final de consolaci\u00f3n, Daniel Ar\u00e9valo y Mario de la Fuente, de Carbonero el Mayor, venc\u00edan por 6-2 a Mauro Jim\u00e9nez y Santiago Mart\u00edn, de La Lastrilla. En infantil, pero femenino, triunfo para Valle Sanz y Carla Mart\u00ednez, de Espirdo, sobre Carlota Matuta y Blanca Matute, de El Espinar-San Rafael, en una final que concluy\u00f3 con el marcador de 2-6.<\/p>\n<p>El cuadro cadete masculino se complet\u00f3 con Lucas de Antonio y Mario Manzanas, de Navas de Riofr\u00edo, como campeones, tras una final que termin\u00f3 6-4 frente a los espinariegos Daniel Palomo y \u00c1lvaro Pardo. La final de consolaci\u00f3n qued\u00f3 en manos de Diego Gonz\u00e1lez y Marco Correa, de El Espinar-San Rafael, al ganar 6-3 a Hugo Nobel y Jairo Gonz\u00e1lez, de ese mismo municipio. Tambi\u00e9n es de all\u00ed la pareja compuesta por Daniel Gal\u00e1n y Rafael Palomo, que finaliz\u00f3 con la victoria de categor\u00eda juvenil masculino, tras firmar un 3-6 en la final ante Jorge Cruz y \u00c1ngel Guti\u00e9rrez, de Concepcionistas.<\/p>\n<p>Por otro lado, este s\u00e1bado, d\u00eda 14 de marzo, est\u00e1 previsto el desarrollo de la Final Provincial de Orientaci\u00f3n Escolar, en el Parque del Cementerio de la capital segoviana, a partir de las 9:15 horas. Asimismo, desde las 17:00 horas, la piscina climatizada Jos\u00e9 Carlos Casado acoger\u00e1 la Final Provincial de Nataci\u00f3n. Y ese mismo d\u00eda, en la localidad zamorana de Zarapicos, se va a disputar el Campeonato Regional de Campo a Trav\u00e9s Escolar. Una cita en la que la representaci\u00f3n segoviana va a correr a cargo del CEIP Villalpando -de la capital-, en categor\u00eda infantil, y del IES Vega del Pir\u00f3n -de Carbonero el Mayor-, en categor\u00eda cadete.<\/p>\n","protected":false},"excerpt":{"rendered":"<p>Los m\u00e1s peque\u00f1os de todo el territorio segoviano siguen aprovechando las oportunidades de disfrute en torno a la actividad f\u00edsica que les propone a lo largo de todo el curso el programa de Deporte en Edad Escolar que organiza la Diputaci\u00f3n de Segovia. Y alrededor de trescientos sesenta j\u00f3venes deportistas participaban en las competiciones que [&hellip;]<\/p>\n","protected":false},"author":18,"featured_media":47798,"comment_status":"open","ping_status":"open","sticky":false,"template":"","format":"standard","meta":{"_acf_changed":false,"footnotes":""},"categories":[391,385],"tags":[527,3141],"ppma_author":[394],"class_list":{"0":"post-47797","1":"post","2":"type-post","3":"status-publish","4":"format-standard","5":"has-post-thumbnail","7":"category-ocio-y-cultura-segovia","8":"category-segovia","9":"tag-deporte","10":"tag-escolares"},"acf":[],"authors":[{"term_id":394,"user_id":18,"is_guest":0,"slug":"redaccionsegovia","display_name":"Redacci\u00f3n Segovia","avatar_url":{"url":"https:\/\/social24horas.com\/contenidos\/uploads\/2024\/02\/redaccion-logo.webp","url2x":"https:\/\/social24horas.com\/contenidos\/uploads\/2024\/02\/redaccion-logo.webp"},"first_name":"","user_url":"","last_name":"","job_title":"","description":""}],"_links":{"self":[{"href":"https:\/\/social24horas.com\/api\/wp\/v2\/posts\/47797","targetHints":{"allow":["GET"]}}],"collection":[{"href":"https:\/\/social24horas.com\/api\/wp\/v2\/posts"}],"about":[{"href":"https:\/\/social24horas.com\/api\/wp\/v2\/types\/post"}],"author":[{"embeddable":true,"href":"https:\/\/social24horas.com\/api\/wp\/v2\/users\/18"}],"replies":[{"embeddable":true,"href":"https:\/\/social24horas.com\/api\/wp\/v2\/comments?post=47797"}],"version-history":[{"count":3,"href":"https:\/\/social24horas.com\/api\/wp\/v2\/posts\/47797\/revisions"}],"predecessor-version":[{"id":47873,"href":"https:\/\/social24horas.com\/api\/wp\/v2\/posts\/47797\/revisions\/47873"}],"wp:featuredmedia":[{"embeddable":true,"href":"https:\/\/social24horas.com\/api\/wp\/v2\/media\/47798"}],"wp:attachment":[{"href":"https:\/\/social24horas.com\/api\/wp\/v2\/media?parent=47797"}],"wp:term":[{"taxonomy":"category","embeddable":true,"href":"https:\/\/social24horas.com\/api\/wp\/v2\/categories?post=47797"},{"taxonomy":"post_tag","embeddable":true,"href":"https:\/\/social24horas.com\/api\/wp\/v2\/tags?post=47797"},{"taxonomy":"author","embeddable":true,"href":"https:\/\/social24horas.com\/api\/wp\/v2\/ppma_author?post=47797"}],"curies":[{"name":"wp","href":"https:\/\/api.w.org\/{rel}","templated":true}]}}