{"id":47795,"date":"2026-03-13T18:52:36","date_gmt":"2026-03-13T17:52:36","guid":{"rendered":"https:\/\/social24horas.com\/?p=47795"},"modified":"2026-03-13T19:02:58","modified_gmt":"2026-03-13T18:02:58","slug":"la-despoblacion-y-el-espejismo-de-la-rivalidad-provincial-por-carlos-arranz-cjs","status":"publish","type":"post","link":"https:\/\/social24horas.com\/la-despoblacion-y-el-espejismo-de-la-rivalidad-provincial-por-carlos-arranz-cjs\/","title":{"rendered":"La despoblaci\u00f3n y el espejismo de la rivalidad provincial.- Por Carlos Arranz (CJS)"},"content":{"rendered":"<p>Con las elecciones auton\u00f3micas a pocas horas, hay un tema que ha resonado continuamente en los programas electorales, charlas de campa\u00f1as y debates en redes sociales: la despoblaci\u00f3n y las disputas territoriales entre las provincias de la Comunidad. Los datos son claros: desde la creaci\u00f3n de la autonom\u00eda la regi\u00f3n ha perdido unos 200.000 habitantes, que no parecer\u00edan tantos de no haberse dado paralelamente un crecimiento de 12 millones de habitantes en todo el Estado. Los datos cuantifican una realidad que percibimos en nuestro d\u00eda a d\u00eda: una tierra que se vac\u00eda y una tendencia a la despoblaci\u00f3n arrolladora a la que apenas resisten las ciudades medianas de la regi\u00f3n.<\/p>\n<p>Esta situaci\u00f3n no es, ni mucho menos, igual para todas las provincias. Las tres provincias de la hist\u00f3rica Regi\u00f3n Leonesa son de lejos las m\u00e1s afectadas por este declive demogr\u00e1fico. Mientras que la provincia de Le\u00f3n ha perdido la friolera de 80.000 habitantes desde el final de la dictadura (m\u00e1s de un 15% del total), m\u00e1s de 90.000 zamoranos han abandonado su provincia en el mismo periodo de tiempo: pr\u00e1cticamente una de cada tres personas.<\/p>\n<p>La clase trabajadora en Castilla y Le\u00f3n nos hemos acostumbrado a convivir con esta realidad desoladora: la necesidad de abandonar nuestros hogares para desarrollar nuestro proyecto de vida. El aumento de matriculados en universidades y grados de formaci\u00f3n profesional solo esconde de nuevo una inc\u00f3moda verdad: aunque se pueda retrasar el momento de irse fuera, la falta de oportunidades se impone con los a\u00f1os expulsando a cientos de j\u00f3venes a zonas que concentran m\u00e1s inversiones y tejido productivo. El deterioro, cuando no directamente desaparici\u00f3n, de los servicios p\u00fablicos en las zonas rurales complican la vida de una poblaci\u00f3n rural cada vez m\u00e1s envejecida.<\/p>\n<p>En este contexto es en el que han surgido narrativas como la de la Espa\u00f1a vaciada, que tienen \u00e9xito porque conectan con experiencias vitales reales como las que acabamos de enumerar. Este descontento generalizado ha conducido a l\u00f3gicos intentos de articular nuevas fuerzas pol\u00edticas territoriales que encabecen la lucha contra estos males end\u00e9micos. As\u00ed, han crecido una serie de proyectos pol\u00edticos que llevan la denuncia de las desigualdades territoriales por bandera, con el fin de obtener cuotas de poder en las instituciones auton\u00f3micas que permitan luchar por un reparto m\u00e1s justo de los recursos entre provincias. La apuesta m\u00e1s destacada es la UPL leonesa, aunque otras como Soria Ya! y X \u00c1vila tambi\u00e9n cuentan con posibilidades de obtener representaci\u00f3n tras las elecciones.<\/p>\n<p>La l\u00f3gica de fondo de estos partidos es bastante parecida: si nuestras provincias son afectadas por un desarrollo territorial desigual, la manera de impedir o, al menos, contrarrestar esta tendencia debe ser romper con alianzas interterritoriales para competir por recursos e inversiones con las provincias que han salido mejor paradas de este reparto. Valladolid, como la ciudad m\u00e1s grande de la comunidad y aquella que a\u00fan consigue resistir al declive demogr\u00e1fico, se convierte as\u00ed en el chivo expiatorio de todos los males de la comunidad, que bajo este marco de pensamiento parece ser ajena a cualquier otra l\u00f3gica que no sea la de la usura y ego\u00edsmo de los vallisoletanos.<\/p>\n<p>Estas narrativas y sus correlatos pol\u00edticos son el reflejo indudable de problemas reales de los castellanos y los leoneses, pero en mi opini\u00f3n tienden a desplazar el foco de las causas reales que subyacen a ellos y a las din\u00e1micas que realmente originan estos conflictos. La realidad es que en las elecciones de Castilla y Le\u00f3n no se decide completamente el destino de nuestra regi\u00f3n, cuyas cartas en la partida vienen marcadas desde otras instancias, que bien pueden estar en Madrid, Bruselas o el despacho de la multinacional que puede decidir invertir en nuestra tierra. Por supuesto, el partido que gobierne podr\u00e1 tomar decisiones sobre c\u00f3mo concretar una u otra medida, pero no podr\u00e1 ser ajeno a la tendencia general del rearme europeo y el declive industrial.<\/p>\n<p>En el plano econ\u00f3mico, se ha hablado mucho de que la Comunidad no recibe inversi\u00f3n, de que est\u00e1 abandonada y maltratada, de que no se la tiene en cuenta. La realidad es que ciertos sectores empresariales han sido y siguen siendo ampliamente subvencionados. La Pol\u00edtica Agraria Com\u00fan, los fondos Next Generation, las ayudas a la industria del autom\u00f3vil o a las energ\u00edas renovables muestran que el dinero p\u00fablico fluye de forma constante hacia determinados actores. Incluso las declaraciones m\u00e1s fr\u00edvolas, como las de grandes empresarios tecnol\u00f3gicos planteando convertir las zonas despobladas de Europa en gigantescos <em>data centers<\/em>, reflejan bastante bien que este tipo de territorios se piensan desde arriba como soportes materiales, y no como espacios habitados.<\/p>\n<p>Adem\u00e1s, estos partidos olvidan frecuentemente poner el foco en la clase social de los m\u00e1s perjudicados por estos desequilibrios territoriales. La juventud se marcha en busca de oportunidades, s\u00ed, pero los que se quedan sufren el tener que ganarse la vida en empleos cada vez m\u00e1s precarios enfocados al turismo, o el tratar de independizarse en ciudades en las que los alquileres han subido casi un 30 % en cinco a\u00f1os como Segovia y Valladolid.<\/p>\n<p>En definitiva, la cuesti\u00f3n no es tan simple como un mal reparto entre territorios o un ego\u00edsmo de las grandes capitales. Lo que no se est\u00e1 poniendo sobre la mesa es que las decisiones sobre nuestro territorio no est\u00e1n sujetas a la voluntad democr\u00e1tica de la mayor\u00eda trabajadora de nuestra tierra, que es la gran afectada por estos desequilibrios territoriales, sino sujetas a los intereses de los grandes inversores y las oportunidades que ellos ven en nuestra regi\u00f3n. Los problemas de la Espa\u00f1a vaciada son reales, pero hay que afinar con diagnosticar sus causas para no darse de bruces contra ellos.<\/p>\n<p><strong>Carlos Arranz<\/strong>, militantes de la Coordinadora Juvenil Socialista.<\/p>\n","protected":false},"excerpt":{"rendered":"<p>Con las elecciones auton\u00f3micas a pocas horas, hay un tema que ha resonado continuamente en los programas electorales, charlas de campa\u00f1as y debates en redes sociales: la despoblaci\u00f3n y las disputas territoriales entre las provincias de la Comunidad. Los datos son claros: desde la creaci\u00f3n de la autonom\u00eda la regi\u00f3n ha perdido unos 200.000 habitantes, [&hellip;]<\/p>\n","protected":false},"author":19,"featured_media":47800,"comment_status":"open","ping_status":"open","sticky":false,"template":"","format":"standard","meta":{"_acf_changed":false,"footnotes":""},"categories":[1,697],"tags":[2368,3142,3143,728,3144,3145],"ppma_author":[705],"class_list":{"0":"post-47795","1":"post","2":"type-post","3":"status-publish","4":"format-standard","5":"has-post-thumbnail","7":"category-nacional","8":"category-valladolid","9":"tag-castilla-vaciada","10":"tag-despoblacion","11":"tag-despoblacion-castilla-y-leon","12":"tag-espana-vaciada","13":"tag-rivalidad-castilla-y-leon","14":"tag-teritorio"},"acf":[],"authors":[{"term_id":705,"user_id":19,"is_guest":0,"slug":"redaccionvalladolid","display_name":"Redacci\u00f3n Valladolid","avatar_url":{"url":"https:\/\/social24horas.com\/contenidos\/uploads\/2024\/02\/redaccion-logo.webp","url2x":"https:\/\/social24horas.com\/contenidos\/uploads\/2024\/02\/redaccion-logo.webp"},"first_name":"","user_url":"","last_name":"","job_title":"","description":""}],"_links":{"self":[{"href":"https:\/\/social24horas.com\/api\/wp\/v2\/posts\/47795","targetHints":{"allow":["GET"]}}],"collection":[{"href":"https:\/\/social24horas.com\/api\/wp\/v2\/posts"}],"about":[{"href":"https:\/\/social24horas.com\/api\/wp\/v2\/types\/post"}],"author":[{"embeddable":true,"href":"https:\/\/social24horas.com\/api\/wp\/v2\/users\/19"}],"replies":[{"embeddable":true,"href":"https:\/\/social24horas.com\/api\/wp\/v2\/comments?post=47795"}],"version-history":[{"count":3,"href":"https:\/\/social24horas.com\/api\/wp\/v2\/posts\/47795\/revisions"}],"predecessor-version":[{"id":47803,"href":"https:\/\/social24horas.com\/api\/wp\/v2\/posts\/47795\/revisions\/47803"}],"wp:featuredmedia":[{"embeddable":true,"href":"https:\/\/social24horas.com\/api\/wp\/v2\/media\/47800"}],"wp:attachment":[{"href":"https:\/\/social24horas.com\/api\/wp\/v2\/media?parent=47795"}],"wp:term":[{"taxonomy":"category","embeddable":true,"href":"https:\/\/social24horas.com\/api\/wp\/v2\/categories?post=47795"},{"taxonomy":"post_tag","embeddable":true,"href":"https:\/\/social24horas.com\/api\/wp\/v2\/tags?post=47795"},{"taxonomy":"author","embeddable":true,"href":"https:\/\/social24horas.com\/api\/wp\/v2\/ppma_author?post=47795"}],"curies":[{"name":"wp","href":"https:\/\/api.w.org\/{rel}","templated":true}]}}