{"id":47769,"date":"2026-03-12T18:40:06","date_gmt":"2026-03-12T17:40:06","guid":{"rendered":"https:\/\/social24horas.com\/?p=47769"},"modified":"2026-03-12T18:47:31","modified_gmt":"2026-03-12T17:47:31","slug":"la-magistral-ciclo-de-conferencias-y-sabiduria-en-plena-era-de-los-opinologos","status":"publish","type":"post","link":"https:\/\/social24horas.com\/la-magistral-ciclo-de-conferencias-y-sabiduria-en-plena-era-de-los-opinologos\/","title":{"rendered":"La Magistral: ciclo de conferencias y sabidur\u00eda en plena era de los opin\u00f3logos"},"content":{"rendered":"<p>Luchando con las armas que pueden contra la era del hablar por hablar (opin\u00f3logos, profesionales o amateurs, que inundan la parrilla de programaci\u00f3n de la televisi\u00f3n o las redes sociales, por ejemplo), la librer\u00eda La Perecquiana (Felipe II, 7, Valladolid) y el Colectivo Fuera de Lugar organizan el ciclo de conferencias La Magistral. La actividad se compone de una trilog\u00eda de actos repartidos en tres meses: marzo, abril y mayo.<\/p>\n<p>\u201cUna conferencia solo puede ser calificada de magistral una vez ha sido escuchada, porque, como ante un libro, un cuadro o una comida, solo podemos saber lo que nos han provocado luego de degustarlos\u201d, plantean desde la organizaci\u00f3n; \u201csin embargo, con este ciclo nos queremos adelantar en esa calificaci\u00f3n para recuperar este concepto en un tiempo en el que la opini\u00f3n ha ido relegando a la sabidur\u00eda\u201d.<\/p>\n<p>Con este toque cr\u00edtico, la idea de las disertaciones surge en medio de una \u00e9poca en la que cualquiera cree que sabe de todo y no tiene reparos en soltar y propagar cualquier tipo de comentario a diestro y siniestro, tenga m\u00e1s o menos formaci\u00f3n en el asunto. \u201cEn La Magistral\u201d, a\u00f1aden, \u201cqueremos, sobre todo, escuchar. Para saborear lo que nos tienen que decir tres expertos en su materia en diferentes conferencias donde se llevar\u00e1n al l\u00edmite los encajes de la literatura con otras expresiones art\u00edsticas y fuentes de conocimiento&#8221;.<\/p>\n<figure id=\"attachment_47771\" aria-describedby=\"caption-attachment-47771\" style=\"width: 1024px\" class=\"wp-caption alignnone\"><img data-dominant-color=\"a1938a\" data-has-transparency=\"false\" style=\"--dominant-color: #a1938a;\" loading=\"lazy\" loading=\"lazy\" decoding=\"async\" class=\"size-large wp-image-47771 not-transparent\" src=\"https:\/\/social24horas.com\/contenidos\/uploads\/2026\/03\/la-magistral2-1024x768.avif\" alt=\"Arte y conocimiento frente al hablar por hablar. Foto: Marta \u00c1lvarez\" width=\"1024\" height=\"768\" \/><figcaption id=\"caption-attachment-47771\" class=\"wp-caption-text\">Arte y conocimiento frente al hablar por hablar. Foto: Marta \u00c1lvarez<\/figcaption><\/figure>\n<p>Este viernes 13 de marzo (19:30), el periodista y especialista en literatura comparada Jorge Onecha inaugura el ciclo con la conferencia &#8220;This wound that I&#8217;m speaking of&#8221;, una aproximaci\u00f3n a la figura de Jes\u00fas en la obra de Leonard Cohen. \u201cEs una figura central\u201d, explica Onecha en el material audiovisual de difusi\u00f3n del evento, \u201cque nos aporta unas enormes claves de lectura y claves de interpretaci\u00f3n de su universo est\u00e9tico\u201d. La entrada es libre hasta completar aforo.<\/p>\n<p>El viernes 10 de abril (19:30) ser\u00e1 el turno de la mediadora cultural y profesora de filosof\u00eda Marta \u00c1lvarez y su conferencia \u201cPublicar de otra manera: libros de artista, fotolibros y fanzines\u201d. Para clausurar el ciclo, el martes 19 de mayo (mismo horario) el periodista Juan Navarro hablar\u00e1 al p\u00fablico asistente de \u201cLa cr\u00f3nica del fuego: el periodismo y la literatura ante la cat\u00e1strofe natural y pol\u00edtica\u201d.<\/p>\n<p>Presenta los actos el escritor y pediatra Rosauro Vara Cobos, miembro del Colectivo Fuera de Lugar, plataforma de difusi\u00f3n cultural que pretende estimular la creaci\u00f3n en cada una de sus variantes art\u00edsticas y cient\u00edficas, promoviendo experiencias simbi\u00f3ticas.<\/p>\n","protected":false},"excerpt":{"rendered":"<p>Luchando con las armas que pueden contra la era del hablar por hablar (opin\u00f3logos, profesionales o amateurs, que inundan la parrilla de programaci\u00f3n de la televisi\u00f3n o las redes sociales, por ejemplo), la librer\u00eda La Perecquiana (Felipe II, 7, Valladolid) y el Colectivo Fuera de Lugar organizan el ciclo de conferencias La Magistral. La actividad [&hellip;]<\/p>\n","protected":false},"author":19,"featured_media":47770,"comment_status":"open","ping_status":"open","sticky":false,"template":"","format":"standard","meta":{"_acf_changed":false,"footnotes":""},"categories":[702,697],"tags":[3128,3129,3122,3123,3125,3127,3126,3124,2663],"ppma_author":[705],"class_list":{"0":"post-47769","1":"post","2":"type-post","3":"status-publish","4":"format-standard","5":"has-post-thumbnail","7":"category-ocio-y-cultura-valladolid","8":"category-valladolid","9":"tag-jorge-onecha","10":"tag-juan-navarro","11":"tag-la-magistral-colectivo-fuera-de-lugar","12":"tag-la-perecquiana","13":"tag-leonard-cohen","14":"tag-leonard-cohen-jesus","15":"tag-leonard-cohen-valladolid","16":"tag-libreria-perecquiana","17":"tag-marta-alvarez"},"acf":[],"authors":[{"term_id":705,"user_id":19,"is_guest":0,"slug":"redaccionvalladolid","display_name":"Redacci\u00f3n Valladolid","avatar_url":{"url":"https:\/\/social24horas.com\/contenidos\/uploads\/2024\/02\/redaccion-logo.webp","url2x":"https:\/\/social24horas.com\/contenidos\/uploads\/2024\/02\/redaccion-logo.webp"},"first_name":"","user_url":"","last_name":"","job_title":"","description":""}],"_links":{"self":[{"href":"https:\/\/social24horas.com\/api\/wp\/v2\/posts\/47769","targetHints":{"allow":["GET"]}}],"collection":[{"href":"https:\/\/social24horas.com\/api\/wp\/v2\/posts"}],"about":[{"href":"https:\/\/social24horas.com\/api\/wp\/v2\/types\/post"}],"author":[{"embeddable":true,"href":"https:\/\/social24horas.com\/api\/wp\/v2\/users\/19"}],"replies":[{"embeddable":true,"href":"https:\/\/social24horas.com\/api\/wp\/v2\/comments?post=47769"}],"version-history":[{"count":3,"href":"https:\/\/social24horas.com\/api\/wp\/v2\/posts\/47769\/revisions"}],"predecessor-version":[{"id":47775,"href":"https:\/\/social24horas.com\/api\/wp\/v2\/posts\/47769\/revisions\/47775"}],"wp:featuredmedia":[{"embeddable":true,"href":"https:\/\/social24horas.com\/api\/wp\/v2\/media\/47770"}],"wp:attachment":[{"href":"https:\/\/social24horas.com\/api\/wp\/v2\/media?parent=47769"}],"wp:term":[{"taxonomy":"category","embeddable":true,"href":"https:\/\/social24horas.com\/api\/wp\/v2\/categories?post=47769"},{"taxonomy":"post_tag","embeddable":true,"href":"https:\/\/social24horas.com\/api\/wp\/v2\/tags?post=47769"},{"taxonomy":"author","embeddable":true,"href":"https:\/\/social24horas.com\/api\/wp\/v2\/ppma_author?post=47769"}],"curies":[{"name":"wp","href":"https:\/\/api.w.org\/{rel}","templated":true}]}}