{"id":47760,"date":"2026-03-12T00:51:25","date_gmt":"2026-03-11T23:51:25","guid":{"rendered":"https:\/\/social24horas.com\/?p=47760"},"modified":"2026-03-12T00:51:25","modified_gmt":"2026-03-11T23:51:25","slug":"gilipojazz-o-cuando-la-irreverencia-y-el-descaro-son-la-quintaesencia-del-virtuosismo-y-el-epitome-del-espectaculo","status":"publish","type":"post","link":"https:\/\/social24horas.com\/gilipojazz-o-cuando-la-irreverencia-y-el-descaro-son-la-quintaesencia-del-virtuosismo-y-el-epitome-del-espectaculo\/","title":{"rendered":"GilipoJazz o cuando la irreverencia y el descaro son la quintaesencia del virtuosismo y el ep\u00edtome del espect\u00e1culo"},"content":{"rendered":"<p>Fue en un verano de hace cuatro a\u00f1os, en el Fiestizaje de Villafranca del Bierzo, cuando me acerqu\u00e9 a un escenario para ver a un grupo llamado <a href=\"https:\/\/www.instagram.com\/gilipojazz\/\" target=\"_blank\" rel=\"noopener\">GilipoJazz<\/a>. Como antiguo m\u00fasico y amante del g\u00e9nero ansiaba ver de qu\u00e9 era capaz ese joven tr\u00edo madrile\u00f1o, con apenas dos a\u00f1os desde sus inicios, con un g\u00e9nero musical con tanta historia.<\/p>\n<p>Promet\u00edan sorprender y vaya que lo hicieron. No tardaron ni un minuto desde el inicio del concierto en dejar a todos los presentes con una mezcla de \u00bfC\u00f3oomooo, y el Jazz? Y de, si el resto del concierto es as\u00ed de aqu\u00ed no me muevo ni para ir a por bebida. \u00bfDe d\u00f3nde hab\u00edan salido estos tres payasos (enti\u00e9ndase como halago y no como adjetivo descalificativo)? \u00bfQu\u00e9 hados del destino han conseguido juntar a estos virtuosos de los instrumentos, pero con semejante desequilibrio mental? \u00bfC\u00f3mo es posible aunar de manera tan sublime la guasa m\u00e1s hilarante con la m\u00fasica tan perfectamente ejecutada?<\/p>\n<p>Como se dice en la jerga musical, se comieron el escenario, se metieron al p\u00fablico en el bolsillo desde el minuto uno y dejaron el list\u00f3n tan alto que no me hubiera gustado ser el grupo que ten\u00eda que rematar la velada de aquel d\u00eda. Ese d\u00eda se ganaron un fan incondicional que lleva sus temas en el coche, como parte de mis canciones imprescindibles en los viajes.<\/p>\n<p>Si esperas ver un concierto t\u00edpico, un grupo m\u00e1s del panorama musical o unos temas con una coherente estructura como la de tantos otros m\u00fasicos olv\u00eddate. <a href=\"https:\/\/www.instagram.com\/angelcaceres___\/\" target=\"_blank\" rel=\"noopener\">\u00c1ngel C\u00e1ceres<\/a> (bajo, voz) <a href=\"https:\/\/www.instagram.com\/ikergarciakelis\/\" target=\"_blank\" rel=\"noopener\">Iker Garc\u00eda<\/a> (guitarra, voces) y <a href=\"https:\/\/www.instagram.com\/pablolevin\/\" target=\"_blank\" rel=\"noopener\">Pablo Levin<\/a> (bater\u00eda, voces) se desmarcan totalmente de la escena habitual con su estilo fren\u00e9tico y particular de abordar humor y gran virtuosismo a partes iguales. Con el jazz punk por bandera, <a href=\"https:\/\/www.instagram.com\/gilipojazz\/\" target=\"_blank\" rel=\"noopener\">GilipoJazz<\/a> lanza su segundo LP \u201cProgresa Adecuadamente\u201d en 2024 con el que quieren dar un salto m\u00e1s, tanto a nivel nacional como fuera de nuestras fronteras.<\/p>\n<figure id=\"attachment_47763\" aria-describedby=\"caption-attachment-47763\" style=\"width: 1024px\" class=\"wp-caption aligncenter\"><img data-dominant-color=\"5a5a5a\" data-has-transparency=\"false\" style=\"--dominant-color: #5a5a5a;\" loading=\"lazy\" loading=\"lazy\" decoding=\"async\" class=\"size-large wp-image-47763 not-transparent\" src=\"https:\/\/social24horas.com\/contenidos\/uploads\/2026\/03\/GilipoJazz2-1024x1024.avif\" alt=\"GilipoJazz en concierto\" width=\"1024\" height=\"1024\" \/><figcaption id=\"caption-attachment-47763\" class=\"wp-caption-text\">GilipoJazz en concierto<\/figcaption><\/figure>\n<p>El tr\u00edo madrile\u00f1o <a href=\"https:\/\/www.instagram.com\/gilipojazz\/\" target=\"_blank\" rel=\"noopener\">GilipoJazz<\/a> vive su mejor momento: su gira \u201cProgresa Adecuadamente\u201d\u00a0est\u00e1 arrasando con sold outs en ciudades como Barcelona, Bilbao, A Coru\u00f1a y Zaragoza, y un inolvidable lleno total en Madrid, en la Sala Shoko, ante 800 personas. Con un estilo \u00fanico que mezcla jazz, rock, funk, groove, metal y humor, el grupo ofrece un Show explosivo y teatral que ha conquistado al p\u00fablico y la cr\u00edtica. Nominados a tres Premios de la M\u00fasica, en breve comenzar\u00e1n la gira internacional que recorrer\u00e1 pa\u00edses como M\u00e9xico, Dinamarca, Alemania, Bulgaria, Suiza o Francia. Dentro de este impulso internacional, su participaci\u00f3n en el prestigioso Montreux Jazz Festival ha supuesto un punto de inflexi\u00f3n en su trayectoria, consolidando su proyecci\u00f3n global y abriendo nuevas oportunidades para la banda. Un fen\u00f3meno musical tan virtuoso como irreverente, que pisa fuerte dentro y fuera de nuestras fronteras.<\/p>\n<figure id=\"attachment_47764\" aria-describedby=\"caption-attachment-47764\" style=\"width: 1024px\" class=\"wp-caption aligncenter\"><img data-dominant-color=\"5c5d52\" data-has-transparency=\"false\" style=\"--dominant-color: #5c5d52;\" loading=\"lazy\" loading=\"lazy\" decoding=\"async\" class=\"size-large wp-image-47764 not-transparent\" src=\"https:\/\/social24horas.com\/contenidos\/uploads\/2026\/03\/2024-09-06-at-15.23.51-1-1024x682.avif\" alt=\"GilipoJazz (Pablo, Iker y \u00c1ngel)\" width=\"1024\" height=\"682\" \/><figcaption id=\"caption-attachment-47764\" class=\"wp-caption-text\">GilipoJazz (Pablo, Iker y \u00c1ngel)<\/figcaption><\/figure>\n<p>Hoy charlamos con <a href=\"https:\/\/www.instagram.com\/angelcaceres___\/\" target=\"_blank\" rel=\"noopener\">\u00c1ngel C\u00e1ceres<\/a> aprovechando que visitan nuestra ciudad en un concierto como parte de su Gira \u201cProgresa Adecuadamente\u201d este viernes 13 de marzo en la <a href=\"https:\/\/www.instagram.com\/salablackbourbon\/\" target=\"_blank\" rel=\"noopener\">Sala Black Bourbon<\/a> (Calle Puerta Sol 8) a las 21:00 (apertura de puertas)<\/p>\n<ul>\n<li>\n<h6><strong>Social24Horas:<\/strong> Buenos d\u00edas y muchas gracias por atendernos. Para m\u00ed es una satisfacci\u00f3n personal poder charlar con vosotros. Esta es vuestra tercera o cuarta visita a Le\u00f3n en menos de cuatro a\u00f1os \u00bfCasualidad o nuestra cecina y el fr\u00edo de esta tierra empieza a ser adictivo?<\/h6>\n<\/li>\n<li><strong>GilipoJazz:<\/strong> La comida en este grupo es muy importante y, desde luego, la cecina es uno de esos alimentos que no nos importa repetir.<\/li>\n<li>\n<h6><strong>Social24Horas:<\/strong> Sois un grupo en el que casi todo el repertorio es instrumental, sin apenas letras. \u00bfPor qu\u00e9 os encontr\u00e1is c\u00f3modos en ese formato en un mundo, el musical, en el que las letras siempre han tenido un gran peso a la hora de triunfar?<\/h6>\n<\/li>\n<li><strong>GilipoJazz:<\/strong> Buenos, yo creo que es un poco saber cu\u00e1l es nuestro lugar, en el sentido de que nosotros no somos escritores, me refiero en cuanto al uso de la palabra, no nos desenvolvemos tan bien, sin embargo, en lo que es la m\u00fasica y la parte instrumental nadamos como pez en el agua, as\u00ed que quiz\u00e1s es por eso. No obstante, he de decir que en el tercer disco, que ya lo estamos preparando, va a tener dos o tres temitas con algo, algo de letra, un poquito.<\/li>\n<li>\n<h6><strong>Social24Horas:<\/strong> Pese a que casi todos los temas, como hemos dicho antes, son instrumentales, lo cierto es que durante los conciertos s\u00ed utiliz\u00e1is la voz como nexo entre canciones, interrupciones en otras y como m\u00e9todo constante de humor e interacci\u00f3n con el p\u00fablico \u00bfEsto es algo medido o fruto de la improvisaci\u00f3n?<\/h6>\n<\/li>\n<li><strong>GilipoJazz:<\/strong> Pues es curioso porque es medido en el sentido de que, aunque luego hay mucha cosa abierta a la improvisaci\u00f3n, pero solemos saber qu\u00e9 vamos a decir entre temas, pero curiosamente esas cosas que decimos entre canci\u00f3n y canci\u00f3n vienen dadas de una improvisaci\u00f3n previa y de ver que hay ciertas \u201cco\u00f1as\u201d que funcionan o ciertos comentarios y los vamos incluyendo en los conciertos. As\u00ed que se podr\u00eda decir que es una mezcla de primero de improvisaci\u00f3n y luego ya de asimilaci\u00f3n y se termina adhiriendo al repertorio. Porque para nosotros el humor no es que sea imprescindible, es que no sabemos ver la vida de otra manera y eso se ve en los conciertos.<\/li>\n<li>\n<h6><strong>Social24Horas:<\/strong> No s\u00e9 si ser\u00eda capaz de definir un g\u00e9nero concreto en vuestro estilo, toc\u00e1is muchos palos, jazz, rock, funk, groove, metal e incluso cl\u00e1sica \u00bfOs define alg\u00fan estilo concreto o ser tan musicalmente ecl\u00e9cticos es precisamente vuestro sello?<\/h6>\n<\/li>\n<li><strong>GilipoJazz:<\/strong> Pues f\u00edjate que no lo pensamos, juro que no pensamos en ser o no ser ecl\u00e9cticos, simplemente escuchamos much\u00edsima m\u00fasica, y cuando digo mucha es que escuchamos much\u00edsimos tipos de m\u00fasica. Cuando vamos en la furgoneta podemos escuchar desde Pantera hasta Shostak\u00f3vich o Antonio Mach\u00edn, realmente podemos escuchar todo tipo de m\u00fasica y eso, a la fuerza, hace que cada tema tenga un toque diferente y, como de lo que estamos enamorados es de la m\u00fasica, si sale un bolero, que no ha salido todav\u00eda, pero si sale estar\u00eda perfectamente dentro de nuestro repertorio porque lo que nos preocupar\u00eda realmente es de que fuera el mejor Bolero que podemos hacer. Pero s\u00ed es verdad que, \u00faltimamente, como s\u00ed que te piden una etiqueta, nos encontramos como a gusto con el Jazz-Punk, pero que ya ves que en los conciertos hay de todo.<\/li>\n<li>\n<h6><strong>Social24Horas:<\/strong> En muy poco tiempo, apenas seis a\u00f1os, os hab\u00e9is convertido en un grupo consagrado con enorme \u00e9xito. Pero \u00bfQu\u00e9 hac\u00edan \u00c1ngel, \u00cdker y Pablo antes del verano de 2020?<\/h6>\n<\/li>\n<li><strong>GilipoJazz:<\/strong> Nosotros siempre nos hemos dedicado a la m\u00fasica, tanto Iker como Pablo ten\u00edan otros grupos y yo tambi\u00e9n ten\u00eda otro que se llama \u201cOmbligo\u201d que sigue vigente hoy y que tambi\u00e9n es de m\u00fasica original. A parte de la m\u00fasica hac\u00edamos muchas cosas de sonido, los tres hemos estudiado sonido, de hecho, no somos m\u00fasicos de conservatorio, somos autodidactas y siempre hemos tenido mucho inter\u00e9s por el mundo del sonido. Yo trabajaba de t\u00e9cnico de sonido en una sala y Pablo hac\u00eda eventos tambi\u00e9n como t\u00e9cnico. As\u00ed que eso es lo que hac\u00edamos antes, aparte de tocar m\u00fasica.<\/li>\n<li>\n<h6><strong>Social24Horas:<\/strong> La m\u00fasica no es un negocio f\u00e1cil pese a lo mucho que se romantizan las giras o lo sencillo que parece cuando ya has alcanzado la opci\u00f3n de poder vivir de ella. Sin embargo, imaginamos que los comienzos no han sido f\u00e1ciles y que, incluso, en alg\u00fan momento os habr\u00e9is planteado dejar este mundo. \u00bfNo?<\/h6>\n<\/li>\n<li><strong>GilipoJazz:<\/strong> Pues f\u00edjate, Jonatan, que te dir\u00eda que nunca, la verdad, me refiero con GilipoJazz. Ha pasado una cosa muy m\u00e1gica con este grupo y es que ten\u00edamos cero expectativas de nada. Cuando lanzamos \u201c<a href=\"https:\/\/open.spotify.com\/intl-es\/track\/72MQXC241EsHGIaZkRSVuy\" target=\"_blank\" rel=\"noopener\">Iker me debe un caf\u00e9<\/a>\u201d<img loading=\"lazy\" loading=\"lazy\" decoding=\"async\" class=\"\" src=\"https:\/\/upload.wikimedia.org\/wikipedia\/commons\/7\/75\/Spotify_icon.png\" alt=\"Archivo:Spotify icon.png\" width=\"14\" height=\"14\" \/>\u00a0\u00a0lo hicimos porque ya llev\u00e1bamos medio a\u00f1o ensayando y lo publicamos con el \u00fanico af\u00e1n de \u201cmira, estamos haciendo esto\u201d. Y, como desde el primer momento, tuvo una acogida cien veces mejor de lo que esperamos y siempre ha ido bien, ese miedo que tienes de ir a una sala o una ciudad nueva y que no venga nadie, afortunadamente, nunca se ha materializado. Siempre se han llenado casi todas las salas, es verdad que siempre hay algo de miedo de decir \u00bfVendr\u00e1 alguien a Le\u00f3n? \u00bfVendr\u00e1 alguien a A Coru\u00f1a? Pero como al final todo siempre sale bien no hemos tenido esa perspectiva de decir \u201clo dejamos\u201d, as\u00ed que maravilloso en ese sentido.<\/li>\n<li>\n<h6><strong>Social24Horas:<\/strong> Ahora ten\u00e9is planteado comenzar una gira internacional \u00bfCu\u00e1l es la sensaci\u00f3n que ten\u00e9is en esa inmersi\u00f3n hacia un p\u00fablico y un ambiente desconocido?<\/h6>\n<\/li>\n<li><strong>GilipoJazz:<\/strong> Pues lo que te digo, mucha confianza, mucha confianza en el proyecto, saber que lo que hacemos nos gusta y que adem\u00e1s tenemos una cosa muy buena al tocar fuera de Espa\u00f1a en un lugar donde no hablan tu idioma y es que como la mayor\u00eda del repertorio es instrumental da igual, \u00bfsabes?, porque lo que importa ah\u00ed es la m\u00fasica. As\u00ed que te dir\u00eda que mucha, mucha tranquilidad<\/li>\n<li>\n<h6><strong>Social24Horas:<\/strong> 2021 vuestro primer sencillo &#8220;<a href=\"https:\/\/open.spotify.com\/intl-es\/track\/72MQXC241EsHGIaZkRSVuy\" target=\"_blank\" rel=\"noopener\">Iker me debe un caf\u00e9<\/a>&#8220;<img loading=\"lazy\" loading=\"lazy\" decoding=\"async\" class=\"\" style=\"font-size: 16px;\" src=\"https:\/\/upload.wikimedia.org\/wikipedia\/commons\/7\/75\/Spotify_icon.png\" alt=\"Archivo:Spotify icon.png\" width=\"14\" height=\"14\" \/>, en 2022 el lanzamiento de vuestro \u00e1lbum debut &#8220;<a href=\"https:\/\/open.spotify.com\/intl-es\/album\/4Ekvaovlvw6lzwsStKibfr\" target=\"_blank\" rel=\"noopener\">\u00bfD\u00f3nde est\u00e1 el jazz?<\/a>&#8220;<img loading=\"lazy\" loading=\"lazy\" decoding=\"async\" class=\"\" style=\"font-size: 16px;\" src=\"https:\/\/upload.wikimedia.org\/wikipedia\/commons\/7\/75\/Spotify_icon.png\" alt=\"Archivo:Spotify icon.png\" width=\"14\" height=\"14\" \/>y, en 2024, el segundo LP \u201c<a href=\"https:\/\/open.spotify.com\/intl-es\/album\/5T2DUvSOmWCRnH0RCQDsx4\" target=\"_blank\" rel=\"noopener\">Progresa Adecuadamente<\/a>\u201d <img loading=\"lazy\" loading=\"lazy\" decoding=\"async\" class=\"\" style=\"font-size: 16px;\" src=\"https:\/\/upload.wikimedia.org\/wikipedia\/commons\/7\/75\/Spotify_icon.png\" alt=\"Archivo:Spotify icon.png\" width=\"14\" height=\"14\" \/>. \u00bfSe est\u00e1 cocinando un nuevo trabajo o ahora est\u00e1is m\u00e1s centrados en la proyecci\u00f3n internacional?<\/h6>\n<\/li>\n<li><strong>GilipoJazz:<\/strong> Estamos divididos con mil cosas, la verdad, estamos comenzando a grabar el tercer disco ahora, que ya est\u00e1 compuesto y estamos con ese proyecto. Lo que pasa es que el volumen de trabajo es mucho mayor que en 2022, ahora tenemos muchos m\u00e1s conciertos, muchas m\u00e1s entrevistas y promociones, muchas m\u00e1s cosas extra musicales y, aunque no hay tanto tiempo como cuando grabamos \u201c<a href=\"https:\/\/open.spotify.com\/intl-es\/album\/4Ekvaovlvw6lzwsStKibfr\" target=\"_blank\" rel=\"noopener\">\u00bfD\u00f3nde est\u00e1 el Jazz?<\/a>\u201d<img loading=\"lazy\" loading=\"lazy\" decoding=\"async\" class=\"\" src=\"https:\/\/upload.wikimedia.org\/wikipedia\/commons\/7\/75\/Spotify_icon.png\" alt=\"Archivo:Spotify icon.png\" width=\"14\" height=\"14\" \/><br \/>\ns\u00ed que estamos inmersos en la grabaci\u00f3n de nuestro tercer trabajo con el que estamos la \u201chostia\u201d de contentos y con lo que hemos compuesto y con \u201cmazo\u201d ganas de sacarlo, la verdad.<\/li>\n<li>\n<h6><strong>Social24Horas:<\/strong> Ensayos, tiempo creativo, giras. \u00bfC\u00f3mo se compatibiliza la vida del m\u00fasico con los amigos, la familia, las aficiones?<\/h6>\n<\/li>\n<li><strong>GilipoJazz:<\/strong> Hostia, gran pregunta, gran, gran pregunta esa. La verdad es que es un poco complejo porque en nuestro trabajo los viernes, s\u00e1bados y domingos no existen, est\u00e1s en cualquier lugar de la pen\u00ednsula ib\u00e9rica, \u00bfSabes?, y como la mayor\u00eda de los trabajos normales (entre comillas) de los colegas es de lunes a viernes, cuesta compatibilizar y se echa de menos el poder ver a colegas y tienes que intentar buscar el tiempo para verles entre semana, estar con la familia entre semana, que no siempre es f\u00e1cil, por lo que decimos de sus trabajos. Pero, en general, se puede llegar a compatibilizar. Pero tambi\u00e9n tenemos que descansar, cuando llega el \u00fanico fin de semana sin conciertos que tienes en dos meses muchas veces lo que te apetece es quedarte en casita, verte una peli y estar tranqui. Pero bueno, se consigue compatibilizar, todo con cari\u00f1o se consigue.<\/li>\n<li>\n<h6><strong>Social24Horas:<\/strong> Y, sobre las aficiones, \u00bfQu\u00e9 hacen \u00c1ngel, Iker y Pablo cuando no est\u00e1n entre partituras, instrumento y amplificadores?<\/h6>\n<\/li>\n<li><strong>GilipoJazz:<\/strong> (risas) \u00a1Ostras! Pues yo te responder\u00e9 por mi parte. Pues mira, a m\u00ed lo que m\u00e1s me gusta en el mundo es el cine, de hecho, yo estudi\u00e9 cine antes de estudiar sonido. A m\u00ed lo que m\u00e1s me gusta es ver pel\u00edculas y pasear, s\u00e9 que tengo unos gustos un poco de se\u00f1or mayor en ese sentido, pero me encanta pasear- Ahora mismo me pillas precisamente paseando mientras charlamos y as\u00ed es como encuentro mi paz, la verdad.<\/li>\n<li>\n<h6><strong>Social24Horas:<\/strong> Much\u00edsimas gracias por hacernos un hueco para esta entrevista. Nos vemos el viernes 13 de marzo en la <a href=\"https:\/\/www.instagram.com\/salablackbourbon\/\" target=\"_blank\" rel=\"noopener\">Sala Black Bourbon<\/a> (Calle Puerta Sol 8) a las 21:00 (apertura de puertas) donde pienso llevar el disco para que me lo firm\u00e9is y desearos tambi\u00e9n un enorme \u00e9xito en el comienzo de vuestra Gira internacional.<\/h6>\n<\/li>\n<li><strong>GilipoJazz:<\/strong> Much\u00edsimas gracias a ti por tu tiempo y nos vemos el viernes en Le\u00f3n. Un abrazo.<\/li>\n<\/ul>\n<figure id=\"attachment_47762\" aria-describedby=\"caption-attachment-47762\" style=\"width: 702px\" class=\"wp-caption aligncenter\"><img data-dominant-color=\"b35f60\" data-has-transparency=\"false\" style=\"--dominant-color: #b35f60;\" loading=\"lazy\" loading=\"lazy\" decoding=\"async\" class=\"size-full wp-image-47762 not-transparent\" src=\"https:\/\/social24horas.com\/contenidos\/uploads\/2026\/03\/Cartle-GilipoJazz-13-mar-Sala-Black-Bourbon.avif\" alt=\"Cartel GilipoJazz 13 mar Sala Black Bourbon\" width=\"702\" height=\"882\" \/><figcaption id=\"caption-attachment-47762\" class=\"wp-caption-text\">Cartel GilipoJazz 13 mar Sala Black Bourbon<\/figcaption><\/figure>\n","protected":false},"excerpt":{"rendered":"<p>Fue en un verano de hace cuatro a\u00f1os, en el Fiestizaje de Villafranca del Bierzo, cuando me acerqu\u00e9 a un escenario para ver a un grupo llamado GilipoJazz. Como antiguo m\u00fasico y amante del g\u00e9nero ansiaba ver de qu\u00e9 era capaz ese joven tr\u00edo madrile\u00f1o, con apenas dos a\u00f1os desde sus inicios, con un g\u00e9nero [&hellip;]<\/p>\n","protected":false},"author":3,"featured_media":47761,"comment_status":"open","ping_status":"open","sticky":false,"template":"","format":"standard","meta":{"_acf_changed":false,"footnotes":""},"categories":[276,1],"tags":[3118,664,3005,3117,3119,3120,3121],"ppma_author":[32],"class_list":{"0":"post-47760","1":"post","2":"type-post","3":"status-publish","4":"format-standard","5":"has-post-thumbnail","7":"category-entrevistas-leon","8":"category-nacional","9":"tag-angel-caceres","10":"tag-conciertos","11":"tag-entrevistas","12":"tag-gilipojazz","13":"tag-iker-garcia","14":"tag-pablo-levin","15":"tag-sala-black-bourbon"},"acf":[],"authors":[{"term_id":32,"user_id":3,"is_guest":0,"slug":"redaccionleon","display_name":"Redacci\u00f3n Le\u00f3n","avatar_url":{"url":"https:\/\/social24horas.com\/contenidos\/uploads\/2024\/02\/redaccion-logo.webp","url2x":"https:\/\/social24horas.com\/contenidos\/uploads\/2024\/02\/redaccion-logo.webp"},"first_name":"","user_url":"","last_name":"","job_title":"","description":""}],"_links":{"self":[{"href":"https:\/\/social24horas.com\/api\/wp\/v2\/posts\/47760","targetHints":{"allow":["GET"]}}],"collection":[{"href":"https:\/\/social24horas.com\/api\/wp\/v2\/posts"}],"about":[{"href":"https:\/\/social24horas.com\/api\/wp\/v2\/types\/post"}],"author":[{"embeddable":true,"href":"https:\/\/social24horas.com\/api\/wp\/v2\/users\/3"}],"replies":[{"embeddable":true,"href":"https:\/\/social24horas.com\/api\/wp\/v2\/comments?post=47760"}],"version-history":[{"count":1,"href":"https:\/\/social24horas.com\/api\/wp\/v2\/posts\/47760\/revisions"}],"predecessor-version":[{"id":47765,"href":"https:\/\/social24horas.com\/api\/wp\/v2\/posts\/47760\/revisions\/47765"}],"wp:featuredmedia":[{"embeddable":true,"href":"https:\/\/social24horas.com\/api\/wp\/v2\/media\/47761"}],"wp:attachment":[{"href":"https:\/\/social24horas.com\/api\/wp\/v2\/media?parent=47760"}],"wp:term":[{"taxonomy":"category","embeddable":true,"href":"https:\/\/social24horas.com\/api\/wp\/v2\/categories?post=47760"},{"taxonomy":"post_tag","embeddable":true,"href":"https:\/\/social24horas.com\/api\/wp\/v2\/tags?post=47760"},{"taxonomy":"author","embeddable":true,"href":"https:\/\/social24horas.com\/api\/wp\/v2\/ppma_author?post=47760"}],"curies":[{"name":"wp","href":"https:\/\/api.w.org\/{rel}","templated":true}]}}