{"id":47692,"date":"2026-03-08T00:42:33","date_gmt":"2026-03-07T23:42:33","guid":{"rendered":"https:\/\/social24horas.com\/?p=47692"},"modified":"2026-03-08T00:42:33","modified_gmt":"2026-03-07T23:42:33","slug":"el-8m-en-leon-gira-en-torno-al-compromiso-en-igualdad-con-actos-reivindicativos-culturales-y-de-formacion","status":"publish","type":"post","link":"https:\/\/social24horas.com\/el-8m-en-leon-gira-en-torno-al-compromiso-en-igualdad-con-actos-reivindicativos-culturales-y-de-formacion\/","title":{"rendered":"El 8M en Le\u00f3n gira en torno al &#8220;Compromiso en igualdad&#8221; con actos reivindicativos, culturales y de formaci\u00f3n"},"content":{"rendered":"<p>Le\u00f3n contin\u00faa conmemorando el <strong>D\u00eda Internacional de la Mujer<\/strong>, 8 de marzo, con un amplio y variado programa en el que tienen cabida tanto actividades reivindicativas como culturales y de formaci\u00f3n. Un programa que comenz\u00f3 el \u00e0sado mi\u00e9rcoles 4 de marzo y que se alargar\u00e1 hasta el d\u00eda 17 bajo el lema<strong> &#8220;Compromiso en igualdad&#8221;<\/strong>.<\/p>\n<p>La concejala de Educaci\u00f3n, Turismo e Igualdad del A<strong>yuntamiento de Le\u00f3n,<\/strong>\u00a0<strong>Mercedes Escudero<\/strong>, present\u00f3 esta semana el programa del <strong>8M\u00a0<\/strong>acompa\u00f1ada de<strong>\u00a0Cristina Izquierdo<\/strong>, del\u00a0<strong>Colectivo de Mujeres Creadoras<\/strong>, y<strong>\u00a0Juan Jos\u00e9 Compadre<\/strong>, coordinador de informaci\u00f3n, atenci\u00f3n social y residencias en el Ayuntamiento de Le\u00f3n.<\/p>\n<p>Escudero ha precisado que el Ayuntamiento de Le\u00f3n trabaja todos los d\u00edas del a\u00f1o por la igualdad, aunque \u201ccomo siempre os digo cuando llegan estas fechas, el 8M es un buen motivo para seguir alzando la voz, pero no podemos ni debemos olvidar que la lucha por la igualdad se ejerce todos los d\u00edas&#8221;. La\u00a0<strong>concejala de Igualdad<\/strong>\u00a0ha a\u00f1adido que \u201cno es una cuesti\u00f3n de sexos, es cuesti\u00f3n de compromiso. Y por eso este a\u00f1o hemos querido que nuestro eslogan sea &#8216;Compromiso en igualdad'&#8221;.<\/p>\n<p>Mercedes Escudero ha destacado que ese compromiso es el que mueve la\u00a0<strong>Concejal\u00eda de Igualdad<\/strong>\u00a0y el que centra las actividades programadas con motivo del 8 de Marzo con acciones reivindicativas, formativas y culturales, \u201ctres eslabones esenciales para seguir transformando nuestra sociedad&#8221;.<\/p>\n<p>La programaci\u00f3n cuenta con la\u00a0<strong>colaboraci\u00f3n\u00a0<\/strong>de distintas\u00a0<strong>entidades y colectivos<\/strong>, como son el Colectivo de Mujeres Creadoras de Castilla y Le\u00f3n, la Fundaci\u00f3n Jes\u00fas Pereda de Comisiones Obreras de Le\u00f3n, la Universidad, la Asociaci\u00f3n de Mujeres Empresarias y Directivas de Le\u00f3n (Asele), Bibliotecas Municipales, la Comisi\u00f3n del 8M, el Movimiento Feminista de Le\u00f3n, la Fundaci\u00f3n Isadora Duncan y el Conservatorio Profesional de M\u00fasica de Le\u00f3n.<\/p>\n<p>Las actividades propuestas para la conmemoraci\u00f3n de este D\u00eda Internacional de la Mujer son muy diversas con el objetivo de llegar \u201ca cuanto m\u00e1s p\u00fablico mejor&#8221;. Las actividades que abrieron el programa fueron el encuentro sobre &#8216;Violencia Econ\u00f3mica Institucional contra las Mujeres&#8217; con la Fundaci\u00f3n Isadora Duncan y un taller de m\u00fasica tradicional del Colectivo de Mujeres Creadoras.<\/p>\n<p>Tambi\u00e9n se pudo disfrutar de la presentaci\u00f3n del libro &#8220;De la humillaci\u00f3n a la libreaci\u00f3n de las mujeres. Tiempos de rebeld\u00eday cambios sociales, de <strong>M\u00aa \u00c1ngeles Goz\u00e1lez Delgado<\/strong> ,acto del que disfrutamos el jueves 5 en el Ateneo Cultural El Alb\u00e9itar. Menci\u00f3n especial a la escritora <strong>Silvia Intaxurrondo<\/strong> que hizo lo propio el vienes 6 en el sal\u00f3n de catos del Ayuntamiento de Le\u00f3n (calle Alfonso V) con su libro &#8216;Solas en el silencio&#8217;.<img decoding=\"async\" class=\"ms-rtePosition-2\" src=\"https:\/\/www.aytoleon.es\/es\/actualidad\/noticias\/articulos\/SiteAssets\/Lists\/EntradasDeBlog\/AllPosts\/Presentaci%C3%B3n-8M-(2)-02032026.JPG\" alt=\"Presentaci\u00f3n-8M-(2)-02032026.JPG\" \/><\/p>\n<p>Un concierto did\u00e1ctico-demostrativo de casta\u00f1uelas &#8216;Mujer e identidad leonesa&#8217;, una visita guiada &#8216;Le\u00f3n avanza en femenino&#8217; por los espacios emblem\u00e1ticos del casco hist\u00f3rico de la ciudad de Le\u00f3n, la representaci\u00f3n de la obra de teatro &#8216;Mujer 10&#8217; en el Palacio del Conde Luna han sido las propuestas que acompa\u00f1aron la celebraci\u00f3n del 8M durante este s\u00e1bado. Y ya para el mismo D\u00eda Internacional de la Mujer podremos acudir al concierto teatralizado &#8220;Ni a tontas ni a locas. El cumplido de Mar\u00eda de Metzu&#8221; en el Auditorio Ciudad de Le\u00f3n.<\/p>\n<p>Mercedes Escuedero ha invitado a todos los leoneses y leonesas a participar en este programa del D\u00eda Internacional de la Mujer, \u201ca seguir haciendo 8M todos los d\u00edas del a\u00f1o y a continuar trabajando por un futuro en el que solo tengamos que hablar de personas, porque hablar de\u00a0<strong>personas\u00a0<\/strong>ser\u00e1 lo mismo que hablar de igualdad&#8221;.<\/p>\n<p>&nbsp;<\/p>\n<p><strong>Programa del 8M en Le\u00f3n<\/strong><\/p>\n<p>&nbsp;<\/p>\n<p><strong>Domingo 8 de marzo de 2026<\/strong><\/p>\n<p><strong>Manifestaci\u00f3n por el D\u00eda Internacional de la Mujer &#8211; 8 de marzo<\/strong>.\u00a0<strong>Movimiento Feminista de Le\u00f3n.<\/strong><\/p>\n<p><strong>Salida y recorrido<\/strong>: Ayuntamiento (Ordo\u00f1o II), Santo Domingo, Ram\u00f3n y Cajal, cuesta de San Isidoro, Sacramento para finalizar en la plaza de Santo Martino. Lectura manifiesto.<\/p>\n<p><strong>Hora<\/strong>: 12:00 horas.<\/p>\n<p><strong>Organiza<\/strong>: Movimiento Feminista de Le\u00f3n.<\/p>\n<p><strong>Colabora<\/strong>: Ayuntamiento de Le\u00f3n.<\/p>\n<p><strong>Domingo 8 de marzo de 2026<\/strong><\/p>\n<p><strong>Manifestaci\u00f3n por el D\u00eda Internacional de la Mujer &#8211; 8 de marzo. Comisi\u00f3n 8M Le\u00f3n.<\/strong><\/p>\n<p><strong>Salida y recorrido<\/strong>: Plaza de Guzm\u00e1n \u2013 Avda. Roma &#8211; Plaza de la Inmaculada &#8211; Gran V\u00eda de San Marcos &#8211; Plaza Santo Domingo &#8211; Avda. Independencia &#8211; Arco de \u00c1nimas &#8211; Plaza San Marcelo. Lectura manifiesto.<\/p>\n<p><strong>Hora<\/strong>: 12:00 horas.<\/p>\n<p><strong>Organiza:\u00a0<\/strong>Comisi\u00f3n 8M Le\u00f3n.<\/p>\n<p><strong>Colabora:<\/strong>\u00a0Ayuntamiento de Le\u00f3n.<\/p>\n<p><strong>Domingo 8 de marzo de 2026<\/strong><\/p>\n<p><strong>Concierto teatralizado<\/strong>.\u00a0<strong>&#8216;Ni a tontas ni a Locas. El cumplido de Mar\u00eda de Maeztu&#8217;. Pasob\u00e1sico Teatro.<\/strong><\/p>\n<p><strong>Lugar:<\/strong>\u00a0Auditorio Ciudad de Le\u00f3n.<\/p>\n<p><strong>Hora:<\/strong>\u00a019:00 horas.<\/p>\n<p>Entrada gratuita con invitaci\u00f3n. Recogida de invitaciones en la taquilla del Auditorio Ciudad de Le\u00f3n desde el d\u00eda 4 de marzo, en horario de 9:00 a 14:00 horas. M\u00e1ximo dos localidades por persona, hasta completar aforo disponible.<\/p>\n<p><strong>Organiza<\/strong>: Conservatorio Profesional de M\u00fasica de Le\u00f3n.<\/p>\n<p><strong>Colabora<\/strong>: Concejal\u00eda de Educaci\u00f3n, Turismo e Igualdad &#8211; Ayuntamiento de Le\u00f3n.<\/p>\n<p><strong>Jueves 12 de marzo de 2026<\/strong><\/p>\n<p><strong>Espect\u00e1culo de Teatro Musical &#8216;Ni soy hero\u00edna ni lo quiero ser&#8217;. Compa\u00f1\u00eda TED Teatro. (Teatro Educaci\u00f3n e Igualdad).<\/strong><\/p>\n<p><strong>Lugar:<\/strong>\u00a0Palacio Conde Luna. Plaza Conde Luna.<\/p>\n<p><strong>Hora<\/strong>: 19:30 horas.<\/p>\n<p><strong>Organiza<\/strong>: Concejal\u00eda de Educaci\u00f3n, Turismo e Igualdad &#8211; Ayuntamiento de Le\u00f3n.<\/p>\n<p>Entrada libre hasta completar aforo.<\/p>\n<p><strong>Martes 17 de marzo de 2026<\/strong><\/p>\n<p><strong>Representaci\u00f3n de obra &#8216;Lentas pero Seguras&#8217;. Compa\u00f1\u00eda Higi\u00e9nico Papel Teatro.<\/strong><\/p>\n<p><strong>Lugar<\/strong>:<strong>\u00a0<\/strong>Sal\u00f3n de Actos del Ayuntamiento de Le\u00f3n. C\/ Alfonso V.<\/p>\n<p><strong>Hora<\/strong>: 19:30 horas.<\/p>\n<p><strong>Organiza<\/strong>: Concejal\u00eda de Educaci\u00f3n, Turismo e Igualdad &#8211; Ayuntamiento de Le\u00f3n.<\/p>\n<p>Entrada libre hasta completar aforo.<\/p>\n<p><strong>Abierto el plazo de presentaci\u00f3n<\/strong><\/p>\n<p><strong>XI Certamen de Microrrelatos por la Igualdad.<\/strong><\/p>\n<p>Dirigido a alumnos de 5\u00ba y 6\u00ba de Educaci\u00f3n Primaria de los centros educativos de Le\u00f3n.<\/p>\n<p><strong>Plazo de presentaci\u00f3n:<\/strong>\u00a0Los centros podr\u00e1n enviar los microrrelatos hasta el 31 de marzo.<\/p>\n<p><strong>Organiza<\/strong>: Concejal\u00eda de Educaci\u00f3n, Turismo e Igualdad &#8211; Ayuntamiento de Le\u00f3n.\u200b<\/p>\n<p><img decoding=\"async\" class=\"ms-rtePosition-2\" src=\"https:\/\/www.aytoleon.es\/es\/actualidad\/noticias\/articulos\/SiteAssets\/Lists\/EntradasDeBlog\/AllPosts\/Cartel-8M-02032026.jpg\" alt=\"Cartel-8M-02032026.jpg\" \/><\/p>\n","protected":false},"excerpt":{"rendered":"<p>Le\u00f3n contin\u00faa conmemorando el D\u00eda Internacional de la Mujer, 8 de marzo, con un amplio y variado programa en el que tienen cabida tanto actividades reivindicativas como culturales y de formaci\u00f3n. Un programa que comenz\u00f3 el \u00e0sado mi\u00e9rcoles 4 de marzo y que se alargar\u00e1 hasta el d\u00eda 17 bajo el lema &#8220;Compromiso en igualdad&#8221;. [&hellip;]<\/p>\n","protected":false},"author":3,"featured_media":47693,"comment_status":"open","ping_status":"open","sticky":false,"template":"","format":"standard","meta":{"_acf_changed":false,"footnotes":""},"categories":[7],"tags":[364,3076,335,3077,365,354],"ppma_author":[32],"class_list":{"0":"post-47692","1":"post","2":"type-post","3":"status-publish","4":"format-standard","5":"has-post-thumbnail","7":"category-leon","8":"tag-8m","9":"tag-asele","10":"tag-auditorio-ciudad-de-leon","11":"tag-concejalia-de-igualdad","12":"tag-dia-internacional-de-la-mujer","13":"tag-isadora-duncan"},"acf":[],"authors":[{"term_id":32,"user_id":3,"is_guest":0,"slug":"redaccionleon","display_name":"Redacci\u00f3n Le\u00f3n","avatar_url":{"url":"https:\/\/social24horas.com\/contenidos\/uploads\/2024\/02\/redaccion-logo.webp","url2x":"https:\/\/social24horas.com\/contenidos\/uploads\/2024\/02\/redaccion-logo.webp"},"first_name":"","user_url":"","last_name":"","job_title":"","description":""}],"_links":{"self":[{"href":"https:\/\/social24horas.com\/api\/wp\/v2\/posts\/47692","targetHints":{"allow":["GET"]}}],"collection":[{"href":"https:\/\/social24horas.com\/api\/wp\/v2\/posts"}],"about":[{"href":"https:\/\/social24horas.com\/api\/wp\/v2\/types\/post"}],"author":[{"embeddable":true,"href":"https:\/\/social24horas.com\/api\/wp\/v2\/users\/3"}],"replies":[{"embeddable":true,"href":"https:\/\/social24horas.com\/api\/wp\/v2\/comments?post=47692"}],"version-history":[{"count":1,"href":"https:\/\/social24horas.com\/api\/wp\/v2\/posts\/47692\/revisions"}],"predecessor-version":[{"id":47694,"href":"https:\/\/social24horas.com\/api\/wp\/v2\/posts\/47692\/revisions\/47694"}],"wp:featuredmedia":[{"embeddable":true,"href":"https:\/\/social24horas.com\/api\/wp\/v2\/media\/47693"}],"wp:attachment":[{"href":"https:\/\/social24horas.com\/api\/wp\/v2\/media?parent=47692"}],"wp:term":[{"taxonomy":"category","embeddable":true,"href":"https:\/\/social24horas.com\/api\/wp\/v2\/categories?post=47692"},{"taxonomy":"post_tag","embeddable":true,"href":"https:\/\/social24horas.com\/api\/wp\/v2\/tags?post=47692"},{"taxonomy":"author","embeddable":true,"href":"https:\/\/social24horas.com\/api\/wp\/v2\/ppma_author?post=47692"}],"curies":[{"name":"wp","href":"https:\/\/api.w.org\/{rel}","templated":true}]}}