{"id":47554,"date":"2026-03-02T09:25:32","date_gmt":"2026-03-02T08:25:32","guid":{"rendered":"https:\/\/social24horas.com\/?p=47554"},"modified":"2026-03-02T13:56:16","modified_gmt":"2026-03-02T12:56:16","slug":"corderitititito-rendira-homenaje-a-martes-y-trece-y-contara-con-la-presencia-de-millan-salcedo","status":"publish","type":"post","link":"https:\/\/social24horas.com\/corderitititito-rendira-homenaje-a-martes-y-trece-y-contara-con-la-presencia-de-millan-salcedo\/","title":{"rendered":"Corderitititito rendir\u00e1 homenaje a Martes y Trece y contar\u00e1 con la presencia de Mill\u00e1n Salcedo"},"content":{"rendered":"<p>El Festival de Humor en la Calle Corderitititito celebrar\u00e1 su cuarta edici\u00f3n los d\u00edas 17, 18 y 19 de abril de 2026 en Sep\u00falveda, consolid\u00e1ndose como una de las citas culturales m\u00e1s originales y queridas del panorama humor\u00edstico en Castilla y Le\u00f3n.<\/p>\n<p>Fiel a su esencia, el festival mantendr\u00e1 su apuesta por un formato abierto y gratuito, llevando el humor en m\u00faltiples expresiones a las calles y plazas de uno de los pueblos m\u00e1s bonitos de Espa\u00f1a.<\/p>\n<p>Desde su nacimiento, Corderitititito, ha convertido Sep\u00falveda en un gran escenario al aire libre donde conviven mon\u00f3logos, micro abierto -espacio espont\u00e1neo donde el p\u00fablico comparte chistes y an\u00e9cdotas-, actuaciones musicales, cuentacuentos, feria del libro y exposiciones de ilustraci\u00f3n, todo en clave de humor.<\/p>\n<p><strong>Homenaje 2026: Martes y Trece<\/strong><\/p>\n<p>Uno de los momentos m\u00e1s esperados del festival es el homenaje anual a grandes referentes del humor espa\u00f1ol. Tras la quedada mundial de imitadores de Chiquito de la Calzada (2023), el tributo a Los Payasos de la Tele (2024) y el homenaje a Gomaespuma (2025), en 2026 el reconocimiento ser\u00e1 para el m\u00edtico d\u00fao Martes y Trece.<\/p>\n<p>El homenaje contar\u00e1 con la presencia de Mill\u00e1n Salcedo, que participar\u00e1 el s\u00e1bado 18 de abril en el acto central, previsto a mediod\u00eda en la Plaza de Espa\u00f1a de Sep\u00falveda. Ese mismo d\u00eda, a las 20:00 horas, presentar\u00e1 su espect\u00e1culo <em>PreguntaMel\u00f3n<\/em> en el Teatro Bret\u00f3n. Su participaci\u00f3n permitir\u00e1 rendir tributo a una de las etapas m\u00e1s influyentes del humor televisivo en Espa\u00f1a.<\/p>\n<p>Entre 1989 y 1997, los especiales de Nochevieja de Martes y Trece en Televisi\u00f3n Espa\u00f1ola marcaron a varias generaciones. Su humor de sketches, basado en la parodia, el juego ling\u00fc\u00edstico, la exageraci\u00f3n y la reinterpretaci\u00f3n surrealista de la vida cotidiana, dej\u00f3 personajes y momentos inolvidables como <em>La empanadilla de M\u00f3stoles<\/em>, <em>Caf\u00e9 Tacilla<\/em> o <em>Gabinete Cagalera<\/em>, adem\u00e1s de un sinf\u00edn de expresiones que a\u00fan forman parte del imaginario popular.<\/p>\n<p>Con este homenaje, el festival busca tambi\u00e9n acercar a las generaciones m\u00e1s j\u00f3venes el legado de un d\u00fao que influy\u00f3, sin duda, decisivamente en muchos humoristas actuales.<\/p>\n<p><strong>Microteatro y taller de iniciaci\u00f3n a la comedia<\/strong><\/p>\n<p>Entre las novedades de esta edici\u00f3n destaca la incorporaci\u00f3n de tres piezas de microteatro agrupadas bajo el t\u00edtulo <em>Del amor al humor en un like<\/em>, que se representar\u00e1n en el Museo de la C\u00e1rcel. Asimismo, se ha programado un taller de iniciaci\u00f3n a la comedia el fin de semana previo al Festival.<\/p>\n<p><strong>\u201cEl Edimburgo del humor en Castilla y Le\u00f3n\u201d<\/strong><\/p>\n<p>Bautizado por el actor y humorista Agust\u00edn Jim\u00e9nez como \u201cel Edimburgo del humor en Castilla y Le\u00f3n\u201d, Corderitititito se consolida como una propuesta cultural diferente impulsada por una asociaci\u00f3n sin \u00e1nimo de lucro que apuesta por el humor como punto de encuentro intergeneracional.<\/p>\n<p>La organizaci\u00f3n reivindica el humor como una actitud ante la vida y una forma de convivencia. \u201cApostamos por el pensamiento amarillo como semilla de una actitud positiva, tolerante y divertida\u201d, se\u00f1alan desde el equipo impulsor. Como reflejo de esa filosof\u00eda, el pasado mes de diciembre repartieron m\u00e1s de 4.000 semillas de flores de pensamiento entre los vecinos de la localidad, \u201cporque un pensamiento de comedia en comunidad tambi\u00e9n se siembra y se cuida\u201d.<\/p>\n<p>Ese s\u00edmbolo floral, convertido ya en se\u00f1a de identidad del festival, protagoniza tambi\u00e9n la carteler\u00eda de esta edici\u00f3n, que volver\u00e1 a situar a Sep\u00falveda como escenario de una programaci\u00f3n que combina patrimonio, cultura y comedia, atrayendo visitantes y reforzando el car\u00e1cter singular de la cita.<\/p>\n<p><strong>Pr\u00f3ximas confirmaciones y un <em>Clownfunding<\/em><\/strong><\/p>\n<p>El festival mantiene su car\u00e1cter gratuito y abierto, una de las se\u00f1as de identidad que ha contribuido a fidelizar al cada vez mayor n\u00famero de visitantes que repiten cada a\u00f1o. En coherencia con esa filosof\u00eda, la organizaci\u00f3n anunciar\u00e1 en las pr\u00f3ximas semanas el resto de artistas y humoristas que completar\u00e1n el cartel de esta edici\u00f3n.<\/p>\n<p>\u201cCorderitititito es m\u00e1s que un nombre propio en el cartel; es una experiencia cultural compartida\u201d, se\u00f1alan desde la organizaci\u00f3n, que defiende el formato como un espacio de encuentro en torno a la comedia.<\/p>\n<p>Impulsado por una asociaci\u00f3n sin \u00e1nimo de lucro, el festival requiere meses de trabajo y una importante inversi\u00f3n en log\u00edstica, producci\u00f3n y contrataci\u00f3n art\u00edstica. Aunque cuenta con apoyo institucional, la organizaci\u00f3n reconoce que esta resulta insuficiente para cubrir el conjunto de gastos.<\/p>\n<p>Por ello, como en ediciones anteriores, se pondr\u00e1 en marcha una campa\u00f1a de financiaci\u00f3n colectiva bajo el nombre de \u2018Clownfunding\u2019, a trav\u00e9s de la cual empresas y particulares podr\u00e1n colaborar mediante distintas f\u00f3rmulas de patrocinio vinculadas a escenarios, actuaciones o actividades del programa.<\/p>\n","protected":false},"excerpt":{"rendered":"<p>El Festival de Humor en la Calle Corderitititito celebrar\u00e1 su cuarta edici\u00f3n los d\u00edas 17, 18 y 19 de abril de 2026 en Sep\u00falveda, consolid\u00e1ndose como una de las citas culturales m\u00e1s originales y queridas del panorama humor\u00edstico en Castilla y Le\u00f3n. Fiel a su esencia, el festival mantendr\u00e1 su apuesta por un formato abierto [&hellip;]<\/p>\n","protected":false},"author":18,"featured_media":47555,"comment_status":"open","ping_status":"open","sticky":false,"template":"","format":"standard","meta":{"_acf_changed":false,"footnotes":""},"categories":[391,385],"tags":[3033,3034,3035],"ppma_author":[394],"class_list":{"0":"post-47554","1":"post","2":"type-post","3":"status-publish","4":"format-standard","5":"has-post-thumbnail","7":"category-ocio-y-cultura-segovia","8":"category-segovia","9":"tag-corderitititito","10":"tag-martes-y-trece","11":"tag-millan-salcedo"},"acf":[],"authors":[{"term_id":394,"user_id":18,"is_guest":0,"slug":"redaccionsegovia","display_name":"Redacci\u00f3n Segovia","avatar_url":{"url":"https:\/\/social24horas.com\/contenidos\/uploads\/2024\/02\/redaccion-logo.webp","url2x":"https:\/\/social24horas.com\/contenidos\/uploads\/2024\/02\/redaccion-logo.webp"},"first_name":"","user_url":"","last_name":"","job_title":"","description":""}],"_links":{"self":[{"href":"https:\/\/social24horas.com\/api\/wp\/v2\/posts\/47554","targetHints":{"allow":["GET"]}}],"collection":[{"href":"https:\/\/social24horas.com\/api\/wp\/v2\/posts"}],"about":[{"href":"https:\/\/social24horas.com\/api\/wp\/v2\/types\/post"}],"author":[{"embeddable":true,"href":"https:\/\/social24horas.com\/api\/wp\/v2\/users\/18"}],"replies":[{"embeddable":true,"href":"https:\/\/social24horas.com\/api\/wp\/v2\/comments?post=47554"}],"version-history":[{"count":6,"href":"https:\/\/social24horas.com\/api\/wp\/v2\/posts\/47554\/revisions"}],"predecessor-version":[{"id":47564,"href":"https:\/\/social24horas.com\/api\/wp\/v2\/posts\/47554\/revisions\/47564"}],"wp:featuredmedia":[{"embeddable":true,"href":"https:\/\/social24horas.com\/api\/wp\/v2\/media\/47555"}],"wp:attachment":[{"href":"https:\/\/social24horas.com\/api\/wp\/v2\/media?parent=47554"}],"wp:term":[{"taxonomy":"category","embeddable":true,"href":"https:\/\/social24horas.com\/api\/wp\/v2\/categories?post=47554"},{"taxonomy":"post_tag","embeddable":true,"href":"https:\/\/social24horas.com\/api\/wp\/v2\/tags?post=47554"},{"taxonomy":"author","embeddable":true,"href":"https:\/\/social24horas.com\/api\/wp\/v2\/ppma_author?post=47554"}],"curies":[{"name":"wp","href":"https:\/\/api.w.org\/{rel}","templated":true}]}}