{"id":47026,"date":"2026-01-30T02:20:04","date_gmt":"2026-01-30T01:20:04","guid":{"rendered":"https:\/\/social24horas.com\/?p=47026"},"modified":"2026-01-30T15:19:33","modified_gmt":"2026-01-30T14:19:33","slug":"casa-como-derecho-lucha-trinchera-exoesqueleto-de-la-familia-nuevo-monografico-de-la-madeja","status":"publish","type":"post","link":"https:\/\/social24horas.com\/casa-como-derecho-lucha-trinchera-exoesqueleto-de-la-familia-nuevo-monografico-de-la-madeja\/","title":{"rendered":"Casa como derecho, lucha, trinchera, exoesqueleto de la familia: nuevo monogr\u00e1fico de La Madeja"},"content":{"rendered":"<p>\u201cA esta casa la oigo respirar\u201d, escribe In\u00e9s Gonz\u00e1lez en uno de los cap\u00edtulos de \u201cCasas\u201d, el nuevo monogr\u00e1fico de la revista La Madeja (publicaci\u00f3n feminista anual del colectivo asturiano Cambalache): \u201cDesde que vivimos aqu\u00ed no puedo parar de pensar en quienes habitaron esta casa antes que nosotras\u201d. Este s\u00e1bado 31 de enero, a las 12:00 en La Casa de las Palabras (CGT Valladolid, c\/ San Ignacio, 9), tendr\u00e1 lugar la esperada presentaci\u00f3n oficial en la capital pucelana.<\/p>\n<p>La huella vallisoletana en este n\u00famero de La Madeja hace de este encuentro un momento muy especial para varias de las art\u00edfices del proyecto. Irene Choya, por ejemplo, es miembro del equipo de redacci\u00f3n de La Madeja y capitanear\u00e1 el evento literario del s\u00e1bado. Choya explica en conversaci\u00f3n con Social24Horas el modus operandi de esta publicaci\u00f3n coral: la \u00fanica pista con la que cuentan las colaboradoras es el nombre de la tem\u00e1tica. Tirando de ese hilo, tienen v\u00eda libre para pensar y proponer contenidos y formatos, lo que sienten, lo que se les ocurre.<\/p>\n<p>\u201cEl tema de la crisis de la vivienda estaba encima de la mesa, por supuesto\u201d, reconoce la editora. Pero tambi\u00e9n la memoria hist\u00f3rica, el desarraigo, \u201co cuando la casa hace da\u00f1o, cuando no es un lugar seguro\u201d, tem\u00e1tica puesta en escena por la periodista, escritora y educadora social Laura Fraile, en un texto basado en su experiencia en casas de acogida de menores.<\/p>\n<p>La artista deMayo Cisneros, otra de las protagonistas de la presentaci\u00f3n, participa en la decimotercera aventura de La Madeja con una adaptaci\u00f3n de &#8220;voces&#8221;, un proceso de investigaci\u00f3n art\u00edstica que inici\u00f3 en 2023. El trabajo ten\u00eda como finalidad \u201cconocer la opini\u00f3n de personas con diferentes realidades sociales a la hora de construir un hogar\u201d.<\/p>\n<p>Tanto en el grupo de trabajo creado exprofeso en colaboraci\u00f3n con Fundaci\u00f3n Intras, como en el prol\u00edfico di\u00e1logo postal que mantuvo a diestro y siniestro durante unos meses, deMayo Cisneros plante\u00f3 cuestiones sobre el entorno familiar, laboral y social a fin de confeccionar esta reflexi\u00f3n sobre el hogar. El resultado de dicha investigaci\u00f3n se pudo visitar en la exposici\u00f3n que realiz\u00f3 en Galer\u00edas VA ese mismo a\u00f1o.<\/p>\n<figure id=\"attachment_47030\" aria-describedby=\"caption-attachment-47030\" style=\"width: 1024px\" class=\"wp-caption alignnone\"><img data-dominant-color=\"62657a\" data-has-transparency=\"false\" style=\"--dominant-color: #62657a;\" loading=\"lazy\" loading=\"lazy\" decoding=\"async\" class=\"size-large wp-image-47030 not-transparent\" src=\"https:\/\/social24horas.com\/contenidos\/uploads\/2026\/01\/WhatsApp-Image-2026-01-28-at-18.14.53-2-1024x908.avif\" alt=\"Cubierta del monogr\u00e1fico &quot;Casas&quot;, de La Madeja\" width=\"1024\" height=\"908\" \/><figcaption id=\"caption-attachment-47030\" class=\"wp-caption-text\">Cubierta del monogr\u00e1fico &#8220;Casas&#8221;, de La Madeja<\/figcaption><\/figure>\n<p>Terminando por el principio y por las primeras p\u00e1ginas, la abogada y activista Carmen Castro, que tambi\u00e9n participar\u00e1 en la velada de La Casa de las Palabras, inaugura los cap\u00edtulos de este n\u00famero de la revista preguntando a un mont\u00f3n de personas qu\u00e9 significa, para ellos, casa. Es el punto de partida.<\/p>\n<p>Parece tan simple que Castro pensaba inocentemente que la mayor\u00eda de las respuestas ser\u00edan similares; sin embargo, al recopilar definiciones entre gente de edades tremendamente dispares se top\u00f3 con la belleza de las buenas ideas (&#8220;Casa es el exoesqueleto de la familia&#8221;, le dijo su abuelo Jos\u00e9 Luis, de 95 a\u00f1os). Su peque\u00f1o estudio, ese informe de apertura sin pretensiones, es de donde surge todo lo dem\u00e1s: porque resulta que, como recoge este particular cuestionario, casa es el lugar donde una es sincera; casa es el lugar que se\u00f1ala E.T. con el dedo; casa es el lugar donde el que la lleva, por mucho que lo intente, no te puede pillar.<\/p>\n<p><strong>V.D.L.<\/strong><\/p>\n","protected":false},"excerpt":{"rendered":"<p>\u201cA esta casa la oigo respirar\u201d, escribe In\u00e9s Gonz\u00e1lez en uno de los cap\u00edtulos de \u201cCasas\u201d, el nuevo monogr\u00e1fico de la revista La Madeja (publicaci\u00f3n feminista anual del colectivo asturiano Cambalache): \u201cDesde que vivimos aqu\u00ed no puedo parar de pensar en quienes habitaron esta casa antes que nosotras\u201d. Este s\u00e1bado 31 de enero, a las [&hellip;]<\/p>\n","protected":false},"author":19,"featured_media":47028,"comment_status":"open","ping_status":"open","sticky":false,"template":"","format":"standard","meta":{"_acf_changed":false,"footnotes":""},"categories":[702,697],"tags":[2801,2799,2804,1251,2802,2807,2800,2803,2797,2805,2806,2798,588],"ppma_author":[705],"class_list":{"0":"post-47026","1":"post","2":"type-post","3":"status-publish","4":"format-standard","5":"has-post-thumbnail","7":"category-ocio-y-cultura-valladolid","8":"category-valladolid","9":"tag-carmen-castro","10":"tag-casas-la-madeja","11":"tag-cgt-igualdad","12":"tag-cgt-valladolid","13":"tag-de-mayo-cisneros","14":"tag-demayo-cisneros","15":"tag-irene-choya","16":"tag-la-casa-de-las-palabras","17":"tag-la-madeja","18":"tag-monografico-madeja","19":"tag-revista-feminista","20":"tag-revista-la-madeja","21":"tag-vivienda"},"acf":[],"authors":[{"term_id":705,"user_id":19,"is_guest":0,"slug":"redaccionvalladolid","display_name":"Redacci\u00f3n Valladolid","avatar_url":{"url":"https:\/\/social24horas.com\/contenidos\/uploads\/2024\/02\/redaccion-logo.webp","url2x":"https:\/\/social24horas.com\/contenidos\/uploads\/2024\/02\/redaccion-logo.webp"},"first_name":"","user_url":"","last_name":"","job_title":"","description":""}],"_links":{"self":[{"href":"https:\/\/social24horas.com\/api\/wp\/v2\/posts\/47026","targetHints":{"allow":["GET"]}}],"collection":[{"href":"https:\/\/social24horas.com\/api\/wp\/v2\/posts"}],"about":[{"href":"https:\/\/social24horas.com\/api\/wp\/v2\/types\/post"}],"author":[{"embeddable":true,"href":"https:\/\/social24horas.com\/api\/wp\/v2\/users\/19"}],"replies":[{"embeddable":true,"href":"https:\/\/social24horas.com\/api\/wp\/v2\/comments?post=47026"}],"version-history":[{"count":7,"href":"https:\/\/social24horas.com\/api\/wp\/v2\/posts\/47026\/revisions"}],"predecessor-version":[{"id":47039,"href":"https:\/\/social24horas.com\/api\/wp\/v2\/posts\/47026\/revisions\/47039"}],"wp:featuredmedia":[{"embeddable":true,"href":"https:\/\/social24horas.com\/api\/wp\/v2\/media\/47028"}],"wp:attachment":[{"href":"https:\/\/social24horas.com\/api\/wp\/v2\/media?parent=47026"}],"wp:term":[{"taxonomy":"category","embeddable":true,"href":"https:\/\/social24horas.com\/api\/wp\/v2\/categories?post=47026"},{"taxonomy":"post_tag","embeddable":true,"href":"https:\/\/social24horas.com\/api\/wp\/v2\/tags?post=47026"},{"taxonomy":"author","embeddable":true,"href":"https:\/\/social24horas.com\/api\/wp\/v2\/ppma_author?post=47026"}],"curies":[{"name":"wp","href":"https:\/\/api.w.org\/{rel}","templated":true}]}}