{"id":47015,"date":"2026-01-29T19:37:05","date_gmt":"2026-01-29T18:37:05","guid":{"rendered":"https:\/\/social24horas.com\/?p=47015"},"modified":"2026-01-29T19:42:16","modified_gmt":"2026-01-29T18:42:16","slug":"un-monstruo-viene-a-verme-arte-educacion-y-empatia-para-concienciar-sobre-el-cancer-y-su-impacto","status":"publish","type":"post","link":"https:\/\/social24horas.com\/un-monstruo-viene-a-verme-arte-educacion-y-empatia-para-concienciar-sobre-el-cancer-y-su-impacto\/","title":{"rendered":"\u201cUn monstruo viene a verme\u201d: arte, educaci\u00f3n y empat\u00eda para concienciar sobre el c\u00e1ncer y su impacto"},"content":{"rendered":"<p>El D\u00eda Mundial Contra el C\u00e1ncer llega con teatro este a\u00f1o a Valladolid. El mi\u00e9rcoles 4 de febrero, a las 19:30, en el teatro Calder\u00f3n se unen las artes esc\u00e9nicas y la solidaridad y el esfuerzo frente a esta enfermedad en un montaje inolvidable: <a href=\"https:\/\/tcalderon.com\/evento\/un-monstruo-viene-a-verme\/\" target=\"_blank\" rel=\"noopener\"><em>Un monstruo viene a verme<\/em><\/a> (direcci\u00f3n de Jos\u00e9 Luis Arellano Garc\u00eda; compa\u00f1\u00eda La Joven).<\/p>\n<p>La escritora brit\u00e1nica Siobhan Dowd, diagnosticada de c\u00e1ncer de mama en septiembre de 2004, comenz\u00f3 a escribir en aquella \u00e9poca una historia sobre un ni\u00f1o que se enfrentaba a la enfermedad terminal de su madre. Patrick Ness fue invitado por su editor a escribir la novela bas\u00e1ndose en la idea que Siobhan hab\u00eda dejado escrita antes de morir en 2007.<\/p>\n<p>La novela se public\u00f3 en 2011 con una excepcional acogida. En 2016 Juan Antonio Bayona estrena en cines una aclamada adaptaci\u00f3n que recibi\u00f3 nueve Premios Goya. En 2018, el Teatro Old Vic de Londres estrena una versi\u00f3n teatral que gir\u00f3 por Reino Unido y Estados Unidos con una calurosa recepci\u00f3n por parte de p\u00fablico y cr\u00edtica.<\/p>\n<p>Dentro de la iniciativa \u201cTodos Contra el C\u00e1ncer\u201d de la Asociaci\u00f3n Espa\u00f1ola Contra el C\u00e1ncer, <em>Un monstruo viene a verme<\/em> combina arte, educaci\u00f3n y empat\u00eda para concienciar sobre el c\u00e1ncer y su impacto. La obra, y la colaboraci\u00f3n con La Joven, es una herramienta pedag\u00f3gica que acerca a los estudiantes al c\u00e1ncer desde una perspectiva humana y sensibilizadora. Con esta propuesta, se impulsa el apoyo emocional fundamental para quienes enfrentan esta enfermedad, fortaleciendo a la sociedad desde las aulas.<\/p>\n<p>El montaje es, por tanto, una de las piezas fundamentales del eje de divulgaci\u00f3n de \u201cTodos Contra el C\u00e1ncer\u201d, que busca mejorar la prevenci\u00f3n, investigaci\u00f3n y detecci\u00f3n temprana del c\u00e1ncer, con la ambiciosa meta de alcanzar un 70% de supervivencia para el a\u00f1o 2030.<\/p>\n<p>Gracias a la colaboraci\u00f3n del equipo art\u00edstico y pedag\u00f3gico de La Joven (un proyecto de la Fundaci\u00f3n Teatro Joven, que une a profesionales de las artes esc\u00e9nicas con la comunidad docente), esta adaptaci\u00f3n teatral no ha parado de recorrer ciudades espa\u00f1olas en los \u00faltimos meses, impactando a m\u00e1s de 30 000 chavalas y chavales. La meta es seguir propagando este mensaje y llevar la obra a cada rinc\u00f3n de Espa\u00f1a, generando una nueva mentalidad en las futuras generaciones sobre la importancia de la lucha contra el c\u00e1ncer.<\/p>\n","protected":false},"excerpt":{"rendered":"<p>El D\u00eda Mundial Contra el C\u00e1ncer llega con teatro este a\u00f1o a Valladolid. El mi\u00e9rcoles 4 de febrero, a las 19:30, en el teatro Calder\u00f3n se unen las artes esc\u00e9nicas y la solidaridad y el esfuerzo frente a esta enfermedad en un montaje inolvidable: Un monstruo viene a verme (direcci\u00f3n de Jos\u00e9 Luis Arellano Garc\u00eda; [&hellip;]<\/p>\n","protected":false},"author":19,"featured_media":47016,"comment_status":"open","ping_status":"open","sticky":false,"template":"","format":"standard","meta":{"_acf_changed":false,"footnotes":""},"categories":[1,697],"tags":[1162,1533,2237,2789,1537,2788,2787,1478,2790],"ppma_author":[705],"class_list":{"0":"post-47015","1":"post","2":"type-post","3":"status-publish","4":"format-standard","5":"has-post-thumbnail","7":"category-nacional","8":"category-valladolid","9":"tag-aecc","10":"tag-aecc-valladolid","11":"tag-asociacion-espanola-contra-el-cancer","12":"tag-calderon-valladolid","13":"tag-cancer-valladolid","14":"tag-compania-la-joven","15":"tag-la-joven","16":"tag-teatro-calderon","17":"tag-un-monstruo-viene-a-verme"},"acf":[],"authors":[{"term_id":705,"user_id":19,"is_guest":0,"slug":"redaccionvalladolid","display_name":"Redacci\u00f3n Valladolid","avatar_url":{"url":"https:\/\/social24horas.com\/contenidos\/uploads\/2024\/02\/redaccion-logo.webp","url2x":"https:\/\/social24horas.com\/contenidos\/uploads\/2024\/02\/redaccion-logo.webp"},"first_name":"","user_url":"","last_name":"","job_title":"","description":""}],"_links":{"self":[{"href":"https:\/\/social24horas.com\/api\/wp\/v2\/posts\/47015","targetHints":{"allow":["GET"]}}],"collection":[{"href":"https:\/\/social24horas.com\/api\/wp\/v2\/posts"}],"about":[{"href":"https:\/\/social24horas.com\/api\/wp\/v2\/types\/post"}],"author":[{"embeddable":true,"href":"https:\/\/social24horas.com\/api\/wp\/v2\/users\/19"}],"replies":[{"embeddable":true,"href":"https:\/\/social24horas.com\/api\/wp\/v2\/comments?post=47015"}],"version-history":[{"count":3,"href":"https:\/\/social24horas.com\/api\/wp\/v2\/posts\/47015\/revisions"}],"predecessor-version":[{"id":47019,"href":"https:\/\/social24horas.com\/api\/wp\/v2\/posts\/47015\/revisions\/47019"}],"wp:featuredmedia":[{"embeddable":true,"href":"https:\/\/social24horas.com\/api\/wp\/v2\/media\/47016"}],"wp:attachment":[{"href":"https:\/\/social24horas.com\/api\/wp\/v2\/media?parent=47015"}],"wp:term":[{"taxonomy":"category","embeddable":true,"href":"https:\/\/social24horas.com\/api\/wp\/v2\/categories?post=47015"},{"taxonomy":"post_tag","embeddable":true,"href":"https:\/\/social24horas.com\/api\/wp\/v2\/tags?post=47015"},{"taxonomy":"author","embeddable":true,"href":"https:\/\/social24horas.com\/api\/wp\/v2\/ppma_author?post=47015"}],"curies":[{"name":"wp","href":"https:\/\/api.w.org\/{rel}","templated":true}]}}