{"id":46953,"date":"2026-01-23T08:05:45","date_gmt":"2026-01-23T07:05:45","guid":{"rendered":"https:\/\/social24horas.com\/?p=46953"},"modified":"2026-01-23T08:23:48","modified_gmt":"2026-01-23T07:23:48","slug":"controvertida-planta-de-biometano-donde-acaba-tierra-de-campos-nuevo-escenario-de-tension-vecinal","status":"publish","type":"post","link":"https:\/\/social24horas.com\/controvertida-planta-de-biometano-donde-acaba-tierra-de-campos-nuevo-escenario-de-tension-vecinal\/","title":{"rendered":"Controvertida planta de biometano donde acaba Tierra de Campos: nuevo escenario de tensi\u00f3n vecinal"},"content":{"rendered":"<p style=\"text-align: left;\">Un peque\u00f1o pueblo de ciento diecisiete habitantes, Melgar de Abajo, perteneciente a la comarca de Tierra de Campos, es el nuevo escenario del dilema que se plantea con la llegada de grandes plantas industriales de energ\u00eda renovable a las profundidades de la Espa\u00f1a vaciada. La percepci\u00f3n que los ciudadanos tienen de este tipo de energ\u00eda es positiva, pero el impacto a diferentes niveles que deja su aterrizaje all\u00e1 donde el plano marca un proyecto, a veces genera tensi\u00f3n.<\/p>\n<p>Biorig es la divisi\u00f3n de gases renovables de Solarig, empresa soriana presente en una docena de pa\u00edses. Hace tiempo que la compa\u00f1\u00eda puso sus ojos en unos terrenos en los que poca gente se hab\u00eda fijado. Para ellos, es una gran oportunidad y una gran apuesta; para la otra parte, la gente del pueblo, su idea (una planta de biometano) no se sostiene ni desde el punto de vista l\u00f3gico ni medioambiental ni urban\u00edstico.<\/p>\n<p>En febrero de 2025 se constituy\u00f3 la Plataforma Melgar de Abajo Saludable, formada por gente que proviene del pueblo, que vive en el pueblo, que est\u00e1 empadronada all\u00ed o, que de alguna manera, tiene fuertes v\u00ednculos con esta min\u00fascula localidad fronteriza entre Valladolid y Le\u00f3n. Cansados de no recibir respuesta oficial a sus constantes peticiones por escrito al Ayuntamiento (para recibir informaci\u00f3n, para concertar reuniones) decidieron enviar una cascada de alegaciones a la Junta de Castilla y Le\u00f3n.<\/p>\n<p>En estos documentos de queja los vecinos desgranan sus argumentos: el proyecto se sit\u00faa en terreno calificado como r\u00fastico com\u00fan, incompatible con el uso industrial que se pretende; hay zonas de especial conservaci\u00f3n (ZEC) cercanas que se ven afectadas, sobre todo por la p\u00e9rdida efectiva del h\u00e1bitat de la fauna que de forma natural est\u00e1 presente en el entorno; y hay vi\u00f1edos de la Denominaci\u00f3n de Origen Le\u00f3n a menos de 200 metros de la parcela en la que pretende instalarse la planta.<\/p>\n<p>La diferencia de peso de los dos p\u00fagiles (plataforma vecinal y empresa) es notable a todas luces, lo cual hace que el camino sea muy cuesta arriba. \u201cEst\u00e1 siendo dif\u00edcil porque la primera administraci\u00f3n que no est\u00e1 facilitando las cosas es el propio Ayuntamiento de Melgar de Abajo\u201d, se\u00f1ala Enrique R\u00edos Arg\u00fcello, portavoz de la Plataforma Melgar de Abajo Saludable, en conversaci\u00f3n con Social24Horas. \u201cEl d\u00eda 15 de enero, cinco d\u00edas antes de que terminara el plazo de alegaciones, la secretaria general, atendiendo a una petici\u00f3n que directamente le hac\u00edamos a ella, nos facilit\u00f3 copia de un informe de la Diputaci\u00f3n de Valladolid (de noviembre de 2024), un informe negativo para la empresa\u201d. Nada se sabe de este informe en la solicitud del proyecto que la empresa ha presentado a la Junta de Castilla y Le\u00f3n. Ayuntamiento y empresa han hecho caso omiso de este informe, lo han ignorado.<\/p>\n<p>Es de suponer que el consistorio municipal ve una oportunidad econ\u00f3mica en todo esto. \u201cDirectamente no nos lo han dicho, pero parece ser que s\u00ed, que piensan en alg\u00fan tipo de beneficio econ\u00f3mico que no acertamos a entender\u201d, comenta R\u00edos Arg\u00fcello: \u201cEl proyecto habla de la creaci\u00f3n de nueve puestos de trabajo, algunos de alta cualificaci\u00f3n. Por lo que sea, en la zona no hay ese perfil. Otros son de mantenimiento; y temas de mantenimiento, lo sabemos bien, se llevan desde empresas de mantenimiento de ciudades grandes\u201d.<\/p>\n<figure id=\"attachment_46955\" aria-describedby=\"caption-attachment-46955\" style=\"width: 1024px\" class=\"wp-caption alignnone\"><img data-dominant-color=\"7c878e\" data-has-transparency=\"false\" style=\"--dominant-color: #7c878e;\" loading=\"lazy\" loading=\"lazy\" decoding=\"async\" class=\"size-large wp-image-46955 not-transparent\" src=\"https:\/\/social24horas.com\/contenidos\/uploads\/2026\/01\/melgar-de-abajo2-1024x653.avif\" alt=\"Los \u00faltimos meses las protestas han ido creciendo en este peque\u00f1o pueblo de la comarca de Tierra de Campos. Foto: Plataforma Melgar de Abajo Saludable\" width=\"1024\" height=\"653\" \/><figcaption id=\"caption-attachment-46955\" class=\"wp-caption-text\">Los \u00faltimos meses las protestas han ido creciendo en este peque\u00f1o pueblo de la comarca de Tierra de Campos. Foto: Plataforma Melgar de Abajo Saludable<\/figcaption><\/figure>\n<p>Dando vueltas al dilema del que surge el conflicto, desde la Plataforma Melgar de Abajo Saludable no se cansan de repetir que no est\u00e1n en contra de las energ\u00edas renovables o del biometano en s\u00ed mismo, siempre que la iniciativa tenga algo de l\u00f3gica. El susodicho biometano es un gas combustible con una elevada concentraci\u00f3n de metano que se obtiene a partir del biog\u00e1s o del syngas, que tienen un contenido en metano por debajo del 70 %. Puede originarse a partir de desechos biol\u00f3gicos, cultivos energ\u00e9ticos, lodos de aguas residuales o residuos org\u00e1nicos dom\u00e9sticos e industriales. Existen dos destinos finales: la inyecci\u00f3n en la red gasista, mezclado con gas natural para utilizarlo en los sectores calefacci\u00f3n y transporte, o la producci\u00f3n de energ\u00eda el\u00e9ctrica.<\/p>\n<p>El pecado original, remarca el portavoz del colectivo, es plantearse, en un poblado de tan escasas dimensiones, \u201cuna macroplanta de 198.000 toneladas anuales, cuando la ciudad de Valladolid, en un a\u00f1o entero, genera 110.000 toneladas de basura\u201d. Tampoco tiene ning\u00fan sentido, seg\u00fan los vecinos, que no haya tomas de luz y la potencia suficiente para que la planta funcione, \u201cy tengan que hacer una l\u00ednea de media tensi\u00f3n desde San Pedro de las Due\u00f1as, recorriendo 21 km de distancia a trav\u00e9s de cinco seis municipios leoneses y vallisoletanos para darle luz a esta planta\u201d. El gas generado se llevar\u00eda luego a una planta que est\u00e1 a casi cincuenta kil\u00f3metros, en San Mill\u00e1n de los Caballeros, junto Valencia de Don Juan.<\/p>\n<p>La Denominaci\u00f3n de Origen Le\u00f3n, la Asociaci\u00f3n para el Desarrollo del Vi\u00f1edo de la Ribera del Cea (AVICEA), la Confederaci\u00f3n de Centros de Desarrollo Rural, Melgarajo, Ecologistas en Acci\u00f3n y la Asociaci\u00f3n de Turismo Ruta del Vino de Le\u00f3n han sido otros de los colectivos que han presentado alegaciones.<\/p>\n<p>El futuro, para la Plataforma Melgar de Abajo Saludable, con el periodo de alegaciones ya cerrado, solo tiene una direcci\u00f3n: vigilar con m\u00e1xima atenci\u00f3n el transcurso del proceso. Si la empresa recibiera alg\u00fan requerimiento de la Junta de Castilla y Le\u00f3n para subsanar alg\u00fan posible defecto, los vecinos aprovechar\u00edan la oportunidad para presentar nuevas alegaciones sobre las irregularidades detectadas. El objetivo final es que la Junta de Castilla y Le\u00f3n comprenda sus demandas, deniegue la autorizaci\u00f3n de la planta y archive el expediente. Hasta que ese momento no llegue, seguir\u00e1 la lucha all\u00e1 donde acaba Tierra de Campos.<\/p>\n<p><strong>V\u00edctor David L\u00f3pez<\/strong><\/p>\n","protected":false},"excerpt":{"rendered":"<p>Un peque\u00f1o pueblo de ciento diecisiete habitantes, Melgar de Abajo, perteneciente a la comarca de Tierra de Campos, es el nuevo escenario del dilema que se plantea con la llegada de grandes plantas industriales de energ\u00eda renovable a las profundidades de la Espa\u00f1a vaciada. La percepci\u00f3n que los ciudadanos tienen de este tipo de energ\u00eda [&hellip;]<\/p>\n","protected":false},"author":19,"featured_media":46954,"comment_status":"open","ping_status":"open","sticky":false,"template":"","format":"standard","meta":{"_acf_changed":false,"footnotes":""},"categories":[699,1,697],"tags":[2368,2769,728,2770,2767,2766,2768],"ppma_author":[705],"class_list":{"0":"post-46953","1":"post","2":"type-post","3":"status-publish","4":"format-standard","5":"has-post-thumbnail","7":"category-bienestar-social-valladolid","8":"category-nacional","9":"category-valladolid","10":"tag-castilla-vaciada","11":"tag-energias-renovables","12":"tag-espana-vaciada","13":"tag-melgar-biometano","14":"tag-melgar-de-abajo","15":"tag-planta-biometano","16":"tag-plataforma-melgar-de-abajo-saludable"},"acf":[],"authors":[{"term_id":705,"user_id":19,"is_guest":0,"slug":"redaccionvalladolid","display_name":"Redacci\u00f3n Valladolid","avatar_url":{"url":"https:\/\/social24horas.com\/contenidos\/uploads\/2024\/02\/redaccion-logo.webp","url2x":"https:\/\/social24horas.com\/contenidos\/uploads\/2024\/02\/redaccion-logo.webp"},"first_name":"","user_url":"","last_name":"","job_title":"","description":""}],"_links":{"self":[{"href":"https:\/\/social24horas.com\/api\/wp\/v2\/posts\/46953","targetHints":{"allow":["GET"]}}],"collection":[{"href":"https:\/\/social24horas.com\/api\/wp\/v2\/posts"}],"about":[{"href":"https:\/\/social24horas.com\/api\/wp\/v2\/types\/post"}],"author":[{"embeddable":true,"href":"https:\/\/social24horas.com\/api\/wp\/v2\/users\/19"}],"replies":[{"embeddable":true,"href":"https:\/\/social24horas.com\/api\/wp\/v2\/comments?post=46953"}],"version-history":[{"count":4,"href":"https:\/\/social24horas.com\/api\/wp\/v2\/posts\/46953\/revisions"}],"predecessor-version":[{"id":46964,"href":"https:\/\/social24horas.com\/api\/wp\/v2\/posts\/46953\/revisions\/46964"}],"wp:featuredmedia":[{"embeddable":true,"href":"https:\/\/social24horas.com\/api\/wp\/v2\/media\/46954"}],"wp:attachment":[{"href":"https:\/\/social24horas.com\/api\/wp\/v2\/media?parent=46953"}],"wp:term":[{"taxonomy":"category","embeddable":true,"href":"https:\/\/social24horas.com\/api\/wp\/v2\/categories?post=46953"},{"taxonomy":"post_tag","embeddable":true,"href":"https:\/\/social24horas.com\/api\/wp\/v2\/tags?post=46953"},{"taxonomy":"author","embeddable":true,"href":"https:\/\/social24horas.com\/api\/wp\/v2\/ppma_author?post=46953"}],"curies":[{"name":"wp","href":"https:\/\/api.w.org\/{rel}","templated":true}]}}