{"id":46856,"date":"2026-01-14T19:32:20","date_gmt":"2026-01-14T18:32:20","guid":{"rendered":"https:\/\/social24horas.com\/?p=46856"},"modified":"2026-03-05T20:02:00","modified_gmt":"2026-03-05T19:02:00","slug":"la-hora-de-rocio-torio-primer-disco-por-fin-al-final-la-gente-ve-la-autenticidad","status":"publish","type":"post","link":"https:\/\/social24horas.com\/la-hora-de-rocio-torio-primer-disco-por-fin-al-final-la-gente-ve-la-autenticidad\/","title":{"rendered":"La hora de Roc\u00edo Tor\u00edo (primer disco, por fin): \u201cAl final, la gente ve la autenticidad\u201d"},"content":{"rendered":"<p>Los sencillos que ha ido sacando a la luz en los \u00faltimos meses (<em>Pechito de cristal<\/em>, <em>Mi prioridad<\/em>, <em>Humo<\/em>, <em>Tortura y placer<\/em>) ya presagiaban que la cosa iba en serio. Roc\u00edo Tor\u00edo (1994), vallisoletana nacida en Madrid, necesitaba ense\u00f1ar a la gente \u201cde qu\u00e9 iba la vaina\u201d. Ahora lanza con todas sus fuerzas su primer LP, <em>El d\u00eda que compre flores<\/em>.<\/p>\n<p>La vocalista de De Perdidos, reciente ganadora del concurso UVA Sound Demo, presenta el trabajo este jueves 15 de enero en Madrid (Jazzville, 21:30). El lanzamiento oficial ser\u00e1 el 23 de enero. El d\u00eda antes (22\/01) en Bicoca Records (Valladolid), lo estrena ante su gente y su cuidad. M\u00e1s tarde llegar\u00e1 el concierto del 6 de marzo en la sala Al Norte a la izquierda.<\/p>\n<p><strong>PREGUNTA. Presentaci\u00f3n y lanzamiento del primer disco, que te acaba de llegar a las manos, por cierto. \u00bfMuchas mariposas revoloteando en el est\u00f3mago?<\/strong><\/p>\n<p>RESPUESTA. S\u00ed, pero m\u00e1s que nervios es rollo de emoci\u00f3n total. Es el primer disco que saco, me hace much\u00edsima ilusi\u00f3n, hemos estado trabajando un mont\u00f3n adem\u00e1s. Entre la maquetaci\u00f3n de los temas, la grabaci\u00f3n y la producci\u00f3n hemos estado m\u00e1s de un a\u00f1o. Son temas que llevo conmigo desde hace mucho tiempo. Ya me apetec\u00eda d\u00e1rselos al mundo, no qued\u00e1rmelos para m\u00ed.<\/p>\n<p><strong>P. El camino est\u00e1 siendo muy entretenido; \u00bflo est\u00e1s disfrutando?<\/strong><\/p>\n<p>R. Es verdad que desde bien peque\u00f1a he tenido claro que quer\u00eda dedicarme al arte y lo he investigado de muchas formas. Hice bachillerato de artes, me acab\u00e9 metiendo m\u00e1s en audiovisual, en imagen e iluminaci\u00f3n, y me gusta todo el mundo art\u00edstico. Pero es verdad que me tiraba mucho la m\u00fasica y la voz. Es un camino dif\u00edcil pero muy entretenido, s\u00ed, muy gratificante. Y yo tengo la suerte de que tengo mucho apoyo familiar y mucho apoyo en mis amistades, compa\u00f1eros y dem\u00e1s. Entonces se hace todo mucho m\u00e1s f\u00e1cil.<\/p>\n<p><strong>P. M\u00e1s de un a\u00f1o de trabajo en este disco; \u00bfqu\u00e9 aprendizajes te deja todo este proceso?<\/strong><\/p>\n<p>R. Gestionar mejor la parte econ\u00f3mica. Al final, es un proyecto autogestionado. Gestionar a d\u00f3nde va el dinero, para no malgastarlo, para invertirlo lo mejor posible. E invertir mejor el tiempo tambi\u00e9n. Saber con qui\u00e9n est\u00e1s trabajando y d\u00f3nde pones tu energ\u00eda, para que no se desparrame. Yo con De Perdidos ya hab\u00eda grabado disco, eso no ha sido una experiencia nueva, pero es verdad que ahora la que tomaba las decisiones era solamente yo. Tengo apoyo, tengo gente que opina, pero al final la \u00faltima decisi\u00f3n es m\u00eda, no grupal. Ah\u00ed est\u00e1 la diferencia.<\/p>\n<p><strong>P. Retrocediendo un poco en tu biograf\u00eda, \u00bfc\u00f3mo surge lo de participar en el concurso de talentos La Voz?<\/strong><\/p>\n<p>R. [Se r\u00ede] Pues mira, siempre he sido muy reacia a este tipo de concursos, porque adem\u00e1s, a pesar de mi experiencia en los escenarios, siempre me pongo muy nerviosa. El tema de un casting era horroroso para m\u00ed. Lo de que alguien te est\u00e9 escuchando y juzgando. El caso es que 2024 fue un a\u00f1o un poco duro en cuanto a trabajo. Hubo un momento en el que tuve muchas dudas, mucha incertidumbre, no sab\u00eda qu\u00e9 hacer, si seguir este camino&#8230; Entonces un amigo me dijo que hab\u00eda una chica que estaba buscando gente para el casting de La Voz. Y dije bueno venga, pues me apunto.<\/p>\n<p><strong>P. No hab\u00eda nada que perder.<\/strong><\/p>\n<p>R. S\u00ed, total, no hay nada que perder, es hacer el casting, y es una experiencia m\u00e1s. Y al final me sali\u00f3 bien.<\/p>\n<p><strong>P. Dejaste momentos bell\u00edsimos como la interpretaci\u00f3n de \u201cMe cuesta tanto olvidarte\u201d, de Mecano. Visto en perspectiva, a\u00f1o y pico despu\u00e9s, \u00bfqu\u00e9 balance te queda de la experiencia?<\/strong><\/p>\n<p>R. Pues s\u00ed que es verdad que a veces pienso que pod\u00eda haber dado m\u00e1s, haber dado m\u00e1s juego en el programa, pero al final das lo que te permiten dar. En perspectiva pienso lo mismo que cuando acab\u00f3 el programa: lo disfrut\u00e9 un mont\u00f3n, todos los programas, que es lo que me hab\u00eda propuesto. Sal\u00ed satisfecha. En todos los programas echaban como a la mitad de la gente, entonces nunca sab\u00edas cu\u00e1ndo era tu \u00faltimo d\u00eda. Estoy muy satisfecha de todas las actuaciones que hice all\u00ed.<\/p>\n<figure id=\"attachment_46858\" aria-describedby=\"caption-attachment-46858\" style=\"width: 1024px\" class=\"wp-caption alignnone\"><img data-dominant-color=\"403921\" data-has-transparency=\"false\" style=\"--dominant-color: #403921;\" loading=\"lazy\" loading=\"lazy\" decoding=\"async\" class=\"size-large wp-image-46858 not-transparent\" src=\"https:\/\/social24horas.com\/contenidos\/uploads\/2026\/01\/rocio-torio2-1024x752.avif\" alt=\"Roc\u00edo Tor\u00edo es una de las protagonistas del espect\u00e1culo &quot;Hijas de Eva&quot;, de la compa\u00f1\u00eda Fresas con Nata. Foto: Mihail Atanasov\" width=\"1024\" height=\"752\" \/><figcaption id=\"caption-attachment-46858\" class=\"wp-caption-text\">Roc\u00edo Tor\u00edo es una de las protagonistas del espect\u00e1culo &#8220;Hijas de Eva&#8221;, de la compa\u00f1\u00eda Fresas con Nata. Foto: Mihail Atanasov<\/figcaption><\/figure>\n<p><strong>P. Volviendo a la actualidad, hace poco te hemos visto en el espect\u00e1culo \u201cHijas de Eva\u201d, y vienes tambi\u00e9n de ganar el certamen UVA Sound Demo, y todo con tu voz como bandera. \u00bfC\u00f3mo la cuidas?<\/strong><\/p>\n<p>R. Es importante, aunque yo a veces no lo hago, no emocionarse mucho y no gritar. Nos encontramos con mucha gente, estamos todo el rato quedando, que si bares, que si tal, y tendemos a gritar mucho.<\/p>\n<p><strong>P. Hay gente que grita mucho, eso es verdad.<\/strong><\/p>\n<p>R. S\u00ed, y sobre todo cuando est\u00e1s en un bar, que al final hay m\u00fasica y m\u00e1s gente hablando tiendes a forzar y a gritar. Hay que intentar ser m\u00e1s conscientes y hablar m\u00e1s cerca del o\u00eddo, por ejemplo, para que te oigan sin forzar. Y beber mucha agua. Si puedes hacer algunos calentamientos, que no son muy dif\u00edciles, tambi\u00e9n podr\u00eda estar bien, pero para eso hay que indagar un poco m\u00e1s. Y cosas calentitas: a m\u00ed me viene bien tomarme un t\u00e9 o una sopita. Eso siempre reconforta.<\/p>\n<p><strong>P. Pues hasta aqu\u00ed los consejos de Roc\u00edo Tor\u00edo para cuidar la voz para los lectores de Social24Horas. Ahora dime alg\u00fan consejo que te hayan dado a ti a lo largo de estos a\u00f1os sobre tu carrera art\u00edstica.<\/strong><\/p>\n<p>R. El mayor consejo que me dieron es que ten\u00eda que ser yo misma, ser aut\u00e9ntica. No hacer un tipo de estilo solo para que la gente te escuche. Pero, claro, al final no es lo que te nace a ti. Si eres aut\u00e9ntico y eres fiel a ti mismo y a lo que sale de ti y nace de ti, no puede estar mal. Al final la gente ve esa autenticidad, y ve que no es algo forzado. Si eres t\u00fa mismo siempre vas a llegar a alguien, siempre vas a llegar a un p\u00fablico. Aunque a lo mejor no mueves masas, pero llegas a alguien, cien por cien. Todos tenemos un p\u00fablico.<\/p>\n<p><strong>V\u00edctor David L\u00f3pez<\/strong><\/p>\n<p>&nbsp;<\/p>\n<p>&nbsp;<\/p>\n","protected":false},"excerpt":{"rendered":"<p>Los sencillos que ha ido sacando a la luz en los \u00faltimos meses (Pechito de cristal, Mi prioridad, Humo, Tortura y placer) ya presagiaban que la cosa iba en serio. Roc\u00edo Tor\u00edo (1994), vallisoletana nacida en Madrid, necesitaba ense\u00f1ar a la gente \u201cde qu\u00e9 iba la vaina\u201d. Ahora lanza con todas sus fuerzas su primer [&hellip;]<\/p>\n","protected":false},"author":19,"featured_media":47654,"comment_status":"open","ping_status":"open","sticky":false,"template":"","format":"standard","meta":{"_acf_changed":false,"footnotes":""},"categories":[1,697],"tags":[1436,2724,2727,2729,2730,2728,2588,2726,2725],"ppma_author":[705],"class_list":{"0":"post-46856","1":"post","2":"type-post","3":"status-publish","4":"format-standard","5":"has-post-thumbnail","7":"category-nacional","8":"category-valladolid","9":"tag-bicoca-records","10":"tag-de-perdidos","11":"tag-el-dia-que-compre-flores","12":"tag-mi-prioridad","13":"tag-mi-prioridad-rocio-torio","14":"tag-pecjito-de-cristal","15":"tag-rocio-torio","16":"tag-torio-cantante","17":"tag-uva-sound-demo"},"acf":[],"authors":[{"term_id":705,"user_id":19,"is_guest":0,"slug":"redaccionvalladolid","display_name":"Redacci\u00f3n Valladolid","avatar_url":{"url":"https:\/\/social24horas.com\/contenidos\/uploads\/2024\/02\/redaccion-logo.webp","url2x":"https:\/\/social24horas.com\/contenidos\/uploads\/2024\/02\/redaccion-logo.webp"},"first_name":"","user_url":"","last_name":"","job_title":"","description":""}],"_links":{"self":[{"href":"https:\/\/social24horas.com\/api\/wp\/v2\/posts\/46856","targetHints":{"allow":["GET"]}}],"collection":[{"href":"https:\/\/social24horas.com\/api\/wp\/v2\/posts"}],"about":[{"href":"https:\/\/social24horas.com\/api\/wp\/v2\/types\/post"}],"author":[{"embeddable":true,"href":"https:\/\/social24horas.com\/api\/wp\/v2\/users\/19"}],"replies":[{"embeddable":true,"href":"https:\/\/social24horas.com\/api\/wp\/v2\/comments?post=46856"}],"version-history":[{"count":3,"href":"https:\/\/social24horas.com\/api\/wp\/v2\/posts\/46856\/revisions"}],"predecessor-version":[{"id":46861,"href":"https:\/\/social24horas.com\/api\/wp\/v2\/posts\/46856\/revisions\/46861"}],"wp:featuredmedia":[{"embeddable":true,"href":"https:\/\/social24horas.com\/api\/wp\/v2\/media\/47654"}],"wp:attachment":[{"href":"https:\/\/social24horas.com\/api\/wp\/v2\/media?parent=46856"}],"wp:term":[{"taxonomy":"category","embeddable":true,"href":"https:\/\/social24horas.com\/api\/wp\/v2\/categories?post=46856"},{"taxonomy":"post_tag","embeddable":true,"href":"https:\/\/social24horas.com\/api\/wp\/v2\/tags?post=46856"},{"taxonomy":"author","embeddable":true,"href":"https:\/\/social24horas.com\/api\/wp\/v2\/ppma_author?post=46856"}],"curies":[{"name":"wp","href":"https:\/\/api.w.org\/{rel}","templated":true}]}}