{"id":46394,"date":"2025-12-11T18:37:07","date_gmt":"2025-12-11T17:37:07","guid":{"rendered":"https:\/\/social24horas.com\/?p=46394"},"modified":"2025-12-11T19:03:13","modified_gmt":"2025-12-11T18:03:13","slug":"cadena-de-sonrisas-la-asociacion-elegida-por-robe-para-apoyar-el-tejido-social-al-inicio-de-su-camino-en-solitario","status":"publish","type":"post","link":"https:\/\/social24horas.com\/cadena-de-sonrisas-la-asociacion-elegida-por-robe-para-apoyar-el-tejido-social-al-inicio-de-su-camino-en-solitario\/","title":{"rendered":"Cadena de Sonrisas, la asociaci\u00f3n elegida por Robe para apoyar el tejido social al inicio de su camino en solitario"},"content":{"rendered":"<p>Robe Iniesta, una de las figuras m\u00e1s importantes de la historia del rock en espa\u00f1ol, clave en la cultura subterr\u00e1nea y callejera de las \u00faltimas d\u00e9cadas en nuestro pa\u00eds, emprendi\u00f3 en Valladolid (12 de mayo de 2017) el camino sin retorno de las giras sin su banda de siempre, Extremoduro. Tras dos discos al margen de su grupo, su carrera paralela (termin\u00f3 suponiendo una ruptura definitiva) despegaba en directo en el Centro Cultural Miguel Delibes, arropado por sus nuevos secuaces, todos m\u00fasicos extreme\u00f1os.<\/p>\n<p>Aquel debut tuvo unos invitados de excepci\u00f3n: los integrantes de una min\u00fascula asociaci\u00f3n local, <a href=\"https:\/\/www.asociacioncadenadesonrisas.es\/\" target=\"_blank\" rel=\"noopener\">Cadena de Sonrisas<\/a>, centrada en proyectos culturales y educativos, que a\u00fan hoy se siguen planteando si lo que sucedi\u00f3 fue real o si acaso lo so\u00f1aron.<\/p>\n<p>Semanas antes de la hist\u00f3rica actuaci\u00f3n, en la bandeja de entrada del correo electr\u00f3nico de la asociaci\u00f3n hab\u00eda aparecido un mensaje de uno de los m\u00fasicos de la banda de Robe. Carlos Prieto, violinista, les comentaba que en cada ciudad por las que pasara la gira \u201cBienvenidos al temporal\u201d quer\u00edan mostrar su apoyo al tejido social invitando a alguna peque\u00f1a asociaci\u00f3n, y mostrando ante el p\u00fablico, si fuera el caso, productos con la imagen de la instituci\u00f3n. En Pucela, les informaba Prieto en su email, Robe y su banda hab\u00edan elegido a Cadena de Sonrisas.<\/p>\n<p>Los caminos de ambos proyectos se unieron, tal y como explica Jonathan Racionero (de Cadena de Sonrisas) a Social24Horas, gracias a una afici\u00f3n com\u00fan: el geocaching. Esta actividad l\u00fadica basada en esconder y encontrar tesoros con una unidad GPS fue la clave del encuentro casual. \u201cHab\u00edamos hecho un calendario que en cada p\u00e1gina llevaba un geocaching, una geolocalizaci\u00f3n por la provincia de Valladolid\u201d, cuenta Racionero. \u201cCada foto era en un sitio distinto. Da la casualidad de que Carlos es un aficionado de los geocaching, entonces debi\u00f3 de sondear\u201d.<\/p>\n<p>Hubo un cruce de correos entre la asociaci\u00f3n y la banda de Robe. \u201cBichearon nuestra web y lo tuvieron clar\u00edsimo\u201d. Los m\u00fasicos siempre est\u00e1n de paso all\u00ed por donde van, pero estos en particular quer\u00edan conocer la labor realizada desde Cadena de Sonrisas en Valladolid. Acordaron que la asociaci\u00f3n les enviar\u00eda unas camisetas, que alguno de ellos se pondr\u00eda sobre el escenario para hacer publicidad y apoyar la causa. Les prometieron, asimismo, que les invitar\u00edan al concierto.<\/p>\n<p>Y as\u00ed fue. Los miembros de la asociaci\u00f3n presenciaron el memorable debut de la banda de Robe en uno de los palcos laterales del Miguel Delibes, junto a los familiares de los integrantes del grupo. \u201cLa mayor\u00eda de nosotros nos hemos criado con Extremoduro, con el Robe, con Fito, con todos esos grupos\u201d, reconoce con nostalgia Racionero, ocho a\u00f1os despu\u00e9s. Robe vest\u00eda una de sus cl\u00e1sicas t\u00fanicas, pero el violinista luc\u00eda con estilo una de las camisetas que la asociaci\u00f3n hab\u00eda enviado.<\/p>\n<p>Recuerda Racionero tambi\u00e9n que, cuando se baj\u00f3 el tel\u00f3n y el p\u00fablico ya hab\u00eda abandonado las instalaciones, toda la banda sali\u00f3 a saludarlos, a conocerlos y a charlar con ellos. \u201cEstuvimos un rato en el hall, cuarto de hora o media hora. Era un momento bastante importante por estar empezando en solitario; luego los dejamos con sus familias\u201d.<\/p>\n<p>Es la desconocida memoria de una fecha y un lugar que quedaron marcados a fuego en la extensa biograf\u00eda de Robe, y de paso en el breve curr\u00edculum de Cadena de Sonrisas. El gesto solidario de un proyecto musical may\u00fasculo que arrancaba desde abajo. Al final, como cantaba el de Plasencia, hay que dejar el camino social alquitranado porque en \u00e9l se nos quedan pegadas las pezu\u00f1as.<\/p>\n","protected":false},"excerpt":{"rendered":"<p>Robe Iniesta, una de las figuras m\u00e1s importantes de la historia del rock en espa\u00f1ol, clave en la cultura subterr\u00e1nea y callejera de las \u00faltimas d\u00e9cadas en nuestro pa\u00eds, emprendi\u00f3 en Valladolid (12 de mayo de 2017) el camino sin retorno de las giras sin su banda de siempre, Extremoduro. Tras dos discos al margen [&hellip;]<\/p>\n","protected":false},"author":19,"featured_media":46395,"comment_status":"open","ping_status":"open","sticky":false,"template":"","format":"standard","meta":{"_acf_changed":false,"footnotes":""},"categories":[1,702,697],"tags":[2515,2516,2520,2513,2514,2517,2518,2519,2510,2511,2512],"ppma_author":[705],"class_list":{"0":"post-46394","1":"post","2":"type-post","3":"status-publish","4":"format-standard","5":"has-post-thumbnail","7":"category-nacional","8":"category-ocio-y-cultura-valladolid","9":"category-valladolid","10":"tag-cadena-de-sonrisas","11":"tag-cadena-de-sonrisas-robe","12":"tag-camino-social-alquitranado","13":"tag-extremoduro","14":"tag-extremoduro-valladolid","15":"tag-jonathan-racionero","16":"tag-jonathan-racionero-robe","17":"tag-racionero-cadena-sonrisas","18":"tag-robe","19":"tag-robe-iniesta","20":"tag-robe-valladolid"},"acf":[],"authors":[{"term_id":705,"user_id":19,"is_guest":0,"slug":"redaccionvalladolid","display_name":"Redacci\u00f3n Valladolid","avatar_url":{"url":"https:\/\/social24horas.com\/contenidos\/uploads\/2024\/02\/redaccion-logo.webp","url2x":"https:\/\/social24horas.com\/contenidos\/uploads\/2024\/02\/redaccion-logo.webp"},"first_name":"","user_url":"","last_name":"","job_title":"","description":""}],"_links":{"self":[{"href":"https:\/\/social24horas.com\/api\/wp\/v2\/posts\/46394","targetHints":{"allow":["GET"]}}],"collection":[{"href":"https:\/\/social24horas.com\/api\/wp\/v2\/posts"}],"about":[{"href":"https:\/\/social24horas.com\/api\/wp\/v2\/types\/post"}],"author":[{"embeddable":true,"href":"https:\/\/social24horas.com\/api\/wp\/v2\/users\/19"}],"replies":[{"embeddable":true,"href":"https:\/\/social24horas.com\/api\/wp\/v2\/comments?post=46394"}],"version-history":[{"count":3,"href":"https:\/\/social24horas.com\/api\/wp\/v2\/posts\/46394\/revisions"}],"predecessor-version":[{"id":46398,"href":"https:\/\/social24horas.com\/api\/wp\/v2\/posts\/46394\/revisions\/46398"}],"wp:featuredmedia":[{"embeddable":true,"href":"https:\/\/social24horas.com\/api\/wp\/v2\/media\/46395"}],"wp:attachment":[{"href":"https:\/\/social24horas.com\/api\/wp\/v2\/media?parent=46394"}],"wp:term":[{"taxonomy":"category","embeddable":true,"href":"https:\/\/social24horas.com\/api\/wp\/v2\/categories?post=46394"},{"taxonomy":"post_tag","embeddable":true,"href":"https:\/\/social24horas.com\/api\/wp\/v2\/tags?post=46394"},{"taxonomy":"author","embeddable":true,"href":"https:\/\/social24horas.com\/api\/wp\/v2\/ppma_author?post=46394"}],"curies":[{"name":"wp","href":"https:\/\/api.w.org\/{rel}","templated":true}]}}