{"id":46388,"date":"2025-12-10T19:07:38","date_gmt":"2025-12-10T18:07:38","guid":{"rendered":"https:\/\/social24horas.com\/?p=46388"},"modified":"2025-12-10T19:14:13","modified_gmt":"2025-12-10T18:14:13","slug":"toda-una-vida-de-lucha-cuatro-activistas-vallisoletanos-procesados-por-denunciar-el-genocidio-israeli-contra-la-poblacion-palestina","status":"publish","type":"post","link":"https:\/\/social24horas.com\/toda-una-vida-de-lucha-cuatro-activistas-vallisoletanos-procesados-por-denunciar-el-genocidio-israeli-contra-la-poblacion-palestina\/","title":{"rendered":"Toda una vida de lucha: cuatro activistas vallisoletanos procesados por denunciar el genocidio israel\u00ed contra la poblaci\u00f3n palestina"},"content":{"rendered":"<p>El pasado 11 de septiembre todo el pa\u00eds estaba pendiente del paso de la Vuelta Ciclista a Espa\u00f1a por la ciudad de Valladolid. Era una de las etapas m\u00e1s esperadas: la contrarreloj individual. Esperada desde lo deportivo y tambi\u00e9n desde el \u00e1mbito social, por la organizaci\u00f3n de actos de protesta en solidaridad con el pueblo palestino. La participaci\u00f3n del equipo Israel-Premier Tech ten\u00eda soliviantada a buena parte de la sociedad.<\/p>\n<p>Tres meses despu\u00e9s, los movimientos sociales vallisoletanos est\u00e1n pendientes de cuatro activistas que est\u00e1n siendo procesados por su implicaci\u00f3n en unos actos de repercusi\u00f3n continental que hicieron recortar a la mitad la competici\u00f3n y que sumaron su granito de arena en la denuncia del genocidio del gobierno israel\u00ed contra la poblaci\u00f3n palestina.<\/p>\n<p>Este jueves 11 de diciembre est\u00e1n citados a declarar ante el Juzgado de Instrucci\u00f3n n.\u00ba 3 por una denuncia de la Subdelegaci\u00f3n del Gobierno y el Ministerio Fiscal. Se los intenta llevar por la v\u00eda penal, y no por la pura sanci\u00f3n administrativa. Los procesados tienen la seguridad total de que les van a llevar a juicio.<\/p>\n<p>En las reuniones de preparaci\u00f3n de esta acci\u00f3n de denuncia del genocidio, tal y como cuentan los protagonistas a Social24Horas, \u201cvarios grupos se organizaron y plantearon de una manera cabal interrumpir el paso de los corredores, intentando que no estuviera en peligro su integridad f\u00edsica, principalmente para no dar pie a la conveniente criminalizaci\u00f3n que ya se ven\u00eda dando en Valladolid los d\u00edas previos\u201d.<\/p>\n<p>La escena que nos lleva hasta aqu\u00ed tuvo lugar en la plaza de la Universidad, donde se afianz\u00f3 un n\u00facleo de protesta muy numeroso y bastante combativo. Un poco alejado de ese grupo (para mayor visibilidad de motos y ciclistas), saltaron al recorrido de la contrarreloj los cuatro activistas, justo en el momento en el que uno de los \u00faltimos corredores del equipo israel\u00ed iba a hacer aparici\u00f3n. Lo hicieron de manera simb\u00f3lica, para servir de altavoz a la causa antib\u00e9lica. Dos de ellos fueron detenidos.<\/p>\n<p>Los activistas consideran que \u201cse desarrolla la misma l\u00f3gica desarrollada a finales del franquismo: relacionar siempre el activismo social y el compromiso social y pol\u00edtico con la delincuencia\u201d. Aseguran que van a ir a la vista y al juicio con la entereza de saber que tienen la raz\u00f3n de su parte. A las once de la ma\u00f1ana de este jueves hay convocada una concentraci\u00f3n de apoyo en los juzgados de la calle Angustias.<\/p>\n<p><strong>Cuatro historias de lucha social<\/strong><\/p>\n<p>Los cuatro activistas procesados son Juan Carlos G\u00f3mez, Eva Valent\u00edn Minayo, Jorge Lebrero y Javier L\u00e1zaro. Juntos re\u00fanen cuatro historias de vida que recorren algunas de las principales movilizaciones sociales que ha habido en la ciudad en las \u00faltimas d\u00e9cadas.<\/p>\n<p>Juan Carlos G\u00f3mez, miembro de una familia que fue represaliada por el franquismo, tiene un recorrido militante de d\u00e9cadas a sus espaldas. Tuvo una participaci\u00f3n muy activa en la campa\u00f1a contra la presencia de nomenclatura y simbolog\u00eda franquista en las calles de los pueblos y ciudades castellanos desarrollada a finales de los a\u00f1os 90 y principios de los 2000. Por ese motivo fue juzgado en la Audiencia Provincial de Palencia en noviembre de 1999, siendo finalmente absuelto.<\/p>\n<p>En 1984, fue el portavoz de la asamblea que organiz\u00f3 todas las actividades de denuncia de la celebraci\u00f3n en Valladolid del D\u00eda de las Fuerzas Armadas, que supuso destrozar elementos del paseo de Zorrilla para que pudieran pasar por all\u00ed los tanques. Fue militante del Movimiento de Objeci\u00f3n de Conciencia, que finalmente consigui\u00f3 que se derogase la mili obligatoria en el Estado espa\u00f1ol.<\/p>\n<p>Eva Valent\u00edn Minayo tambi\u00e9n tiene un largo recorrido militante, y por tal cuesti\u00f3n ha sufrido represalias: en el a\u00f1o 1999 fue v\u00edctima de una brutal agresi\u00f3n junto a la sede del PP mientras colocaba carteles contra los bombardeos de la OTAN sobre la poblaci\u00f3n civil de Belgrado; el agresor fue un polic\u00eda. Como consecuencia de esta paliza, Eva sufri\u00f3 lesiones oculares graves. El polic\u00eda fue condenado en primera estancia en Valladolid, aunque luego fue absuelto en la Audiencia Provincial.<\/p>\n<p>Concepci\u00f3n Minayo, la madre de Eva, fue la primera mujer que hizo una denuncia judicial y p\u00fablica en esta ciudad por malos tratos, cuando esto era algo absolutamente infrecuente. Ambas han estado vinculadas a la lucha por los derechos de las mujeres desde hace largo tiempo.<\/p>\n<p>Jorge Lebrero es doctor en Historia por la Universidad de Valladolid. Se trata de una persona que tambi\u00e9n tiene una amplia trayectoria militante, vinculada al movimiento estudiantil as\u00ed como al movimiento contra la guerra. Particip\u00f3 de forma significada en el Centro Social La Molinera.<\/p>\n<p>Javier L\u00e1zaro, el m\u00e1s joven de los cuatro, es agricultor de profesi\u00f3n y ha formado parte de las luchas contra la instalaci\u00f3n de macroproyectos energ\u00e9ticos en el medio rural castellano. Es un activista especialmente conocido en la ciudad por su participaci\u00f3n y defensa del proyecto del Centro Social La Molinera. Junto con Lebrero, fue uno de los dos detenidos en la contrarreloj.<\/p>\n","protected":false},"excerpt":{"rendered":"<p>El pasado 11 de septiembre todo el pa\u00eds estaba pendiente del paso de la Vuelta Ciclista a Espa\u00f1a por la ciudad de Valladolid. Era una de las etapas m\u00e1s esperadas: la contrarreloj individual. Esperada desde lo deportivo y tambi\u00e9n desde el \u00e1mbito social, por la organizaci\u00f3n de actos de protesta en solidaridad con el pueblo [&hellip;]<\/p>\n","protected":false},"author":19,"featured_media":46389,"comment_status":"open","ping_status":"open","sticky":false,"template":"","format":"standard","meta":{"_acf_changed":false,"footnotes":""},"categories":[698,697],"tags":[2507,2508,2509,1459,2506,2505],"ppma_author":[705],"class_list":{"0":"post-46388","1":"post","2":"type-post","3":"status-publish","4":"format-standard","5":"has-post-thumbnail","7":"category-asociaciones-valladolid","8":"category-valladolid","9":"tag-activistas-procesados","10":"tag-activistas-valladolid","11":"tag-movimientos-sociales-valladolid","12":"tag-palestina-valladolid","13":"tag-palestina-vuelta-ciclista","14":"tag-vuelta-ciclista-valladolid"},"acf":[],"authors":[{"term_id":705,"user_id":19,"is_guest":0,"slug":"redaccionvalladolid","display_name":"Redacci\u00f3n Valladolid","avatar_url":{"url":"https:\/\/social24horas.com\/contenidos\/uploads\/2024\/02\/redaccion-logo.webp","url2x":"https:\/\/social24horas.com\/contenidos\/uploads\/2024\/02\/redaccion-logo.webp"},"first_name":"","user_url":"","last_name":"","job_title":"","description":""}],"_links":{"self":[{"href":"https:\/\/social24horas.com\/api\/wp\/v2\/posts\/46388","targetHints":{"allow":["GET"]}}],"collection":[{"href":"https:\/\/social24horas.com\/api\/wp\/v2\/posts"}],"about":[{"href":"https:\/\/social24horas.com\/api\/wp\/v2\/types\/post"}],"author":[{"embeddable":true,"href":"https:\/\/social24horas.com\/api\/wp\/v2\/users\/19"}],"replies":[{"embeddable":true,"href":"https:\/\/social24horas.com\/api\/wp\/v2\/comments?post=46388"}],"version-history":[{"count":3,"href":"https:\/\/social24horas.com\/api\/wp\/v2\/posts\/46388\/revisions"}],"predecessor-version":[{"id":46392,"href":"https:\/\/social24horas.com\/api\/wp\/v2\/posts\/46388\/revisions\/46392"}],"wp:featuredmedia":[{"embeddable":true,"href":"https:\/\/social24horas.com\/api\/wp\/v2\/media\/46389"}],"wp:attachment":[{"href":"https:\/\/social24horas.com\/api\/wp\/v2\/media?parent=46388"}],"wp:term":[{"taxonomy":"category","embeddable":true,"href":"https:\/\/social24horas.com\/api\/wp\/v2\/categories?post=46388"},{"taxonomy":"post_tag","embeddable":true,"href":"https:\/\/social24horas.com\/api\/wp\/v2\/tags?post=46388"},{"taxonomy":"author","embeddable":true,"href":"https:\/\/social24horas.com\/api\/wp\/v2\/ppma_author?post=46388"}],"curies":[{"name":"wp","href":"https:\/\/api.w.org\/{rel}","templated":true}]}}