{"id":46380,"date":"2025-12-09T13:46:10","date_gmt":"2025-12-09T12:46:10","guid":{"rendered":"https:\/\/social24horas.com\/?p=46380"},"modified":"2025-12-09T13:55:50","modified_gmt":"2025-12-09T12:55:50","slug":"la-falta-de-asociacionismo-juvenil-uno-de-los-principales-deficits-de-las-delicias-segun-medicos-del-mundo","status":"publish","type":"post","link":"https:\/\/social24horas.com\/la-falta-de-asociacionismo-juvenil-uno-de-los-principales-deficits-de-las-delicias-segun-medicos-del-mundo\/","title":{"rendered":"La falta de asociacionismo juvenil, uno de los principales d\u00e9ficits de Las Delicias, seg\u00fan M\u00e9dicos del Mundo"},"content":{"rendered":"<p>M\u00e9dicos del Mundo Castilla y Le\u00f3n sigue avanzando en Las Delicias con el proyecto \u201c<a href=\"https:\/\/social24horas.com\/arqueologia-de-un-barrio-medicos-del-mundo-cyl-examina-con-detalle-la-salud-y-el-bienestar-social-de-las-delicias\/\">Arqueolog\u00eda de un barrio<\/a>\u201d, una iniciativa comunitaria que utiliza el arte y la memoria colectiva para mejorar la salud y el bienestar del vecindario. La organizaci\u00f3n est\u00e1 analizando dimensiones como vivienda, cobertura sanitaria, situaci\u00f3n laboral, ocio y tiempo libre, red de apoyo y futuro del barrio.<\/p>\n<p>El objetivo del programa, financiado por la Fundaci\u00f3n La Caixa, es elaborar un buen an\u00e1lisis de necesidades y que los resultados sirvan como herramienta de mejora en el vecindario, pudiendo ser un sistema exportable a otras zonas. Con el diagn\u00f3stico que consigan, intentar\u00e1n llevar una agenda de trabajo al sistema de salud p\u00fablica y al Ayuntamiento a trav\u00e9s de un informe con propuestas de intervenciones dentro del barrio.<\/p>\n<p>El proyecto viene siendo desarrollado durante este 2025, y se extender\u00e1 hasta el mes de enero. En las fases abarcadas hasta ahora, M\u00e9dicos del Mundo ha puesto en marcha un buen ramillete de grupos focales y ha realizado diversas encuestas. Social24Horas ha conversado con Marta Diez de Balde\u00f3n y Celia Pardo, integrantes del equipo de coordinaci\u00f3n del programa desde el cual est\u00e1n terminando de recopilar informaci\u00f3n y trabajando ya en la sistematizaci\u00f3n de datos. A finales de diciembre y a principios de enero llegar\u00e1n las primeras devolutivas al barrio.<\/p>\n<p>Respecto a los distintos grupos focales que han ido organizando y analizando, \u201cno ha sido lo mismo hablar con el grupo focal de personas migrantes que con el grupo focal de adolescentes, de institutos\u201d, explica Marta Diez de Balde\u00f3n. \u201cLa perspectiva del barrio no es la misma\u201d. Tambi\u00e9n se tiene diferente punto de vista desde el Centro de D\u00eda de personas mayores, por ejemplo. Parece que se habla de barrios distintos.<\/p>\n<p>Cuenta Diez de Balde\u00f3n que Las Delicias es \u201cun barrio polarizado y politizado\u201d, por eso \u201caqu\u00ed la sede de M\u00e9dicos del Mundo ten\u00eda un sentido\u201d. Adem\u00e1s, \u201cno es un barrio que se mueva mucho a nivel asociativo\u201d. En concreto, una de las principales dificultades de la acci\u00f3n social en Las Delicias, seg\u00fan est\u00e1 detectando M\u00e9dicos del Mundo (que forma parte de la Red Delicias), es la falta de asociacionismo juvenil. Eso lastra la participaci\u00f3n en programas como este, en particular, y en la vida del barrio en general, tanto en el presente como en el futuro.<\/p>\n<p>Otra de las dificultades es la desigualdad dentro del propio barrio. \u201cDepende de en qu\u00e9 parte del barrio vivas, tienes acceso a unas cosas u a otras. A lo mejor por un tema de distancia simplemente\u201d, comenta Celia Pardo. \u201cEs el barrio m\u00e1s grande de Valladolid. No es lo mismo vivir en Las Viudas que vivir al lado del t\u00fanel\u201d.<\/p>\n<p>Intentando acercarse y tratando de conocer las opiniones de los vecinos es como M\u00e9dicos del Mundo va afianz\u00e1ndose en el camino que se comprometi\u00f3 a recorrer hace unos meses. Esta es la correosa manera de acceder a los pensamientos y necesidades de un barrio. Y no es un barrio cualquiera: es el que atesora mayor tasa de inmigraci\u00f3n en Valladolid. Por algo es el barrio que la organizaci\u00f3n eligi\u00f3 para ubicar su casa en Castilla y Le\u00f3n.<\/p>\n","protected":false},"excerpt":{"rendered":"<p>M\u00e9dicos del Mundo Castilla y Le\u00f3n sigue avanzando en Las Delicias con el proyecto \u201cArqueolog\u00eda de un barrio\u201d, una iniciativa comunitaria que utiliza el arte y la memoria colectiva para mejorar la salud y el bienestar del vecindario. La organizaci\u00f3n est\u00e1 analizando dimensiones como vivienda, cobertura sanitaria, situaci\u00f3n laboral, ocio y tiempo libre, red de [&hellip;]<\/p>\n","protected":false},"author":19,"featured_media":46381,"comment_status":"open","ping_status":"open","sticky":false,"template":"","format":"standard","meta":{"_acf_changed":false,"footnotes":""},"categories":[698,697],"tags":[2503,2501,2502,1793,1794,1796,2500,2504],"ppma_author":[705],"class_list":{"0":"post-46380","1":"post","2":"type-post","3":"status-publish","4":"format-standard","5":"has-post-thumbnail","7":"category-asociaciones-valladolid","8":"category-valladolid","9":"tag-asociacionismo-delicias","10":"tag-barrio-delicias","11":"tag-delicias-valladolid","12":"tag-las-delicias","13":"tag-medicos-del-mundo","14":"tag-medicos-del-mundo-castilla-y-leon","15":"tag-medicos-del-mundo-valladolid","16":"tag-red-delicias"},"acf":[],"authors":[{"term_id":705,"user_id":19,"is_guest":0,"slug":"redaccionvalladolid","display_name":"Redacci\u00f3n Valladolid","avatar_url":{"url":"https:\/\/social24horas.com\/contenidos\/uploads\/2024\/02\/redaccion-logo.webp","url2x":"https:\/\/social24horas.com\/contenidos\/uploads\/2024\/02\/redaccion-logo.webp"},"first_name":"","user_url":"","last_name":"","job_title":"","description":""}],"_links":{"self":[{"href":"https:\/\/social24horas.com\/api\/wp\/v2\/posts\/46380","targetHints":{"allow":["GET"]}}],"collection":[{"href":"https:\/\/social24horas.com\/api\/wp\/v2\/posts"}],"about":[{"href":"https:\/\/social24horas.com\/api\/wp\/v2\/types\/post"}],"author":[{"embeddable":true,"href":"https:\/\/social24horas.com\/api\/wp\/v2\/users\/19"}],"replies":[{"embeddable":true,"href":"https:\/\/social24horas.com\/api\/wp\/v2\/comments?post=46380"}],"version-history":[{"count":3,"href":"https:\/\/social24horas.com\/api\/wp\/v2\/posts\/46380\/revisions"}],"predecessor-version":[{"id":46384,"href":"https:\/\/social24horas.com\/api\/wp\/v2\/posts\/46380\/revisions\/46384"}],"wp:featuredmedia":[{"embeddable":true,"href":"https:\/\/social24horas.com\/api\/wp\/v2\/media\/46381"}],"wp:attachment":[{"href":"https:\/\/social24horas.com\/api\/wp\/v2\/media?parent=46380"}],"wp:term":[{"taxonomy":"category","embeddable":true,"href":"https:\/\/social24horas.com\/api\/wp\/v2\/categories?post=46380"},{"taxonomy":"post_tag","embeddable":true,"href":"https:\/\/social24horas.com\/api\/wp\/v2\/tags?post=46380"},{"taxonomy":"author","embeddable":true,"href":"https:\/\/social24horas.com\/api\/wp\/v2\/ppma_author?post=46380"}],"curies":[{"name":"wp","href":"https:\/\/api.w.org\/{rel}","templated":true}]}}