{"id":46357,"date":"2025-12-06T11:29:06","date_gmt":"2025-12-06T10:29:06","guid":{"rendered":"https:\/\/social24horas.com\/?p=46357"},"modified":"2025-12-09T10:55:21","modified_gmt":"2025-12-09T09:55:21","slug":"la-diputacion-de-segovia-impulsa-con-mas-de-cincuenta-mil-euros-la-programacion-cultural-navidena-con-espectaculos-de-magia-y-musica-coral","status":"publish","type":"post","link":"https:\/\/social24horas.com\/la-diputacion-de-segovia-impulsa-con-mas-de-cincuenta-mil-euros-la-programacion-cultural-navidena-con-espectaculos-de-magia-y-musica-coral\/","title":{"rendered":"Impulso para la programaci\u00f3n cultural navide\u00f1a en Segovia con espect\u00e1culos de magia y m\u00fasica coral"},"content":{"rendered":"<p>El vicepresidente y diputado de Cultura, Juventud y Deportes, Jos\u00e9 Mar\u00eda Bravo, ha presentado esta ma\u00f1ana en rueda de prensa la nueva edici\u00f3n del festival \u2018Vive la Magia, Segovia Provincia M\u00e1gica\u2019, una iniciativa que llevar\u00e1 espect\u00e1culos de ilusionismo de car\u00e1cter internacional a cincuenta y tres municipios de la mano de la Asociaci\u00f3n Festival Internacional Vive la Magia (FIVEM).<\/p>\n<p>FIVEM es la entidad promotora de este reconocido festival que, desde hace m\u00e1s de veinte a\u00f1os, re\u00fane a destacados ilusionistas nacionales e internacionales en Castilla y Le\u00f3n. Como en a\u00f1os anteriores, los organizadores del FIVEM han sido los encargados de elaborar un cat\u00e1logo de artistas y espect\u00e1culos del que los ayuntamientos participantes han elegido sus actuaciones, con las que la Diputaci\u00f3n colaborar\u00e1 asumiendo una parte del cach\u00e9 de cada espect\u00e1culo, con una aportaci\u00f3n que oscila entre el 30% y el 70% del coste total, en funci\u00f3n del tama\u00f1o poblacional.<\/p>\n<p>En la presentaci\u00f3n tambi\u00e9n ha participado el coordinador de la extensi\u00f3n \u2018Segovia Provincia M\u00e1gica\u2019, Adolfo Casas, y el mago y director de FIVEM, Juan Mayoral, quienes han destacado que la provincia de Segovia se convertir\u00e1 en una provincia m\u00e1gica desde el 14 de diciembre, arrancando en Otero de Herreros con el ilusionista Iv\u00e1n Asenjo, hasta el 6 de enero con el mago H\u00e9ctor Sansegudo en Valseca.<\/p>\n<p>La iniciativa, que alcanza su novena edici\u00f3n, ha supuesto un esfuerzo econ\u00f3mico de m\u00e1s de 28.000 euros para apoyar a los municipios en la contrataci\u00f3n de la veintena de magos participantes. Este proyecto tiene como objetivo acercar la magia y las artes esc\u00e9nicas a las localidades de la provincia para ofrecer a vecinos y visitantes la oportunidad de disfrutar de espect\u00e1culos profesionales de prestigio, sin necesidad de desplazarse fuera de su localidad.<\/p>\n<p>Durante la presentaci\u00f3n, Jos\u00e9 Mar\u00eda Bravo ha destacado que \u201ccon Vive la Magia seguimos apostando por la descentralizaci\u00f3n de la cultura, garantizando que el ocio de calidad llegue al medio rural, ofreciendo a las familias propuestas atractivas, tanto para p\u00fablico infantil como adulto\u201d.<\/p>\n<p>El festival incluye espect\u00e1culos de ilusionismo, magia esc\u00e9nica y talleres, con una duraci\u00f3n m\u00ednima de cincuenta minutos y pensados para su disfrute en familia. Las actuaciones se celebrar\u00e1n en espacios cerrados habilitados por los ayuntamientos, garantizando las condiciones t\u00e9cnicas necesarias para el desarrollo de cada funci\u00f3n. El diputado ha subrayado que \u201clos magn\u00edficos datos de participaci\u00f3n registrados en a\u00f1os anteriores, con m\u00e1s de cincuenta actuaciones en cada una de las \u00faltimas ediciones, reflejan el enorme inter\u00e9s que despierta este proyecto y justifican nuestra continuidad en el apoyo a una iniciativa tan consolidada y querida por los vecinos\u201d.<\/p>\n<p><strong>Cantos para el Adviento y la Navidad<\/strong><\/p>\n<p>Del mismo modo, se ha presentado la vig\u00e9sima edici\u00f3n del ciclo de m\u00fasica coral \u2018Cantos para el Adviento y la Navidad\u2019, una cita que, \u201ctras veinte ediciones, se ha convertido en una tradici\u00f3n que dinamiza social y culturalmente nuestros municipios durante la Navidad, favoreciendo as\u00ed el encuentro vecinal y manteniendo vivas nuestras costumbres musicales\u201d, tal y como ha asegurado Bravo.<\/p>\n<p>La Diputaci\u00f3n de Segovia, a trav\u00e9s del Instituto de la Cultura Tradicional Segoviana Manuel Gonz\u00e1lez Herrero, ha destinado 25.250 euros a este ciclo que, tal y como ha destacado el diputado de Cultura \u201ces una muestra de la fortaleza del movimiento coral segoviano y del compromiso de la Diputaci\u00f3n con la cultura en el medio rural, asegurando que todos los pueblos, independientemente de su tama\u00f1o, tengan acceso a propuestas de calidad\u201d.<\/p>\n<p>En la presente edici\u00f3n participar\u00e1n doce corales y agrupaciones vocales de la provincia, que acercar\u00e1n a los vecinos la m\u00fasica polif\u00f3nica, cl\u00e1sica y tradicional propia de estas fechas en iglesias, centros culturales, salones municipales y plazas, ofreciendo conciertos pensados para todos los p\u00fablicos. El programa recorrer\u00e1 treinta y nueve municipios, inici\u00e1ndose el 19 de diciembre en Otero de Herreros y Ayll\u00f3n con las formaciones Voces de Castilla y La Espada\u00f1a Coral respectivamente, y concluyendo el 4 de enero en Santo Tom\u00e9 del Puerto con el Coro de Cerezo.<\/p>\n<p>El diputado ha recordado que \u201cno se trata solo de llevar conciertos a los pueblos, sino tambi\u00e9n de apoyar a nuestras propias corales, aut\u00e9nticos agentes culturales que mantienen viva la afici\u00f3n musical\u201d.<\/p>\n<p><img data-dominant-color=\"e8e2d7\" data-has-transparency=\"false\" style=\"--dominant-color: #e8e2d7;\" loading=\"lazy\" loading=\"lazy\" decoding=\"async\" class=\"aligncenter size-full wp-image-46359 not-transparent\" src=\"https:\/\/social24horas.com\/contenidos\/uploads\/2025\/12\/PROGRAMA_Adviento_2.avif\" alt=\"\" width=\"1182\" height=\"1182\" \/><\/p>\n","protected":false},"excerpt":{"rendered":"<p>El vicepresidente y diputado de Cultura, Juventud y Deportes, Jos\u00e9 Mar\u00eda Bravo, ha presentado esta ma\u00f1ana en rueda de prensa la nueva edici\u00f3n del festival \u2018Vive la Magia, Segovia Provincia M\u00e1gica\u2019, una iniciativa que llevar\u00e1 espect\u00e1culos de ilusionismo de car\u00e1cter internacional a cincuenta y tres municipios de la mano de la Asociaci\u00f3n Festival Internacional Vive [&hellip;]<\/p>\n","protected":false},"author":18,"featured_media":46358,"comment_status":"open","ping_status":"open","sticky":false,"template":"","format":"standard","meta":{"_acf_changed":false,"footnotes":""},"categories":[391,385],"tags":[2492,2495,2491,2496,2458,2497],"ppma_author":[394],"class_list":{"0":"post-46357","1":"post","2":"type-post","3":"status-publish","4":"format-standard","5":"has-post-thumbnail","7":"category-ocio-y-cultura-segovia","8":"category-segovia","9":"tag-adviento","10":"tag-coral-segovia","11":"tag-magia","12":"tag-magia-segovia","13":"tag-navidad-segovia","14":"tag-segovia-magica"},"acf":[],"authors":[{"term_id":394,"user_id":18,"is_guest":0,"slug":"redaccionsegovia","display_name":"Redacci\u00f3n Segovia","avatar_url":{"url":"https:\/\/social24horas.com\/contenidos\/uploads\/2024\/02\/redaccion-logo.webp","url2x":"https:\/\/social24horas.com\/contenidos\/uploads\/2024\/02\/redaccion-logo.webp"},"first_name":"","user_url":"","last_name":"","job_title":"","description":""}],"_links":{"self":[{"href":"https:\/\/social24horas.com\/api\/wp\/v2\/posts\/46357","targetHints":{"allow":["GET"]}}],"collection":[{"href":"https:\/\/social24horas.com\/api\/wp\/v2\/posts"}],"about":[{"href":"https:\/\/social24horas.com\/api\/wp\/v2\/types\/post"}],"author":[{"embeddable":true,"href":"https:\/\/social24horas.com\/api\/wp\/v2\/users\/18"}],"replies":[{"embeddable":true,"href":"https:\/\/social24horas.com\/api\/wp\/v2\/comments?post=46357"}],"version-history":[{"count":5,"href":"https:\/\/social24horas.com\/api\/wp\/v2\/posts\/46357\/revisions"}],"predecessor-version":[{"id":46375,"href":"https:\/\/social24horas.com\/api\/wp\/v2\/posts\/46357\/revisions\/46375"}],"wp:featuredmedia":[{"embeddable":true,"href":"https:\/\/social24horas.com\/api\/wp\/v2\/media\/46358"}],"wp:attachment":[{"href":"https:\/\/social24horas.com\/api\/wp\/v2\/media?parent=46357"}],"wp:term":[{"taxonomy":"category","embeddable":true,"href":"https:\/\/social24horas.com\/api\/wp\/v2\/categories?post=46357"},{"taxonomy":"post_tag","embeddable":true,"href":"https:\/\/social24horas.com\/api\/wp\/v2\/tags?post=46357"},{"taxonomy":"author","embeddable":true,"href":"https:\/\/social24horas.com\/api\/wp\/v2\/ppma_author?post=46357"}],"curies":[{"name":"wp","href":"https:\/\/api.w.org\/{rel}","templated":true}]}}