{"id":46311,"date":"2025-12-03T15:49:25","date_gmt":"2025-12-03T14:49:25","guid":{"rendered":"https:\/\/social24horas.com\/?p=46311"},"modified":"2025-12-04T08:04:17","modified_gmt":"2025-12-04T07:04:17","slug":"la-dramaturga-vallisoletana-maria-san-miguel-premio-el-ojo-critico-por-la-investigacion-y-rigurosidad-de-su-teatro-documental","status":"publish","type":"post","link":"https:\/\/social24horas.com\/la-dramaturga-vallisoletana-maria-san-miguel-premio-el-ojo-critico-por-la-investigacion-y-rigurosidad-de-su-teatro-documental\/","title":{"rendered":"La dramaturga vallisoletana Mar\u00eda San Miguel, Premio El Ojo Cr\u00edtico por la investigaci\u00f3n y rigurosidad de su teatro documental"},"content":{"rendered":"<p>La incansable dramaturga vallisoletana Mar\u00eda San Miguel ha sido galardonada con el Premio \u2018El Ojo Cr\u00edtico\u2019 2025, otorgado por Radio Nacional de Espa\u00f1a, en la categor\u00eda de Teatro. Su trayectoria \u201cencarna una forma de hacer teatro tan original como necesaria\u201d, ha se\u00f1alado el jurado: \u201cCon su mirada total ha desarrollado una obra marcada por la investigaci\u00f3n esc\u00e9nica y la rigurosidad a la hora de concebir el teatro documental\u201d.<\/p>\n<p>San Miguel, reci\u00e9n aterrizada en Bruselas, comenta a Social24Horas que el reconocimiento le ayuda a &#8220;seguir adelante a pesar de muchos momentos duros caminando sobre el alambre&#8221;. El premio le ha pillado viajando con su compa\u00f1\u00eda (Proyecto 43-2) con <em>La mirada del otro<\/em> a cuestas, para representarla ante el Parlamento Europeo (gracias al Gobierno de Navarra, que cumple veinte a\u00f1os de uso de la justicia restaurativa). Con ellos viaja un pedazo de la historia reciente de nuestro pa\u00eds: la obra reflexiona sobre el proceso a trav\u00e9s del cual, a finales de 2010, un grupo de disidentes de ETA muestra su disposici\u00f3n para entrevistarse con las familias de sus v\u00edctimas.<\/p>\n<p>El fallo de la XXXVI edici\u00f3n del galard\u00f3n de El Ojo Cr\u00edtico tambi\u00e9n destaca a Mar\u00eda San Miguel por acercar al p\u00fablico, con Proyecto 43-2, \u201creflexiones complejas desde una perspectiva abierta y sensible, con la que aborda temas de memoria hist\u00f3rica o violencia estructural, destacando <em>Rescoldos de paz y violencia. Una trilog\u00eda sobre el Pa\u00eds Vasco<\/em> o su \u00faltimo estreno <em>Federico. No hay olvido, ni sue\u00f1o: carne viva<\/em>\u201d. Seg\u00fan el fallo, \u201csu compromiso no solo es art\u00edstico, sino que trasciende el hecho esc\u00e9nico: su trabajo posee un innegable valor pedag\u00f3gico que interpela tanto a j\u00f3venes como a adultos, generando pensamiento cr\u00edtico y di\u00e1logo social con el teatro como herramienta de transformaci\u00f3n\u201d.<\/p>\n<p>Mar\u00eda San Miguel (Valladolid, 1985) es licenciada en Periodismo y M\u00e1ster en Humanidades por la Universidad Carlos III de Madrid. En su formaci\u00f3n como actriz destacan sus estudios en teatro, movimiento y voz en la escuela de Mar\u00eda del Mar Navarro y Andr\u00e9s Hern\u00e1ndez en Madrid. Adem\u00e1s, ha trabajado con diversos artistas nacionales e internacionales.<\/p>\n<p>En 2010 crea Proyecto 43-2, la compa\u00f1\u00eda donde produce, escribe y act\u00faa. Desde entonces ha recibido diversos premios y becas, entre los que destacan los Premios de Arte Dram\u00e1tico de la Diputaci\u00f3n de Valladolid o la beca concedida por la Fundaci\u00f3n BBVA con una ayuda a investigadores y creadores culturales y por la Fundaci\u00f3n SGAE para participar en el V Laboratorio de Escritura Dram\u00e1tica.<\/p>\n<p>Ha investigado y creado <em>Rescoldos de paz y violencia<\/em>, (formado por las obras <em>Proyecto 43-2<\/em>, <em>La mirada del otro<\/em> y <em>Viaje al fin de la noche<\/em>) una trilog\u00eda de teatro documental sobre la violencia en el Pa\u00eds Vasco durante diez a\u00f1os. Adem\u00e1s, su trabajo ha sido exhibido en numerosos escenarios nacionales e internacionales. En el a\u00f1o 2020 estrena <em>I\u00b4m a survivor<\/em> en el Festival de Oto\u00f1o de Madrid, y en 2021 estrena <em>Y llegar hasta la Luna<\/em> en el Centro Dram\u00e1tico Nacional (Espa\u00f1a). Esta \u00faltima pieza recibi\u00f3 una de las becas del programa Dramaturgias Actuales 2019, otorgada por el Instituto Nacional de las Artes Esc\u00e9nicas y de la M\u00fasica (INAEM).<\/p>\n<figure id=\"attachment_46318\" aria-describedby=\"caption-attachment-46318\" style=\"width: 1024px\" class=\"wp-caption alignnone\"><img data-dominant-color=\"6b4c38\" data-has-transparency=\"false\" style=\"--dominant-color: #6b4c38;\" loading=\"lazy\" loading=\"lazy\" decoding=\"async\" class=\"size-large wp-image-46318 not-transparent\" src=\"https:\/\/social24horas.com\/contenidos\/uploads\/2025\/12\/la-mirada-del-otro-1024x560.avif\" alt=\"San Miguel (dcha), junto a Pablo Rodr\u00edguez y Patricia Estremera en La mirada del otro. Foto: Proyecto 43-2\" width=\"1024\" height=\"560\" \/><figcaption id=\"caption-attachment-46318\" class=\"wp-caption-text\">San Miguel (dcha), junto a Pablo Rodr\u00edguez y Patricia Estremera en <em>La mirada del otro<\/em>. Foto: Proyecto 43-2<\/figcaption><\/figure>\n<p>En 2022, estren\u00f3 la performance <em>The Big Crunch. Apuntes sobre un proceso de (re)escritura<\/em> creada dentro de una residencia art\u00edstica del programa europeo CreArt. En junio de 2024 estren\u00f3, en el marco del XX Festival Internacional de Teatro de T\u00edteres y Objetos <em>Federico. No hay olvido, ni sue\u00f1o: carne viva<\/em>, alrededor de la figura de Federico Garc\u00eda Lorca y las vidas enterradas, a partir de una propuesta de la Diputaci\u00f3n de Granada.<\/p>\n<p>En 2025 ha participado en el festival Meet You del Teatro Calder\u00f3n de Valladolid con una nueva versi\u00f3n de su performance <em>The Big Crunch. Apuntes sobre un proceso de (re)escritura<\/em>. Esta lectura alternativa ha sido desarrollada dentro de las residencias art\u00edsticas Horizontes. Para el fin de a\u00f1o, \u00faltimas funciones de <em>Federico<\/em> en Madrid y en Granada. Y, de cara a 2026 (as\u00ed es la vida del artista), &#8220;el camino pedregoso de siempre&#8221;, reconoce: &#8220;pero ahora con m\u00e1s energ\u00eda&#8221;.<\/p>\n<p><strong>XXXVI Premios \u2018El Ojo Cr\u00edtico\u2019<\/strong><\/p>\n<p>Los Premios \u2018El Ojo Cr\u00edtico\u2019 2025 reconocen en esta nueva edici\u00f3n a diez j\u00f3venes talentos que est\u00e1n marcando la cultura de nuestro pa\u00eds. Ya se conoce el galard\u00f3n de innovaci\u00f3n digital en el \u00e1mbito cultural (Albert.DATA), categor\u00eda estrenada en esta edici\u00f3n; el de danza (La Venidera); el de c\u00f3mic (Irene M\u00e1rquez), y el de Artes Visuales (Cristina Mej\u00edas). En las pr\u00f3ximas semanas se sabr\u00e1n los premiados de las categor\u00edas M\u00fasica Cl\u00e1sica, M\u00fasica Moderna, Narrativa, Poes\u00eda y Cine. Como cada a\u00f1o, adem\u00e1s, \u2018El Ojo Cr\u00edtico\u2019 entregar\u00e1 su Premio Especial a una figura consagrada del mundo de la cultura, para reconocer toda su trayectoria profesional.<\/p>\n<p>&nbsp;<\/p>\n<p>&nbsp;<\/p>\n<p>&nbsp;<\/p>\n<p>&nbsp;<\/p>\n","protected":false},"excerpt":{"rendered":"<p>La incansable dramaturga vallisoletana Mar\u00eda San Miguel ha sido galardonada con el Premio \u2018El Ojo Cr\u00edtico\u2019 2025, otorgado por Radio Nacional de Espa\u00f1a, en la categor\u00eda de Teatro. Su trayectoria \u201cencarna una forma de hacer teatro tan original como necesaria\u201d, ha se\u00f1alado el jurado: \u201cCon su mirada total ha desarrollado una obra marcada por la [&hellip;]<\/p>\n","protected":false},"author":19,"featured_media":46312,"comment_status":"open","ping_status":"open","sticky":false,"template":"","format":"standard","meta":{"_acf_changed":false,"footnotes":""},"categories":[1,702,697],"tags":[2474,2473,2469,2472,2470,2471,1400],"ppma_author":[705],"class_list":{"0":"post-46311","1":"post","2":"type-post","3":"status-publish","4":"format-standard","5":"has-post-thumbnail","7":"category-nacional","8":"category-ocio-y-cultura-valladolid","9":"category-valladolid","10":"tag-federico-carne-viva","11":"tag-la-mirada-del-otro","12":"tag-maria-san-miguel","13":"tag-maria-san-miguel-teatro","14":"tag-premio-el-ojo-critico","15":"tag-proyecto-43-2","16":"tag-teatro-valladolid"},"acf":[],"authors":[{"term_id":705,"user_id":19,"is_guest":0,"slug":"redaccionvalladolid","display_name":"Redacci\u00f3n Valladolid","avatar_url":{"url":"https:\/\/social24horas.com\/contenidos\/uploads\/2024\/02\/redaccion-logo.webp","url2x":"https:\/\/social24horas.com\/contenidos\/uploads\/2024\/02\/redaccion-logo.webp"},"first_name":"","user_url":"","last_name":"","job_title":"","description":""}],"_links":{"self":[{"href":"https:\/\/social24horas.com\/api\/wp\/v2\/posts\/46311","targetHints":{"allow":["GET"]}}],"collection":[{"href":"https:\/\/social24horas.com\/api\/wp\/v2\/posts"}],"about":[{"href":"https:\/\/social24horas.com\/api\/wp\/v2\/types\/post"}],"author":[{"embeddable":true,"href":"https:\/\/social24horas.com\/api\/wp\/v2\/users\/19"}],"replies":[{"embeddable":true,"href":"https:\/\/social24horas.com\/api\/wp\/v2\/comments?post=46311"}],"version-history":[{"count":5,"href":"https:\/\/social24horas.com\/api\/wp\/v2\/posts\/46311\/revisions"}],"predecessor-version":[{"id":46319,"href":"https:\/\/social24horas.com\/api\/wp\/v2\/posts\/46311\/revisions\/46319"}],"wp:featuredmedia":[{"embeddable":true,"href":"https:\/\/social24horas.com\/api\/wp\/v2\/media\/46312"}],"wp:attachment":[{"href":"https:\/\/social24horas.com\/api\/wp\/v2\/media?parent=46311"}],"wp:term":[{"taxonomy":"category","embeddable":true,"href":"https:\/\/social24horas.com\/api\/wp\/v2\/categories?post=46311"},{"taxonomy":"post_tag","embeddable":true,"href":"https:\/\/social24horas.com\/api\/wp\/v2\/tags?post=46311"},{"taxonomy":"author","embeddable":true,"href":"https:\/\/social24horas.com\/api\/wp\/v2\/ppma_author?post=46311"}],"curies":[{"name":"wp","href":"https:\/\/api.w.org\/{rel}","templated":true}]}}