{"id":46304,"date":"2025-12-02T21:05:52","date_gmt":"2025-12-02T20:05:52","guid":{"rendered":"https:\/\/social24horas.com\/?p=46304"},"modified":"2025-12-02T21:16:03","modified_gmt":"2025-12-02T20:16:03","slug":"fallece-a-los-sesenta-anos-jose-luis-cienfuegos-director-de-semana-internacional-de-cine-de-valladolid","status":"publish","type":"post","link":"https:\/\/social24horas.com\/fallece-a-los-sesenta-anos-jose-luis-cienfuegos-director-de-semana-internacional-de-cine-de-valladolid\/","title":{"rendered":"Fallece a los sesenta a\u00f1os Jos\u00e9 Luis Cienfuegos, director de la Semana Internacional de Cine de Valladolid"},"content":{"rendered":"<p>El cine espa\u00f1ol est\u00e1 de luto repentino: la Semana Internacional de Cine de Valladolid (SEMINCI) ha anunciado al final de la tarde de hoy el fallecimiento en Madrid de su director, Jos\u00e9 Luis Cienfuegos, a los sesenta a\u00f1os de edad. Cienfuegos asumi\u00f3 los mandos de la Seminci en 2023. Ha capitaneado el festival durante las \u00faltimas tres ediciones, hace poco m\u00e1s de un mes abr\u00eda el acto de entrega de premios enorgulleci\u00e9ndose de la buena respuesta del p\u00fablico vallisoletano y de los buenos n\u00fameros de taquilla.<\/p>\n<p>Comenz\u00f3 su trayectoria en el departamento de prensa del Festival de Gij\u00f3n, dando el salto a la direcci\u00f3n del certamen en 1995. En los 16 a\u00f1os que estuvo al cargo, convirti\u00f3 la cita asturiana en la puerta de entrada en nuestro pa\u00eds para los cineastas m\u00e1s arriesgados y estimulantes, impulsando las nuevas tendencias que surg\u00edan a nivel global, y prestando especial atenci\u00f3n al pasado f\u00edlmico.<\/p>\n<p>En 2012 pas\u00f3 a dirigir el Festival de Sevilla, convirti\u00e9ndolo tambi\u00e9n en punta de lanza para esos autores que estaban marcando el pulso del cine contempor\u00e1neo, y reforzando sus lazos con la industria espa\u00f1ola y europea.<\/p>\n<p>En su etapa pucelana, Cienfuegos adopt\u00f3 una mirada poli\u00e9drica, destacando el papel fundamental que los distribuidores, productores, la cr\u00edtica y los medios tienen en el impulso del cine de autor. Transform\u00f3 radicalmente la manera de hacer festivales en nuestro pa\u00eds, haciendo de ellos lugares habitables en los que el cine se convert\u00eda en el pilar para la celebraci\u00f3n de la cultura y de la vida.<\/p>\n<p>Bajo su direcci\u00f3n lleg\u00f3 el cambio de imagen de la Seminci, uno de los festivales de cine independiente m\u00e1s importantes de Europa.<\/p>\n","protected":false},"excerpt":{"rendered":"<p>El cine espa\u00f1ol est\u00e1 de luto repentino: la Semana Internacional de Cine de Valladolid (SEMINCI) ha anunciado al final de la tarde de hoy el fallecimiento en Madrid de su director, Jos\u00e9 Luis Cienfuegos, a los sesenta a\u00f1os de edad. Cienfuegos asumi\u00f3 los mandos de la Seminci en 2023. Ha capitaneado el festival durante las [&hellip;]<\/p>\n","protected":false},"author":19,"featured_media":46305,"comment_status":"open","ping_status":"open","sticky":false,"template":"","format":"standard","meta":{"_acf_changed":false,"footnotes":""},"categories":[1,697],"tags":[2465,2468,2467,2466,1143],"ppma_author":[705],"class_list":{"0":"post-46304","1":"post","2":"type-post","3":"status-publish","4":"format-standard","5":"has-post-thumbnail","7":"category-nacional","8":"category-valladolid","9":"tag-cienfuegos-semingi","10":"tag-director-seminci","11":"tag-jose-luis-cienfuegos","12":"tag-muere-jose-luis-cienfuegos","13":"tag-seminci"},"acf":[],"authors":[{"term_id":705,"user_id":19,"is_guest":0,"slug":"redaccionvalladolid","display_name":"Redacci\u00f3n Valladolid","avatar_url":{"url":"https:\/\/social24horas.com\/contenidos\/uploads\/2024\/02\/redaccion-logo.webp","url2x":"https:\/\/social24horas.com\/contenidos\/uploads\/2024\/02\/redaccion-logo.webp"},"first_name":"","user_url":"","last_name":"","job_title":"","description":""}],"_links":{"self":[{"href":"https:\/\/social24horas.com\/api\/wp\/v2\/posts\/46304","targetHints":{"allow":["GET"]}}],"collection":[{"href":"https:\/\/social24horas.com\/api\/wp\/v2\/posts"}],"about":[{"href":"https:\/\/social24horas.com\/api\/wp\/v2\/types\/post"}],"author":[{"embeddable":true,"href":"https:\/\/social24horas.com\/api\/wp\/v2\/users\/19"}],"replies":[{"embeddable":true,"href":"https:\/\/social24horas.com\/api\/wp\/v2\/comments?post=46304"}],"version-history":[{"count":4,"href":"https:\/\/social24horas.com\/api\/wp\/v2\/posts\/46304\/revisions"}],"predecessor-version":[{"id":46309,"href":"https:\/\/social24horas.com\/api\/wp\/v2\/posts\/46304\/revisions\/46309"}],"wp:featuredmedia":[{"embeddable":true,"href":"https:\/\/social24horas.com\/api\/wp\/v2\/media\/46305"}],"wp:attachment":[{"href":"https:\/\/social24horas.com\/api\/wp\/v2\/media?parent=46304"}],"wp:term":[{"taxonomy":"category","embeddable":true,"href":"https:\/\/social24horas.com\/api\/wp\/v2\/categories?post=46304"},{"taxonomy":"post_tag","embeddable":true,"href":"https:\/\/social24horas.com\/api\/wp\/v2\/tags?post=46304"},{"taxonomy":"author","embeddable":true,"href":"https:\/\/social24horas.com\/api\/wp\/v2\/ppma_author?post=46304"}],"curies":[{"name":"wp","href":"https:\/\/api.w.org\/{rel}","templated":true}]}}