{"id":46125,"date":"2025-11-12T00:08:50","date_gmt":"2025-11-11T23:08:50","guid":{"rendered":"https:\/\/social24horas.com\/?p=46125"},"modified":"2025-11-12T00:15:12","modified_gmt":"2025-11-11T23:15:12","slug":"fundacion-intras-presenta-la-tercera-edicion-de-visionando-ciclo-de-cine-centrado-en-la-salud-mental","status":"publish","type":"post","link":"https:\/\/social24horas.com\/fundacion-intras-presenta-la-tercera-edicion-de-visionando-ciclo-de-cine-centrado-en-la-salud-mental\/","title":{"rendered":"Fundaci\u00f3n Intras presenta la tercera edici\u00f3n de Visionando, ciclo de cine centrado en la salud mental"},"content":{"rendered":"<p>Fundaci\u00f3n Intras.- Tres largos de ficci\u00f3n y dos documentales vinculados a diferentes aspectos de la salud mental conforman la programaci\u00f3n de la tercera edici\u00f3n del ciclo de cine Visionando, organizado por la Fundaci\u00f3n Intras. Las sesiones tendr\u00e1n lugar entre el 12 de noviembre y el 10 de diciembre en el Espacio Seminci de Valladolid.<\/p>\n<p>Como en ediciones anteriores, tras cada pase, que tendr\u00e1 lugar siempre a las 19:00 horas, se organizar\u00e1 un coloquio con especialistas en salud mental y programadores de festivales. La entrada es gratuita con invitaci\u00f3n hasta completar el aforo, y las invitaciones se pueden reservar a trav\u00e9s del correo electr\u00f3nico del Espacio Seminci: espacioseminci@seminci.com.<\/p>\n<p>El ciclo arrancar\u00e1 el 12 de noviembre con <em>Casa en llamas<\/em> (Dani de la Orden, 2024), una pel\u00edcula espa\u00f1ola que gravita en torno a conflictos familiares no resueltos y la huella psicol\u00f3gica que dejan. A su t\u00e9rmino, el director del \u00e1rea de Retos y Estudios de Intras, el psic\u00f3logo Carlos Salgado, mantendr\u00e1 un coloquio con los espectadores.<\/p>\n<p>El 19 de noviembre se proyectar\u00e1 <em>El estigma del silencio<\/em> (Sergio Hern\u00e1ndez, 2024), un largometraje documental sobre el suicidio: c\u00f3mo este afecta a nivel personal a familiares y supervivientes y c\u00f3mo se ve e interpreta desde la sociedad que los rodea. El coloquio ser\u00e1 tambi\u00e9n con el psic\u00f3logo Carlos Salgado.<\/p>\n<p>La diversidad sexual y la manera en que esta se asume por los j\u00f3venes que despiertan a la vida y al amor es el centro de la pel\u00edcula belga <em>Young Hearts<\/em> (Anthony Schatteman, 2024), premio del p\u00fablico al mejor largometraje de ficci\u00f3n en la \u00faltima edici\u00f3n del festival vallisoletano CinHomo. Uno de sus programadores, Juan L\u00f3pez, charlar\u00e1 el d\u00eda 26, tras la proyecci\u00f3n, con el p\u00fablico sobre c\u00f3mo la pel\u00edcula retrata el tema LGTBI, especialmente sus repercusiones psicol\u00f3gicas.<\/p>\n<p>El 3 de diciembre llegar\u00e1 el segundo documental del ciclo, <em>Luci\u00e9rnagas<\/em> (Cristina Otero Roth, 2024), un mediometraje impulsado por Fundaci\u00f3n Manantial para dar visibilidad a las personas con problemas de salud mental grave y derribar estigmas y prejuicios que siguen afectando a sus vidas diarias. Parte de los protagonistas y del equipo profesional de Manantial estar\u00e1n en Valladolid para hablar con los espectadores ese 3 de diciembre, D\u00eda Internacional de las Personas con Discapacidad.<\/p>\n<figure id=\"attachment_46127\" aria-describedby=\"caption-attachment-46127\" style=\"width: 1024px\" class=\"wp-caption alignnone\"><img data-dominant-color=\"477192\" data-has-transparency=\"false\" style=\"--dominant-color: #477192;\" loading=\"lazy\" loading=\"lazy\" decoding=\"async\" class=\"size-large wp-image-46127 not-transparent\" src=\"https:\/\/social24horas.com\/contenidos\/uploads\/2025\/11\/luciernagas-1024x653.avif\" alt=\"Los protagonistas de &quot;Luci\u00e9rnagas&quot; quieren ser reconocidos por lo que son, y no por un diagn\u00f3stico \" width=\"1024\" height=\"653\" \/><figcaption id=\"caption-attachment-46127\" class=\"wp-caption-text\">Los protagonistas de <em>Luci\u00e9rnagas<\/em> quieren ser reconocidos por lo que son, y no por un diagn\u00f3stico<\/figcaption><\/figure>\n<p>El ciclo llegar\u00e1 a su fin el 10 de diciembre con la proyecci\u00f3n del filme franc\u00e9s <em>\u00c0 bicyclette!<\/em> (Mathias Mlekuz, 2024), una historia sobre el duelo de un ser querido visto desde la ternura, el humor y la emoci\u00f3n. El coloquio posterior ser\u00e1 con Mar\u00eda S\u00e1iz, psic\u00f3loga especialista en duelo de la Cl\u00ednica de Memoria de Fundaci\u00f3n Intras.<\/p>\n<p>Al igual que el Festival de Cortos, \u2018Visionando\u2019, en su vertiente de ciclo de cine, cuenta con la colaboraci\u00f3n del Ayuntamiento de Valladolid, a trav\u00e9s de la concejal\u00eda de Turismo, Eventos y Marca Ciudad, la Valladolid City of Film y la Seminci.<\/p>\n<p>Fundaci\u00f3n Intras tiene como objetivo acompa\u00f1ar a personas con problemas de salud mental y otras dependientes en la recuperaci\u00f3n de sus proyectos de vida. Tambi\u00e9n colabora en el progreso y desarrollo de la sociedad en la que efect\u00faa sus acciones. Durante 2024 acompa\u00f1\u00f3 a 2.628 personas en Castilla y Le\u00f3n, Madrid y Extremadura.<\/p>\n","protected":false},"excerpt":{"rendered":"<p>Fundaci\u00f3n Intras.- Tres largos de ficci\u00f3n y dos documentales vinculados a diferentes aspectos de la salud mental conforman la programaci\u00f3n de la tercera edici\u00f3n del ciclo de cine Visionando, organizado por la Fundaci\u00f3n Intras. Las sesiones tendr\u00e1n lugar entre el 12 de noviembre y el 10 de diciembre en el Espacio Seminci de Valladolid. Como [&hellip;]<\/p>\n","protected":false},"author":19,"featured_media":46126,"comment_status":"open","ping_status":"open","sticky":false,"template":"","format":"standard","meta":{"_acf_changed":false,"footnotes":""},"categories":[1,702,697],"tags":[2359,2357,2358,2360,2362,2356,778,2361,436],"ppma_author":[705],"class_list":{"0":"post-46125","1":"post","2":"type-post","3":"status-publish","4":"format-standard","5":"has-post-thumbnail","7":"category-nacional","8":"category-ocio-y-cultura-valladolid","9":"category-valladolid","10":"tag-casa-en-llamas","11":"tag-ciclo-visionando","12":"tag-cine-salud-mental","13":"tag-dani-de-la-orden","14":"tag-el-estigma-del-silencio","15":"tag-fundacion-intras","16":"tag-intras","17":"tag-luciernadas","18":"tag-salud-mental"},"acf":[],"authors":[{"term_id":705,"user_id":19,"is_guest":0,"slug":"redaccionvalladolid","display_name":"Redacci\u00f3n Valladolid","avatar_url":{"url":"https:\/\/social24horas.com\/contenidos\/uploads\/2024\/02\/redaccion-logo.webp","url2x":"https:\/\/social24horas.com\/contenidos\/uploads\/2024\/02\/redaccion-logo.webp"},"first_name":"","user_url":"","last_name":"","job_title":"","description":""}],"_links":{"self":[{"href":"https:\/\/social24horas.com\/api\/wp\/v2\/posts\/46125","targetHints":{"allow":["GET"]}}],"collection":[{"href":"https:\/\/social24horas.com\/api\/wp\/v2\/posts"}],"about":[{"href":"https:\/\/social24horas.com\/api\/wp\/v2\/types\/post"}],"author":[{"embeddable":true,"href":"https:\/\/social24horas.com\/api\/wp\/v2\/users\/19"}],"replies":[{"embeddable":true,"href":"https:\/\/social24horas.com\/api\/wp\/v2\/comments?post=46125"}],"version-history":[{"count":1,"href":"https:\/\/social24horas.com\/api\/wp\/v2\/posts\/46125\/revisions"}],"predecessor-version":[{"id":46128,"href":"https:\/\/social24horas.com\/api\/wp\/v2\/posts\/46125\/revisions\/46128"}],"wp:featuredmedia":[{"embeddable":true,"href":"https:\/\/social24horas.com\/api\/wp\/v2\/media\/46126"}],"wp:attachment":[{"href":"https:\/\/social24horas.com\/api\/wp\/v2\/media?parent=46125"}],"wp:term":[{"taxonomy":"category","embeddable":true,"href":"https:\/\/social24horas.com\/api\/wp\/v2\/categories?post=46125"},{"taxonomy":"post_tag","embeddable":true,"href":"https:\/\/social24horas.com\/api\/wp\/v2\/tags?post=46125"},{"taxonomy":"author","embeddable":true,"href":"https:\/\/social24horas.com\/api\/wp\/v2\/ppma_author?post=46125"}],"curies":[{"name":"wp","href":"https:\/\/api.w.org\/{rel}","templated":true}]}}