{"id":46097,"date":"2025-11-07T13:06:22","date_gmt":"2025-11-07T12:06:22","guid":{"rendered":"https:\/\/social24horas.com\/?p=46097"},"modified":"2025-11-10T22:33:08","modified_gmt":"2025-11-10T21:33:08","slug":"otono-de-cultura-y-tradicion-en-la-provincia-las-rondallas-del-ciclo-otonos-con-pulso-la-muestra-provincial-de-teatro-y-las-ferias-locales-marcaran-el-ritmo-del-fin-de-semana","status":"publish","type":"post","link":"https:\/\/social24horas.com\/otono-de-cultura-y-tradicion-en-la-provincia-las-rondallas-del-ciclo-otonos-con-pulso-la-muestra-provincial-de-teatro-y-las-ferias-locales-marcaran-el-ritmo-del-fin-de-semana\/","title":{"rendered":"Oto\u00f1o de cultura y tradici\u00f3n en la provincia de Segovia"},"content":{"rendered":"<p>La programaci\u00f3n cultural y tur\u00edstica de la provincia de Segovia volver\u00e1 a ofrecer este fin de semana una amplia variedad de propuestas para todos los p\u00fablicos, con nuevas funciones de la Muestra Provincial de Teatro en el Teatro Juan Bravo, conciertos del ciclo \u2018Oto\u00f1os con Pulso\u2019 en diferentes municipios y numerosas actividades vinculadas al patrimonio, la artesan\u00eda o la naturaleza.<\/p>\n<p>En la capital, el Teatro Juan Bravo de la Diputaci\u00f3n celebra la segunda ronda de la XXXV Muestra Provincial de Teatro, que congrega cada semana a compa\u00f1\u00edas de distintos puntos del territorio segoviano. Este viernes subir\u00e1 a escena la compa\u00f1\u00eda El Tel\u00f3n Negro, con la obra \u2018El legado\u2019, mientras que el s\u00e1bado la agrupaci\u00f3n La Bubilla Teatro, de Abades, ofrecer\u00e1 \u2018Viaje a las mil y una noches\u2019, una recreaci\u00f3n esc\u00e9nica de los relatos de Oriente Pr\u00f3ximo interpretada por una veintena de j\u00f3venes. El domingo cerrar\u00e1 el fin de semana la compa\u00f1\u00eda Vas de Arte, de Zamarramala, con \u2018La cocina de Sergio M\u00ednguez\u2019, a las siete de la tarde. Todas estas funciones van a contar con aforo completo este fin de semana.<\/p>\n<p>El programa de artes esc\u00e9nicas se ampl\u00eda con los Circuitos Esc\u00e9nicos de Castilla y Le\u00f3n, en los que colabora la Diputaci\u00f3n de Segovia. En Cu\u00e9llar, la Sala Alfonsa de la Torre acoger\u00e1 el s\u00e1bado la representaci\u00f3n \u2018Estamos en obras\u2019, de Edulogic Producciones, y en Coca, el Auditorio Mart\u00edn Fr\u00edas recibir\u00e1 el concierto \u2018Canciones de hoy y de siempre\u2019, con Juan Hedo y Adolfo D\u00edaz.<\/p>\n<p>Tambi\u00e9n el s\u00e1bado, el ciclo Oto\u00f1os con Pulso, impulsado por la Diputaci\u00f3n, llevar\u00e1 la m\u00fasica de orquestas y rondallas a m\u00e1s de media docena de municipios. Bernuy de Porreros, Valdevacas y El Guijar, Valle de Tabladillo, Carbonero el Mayor, Nieva, El Espinar y Navafr\u00eda acoger\u00e1n conciertos a lo largo de la tarde con formaciones procedentes de toda la provincia y de otras comunidades. En El Espinar, el Teatro Gonzalo Men\u00e9ndez Pidal albergar\u00e1 a las ocho de la tarde una cita solidaria protagonizada por la Rondalla Lorenzo Moya y la agrupaci\u00f3n de Los Corrales de Buelna, de Cantabria, a beneficio de la Asociaci\u00f3n Espa\u00f1ola contra el C\u00e1ncer.<\/p>\n<p><strong>Cultura, talleres y naturaleza<\/strong><\/p>\n<p>La agenda del fin de semana se completa con propuestas vinculadas a la tradici\u00f3n, la artesan\u00eda y la divulgaci\u00f3n. En Espirdo, el profesor Rafael Ruiz Alonso ofrecer\u00e1 el viernes la conferencia titulada \u2018El esgrafiado: la piel de la casa segoviana\u2019, dentro del ciclo El Acueducto del Saber que promueven la Universidad de Valladolid y la Diputaci\u00f3n. En Ortigosa del Monte, a la misma hora, tendr\u00e1 lugar la presentaci\u00f3n del libro \u2018\u00a1Despierta! Es hora de la Paz\u2019, de Antonio Marazuela Llorente, en el Centro Cultural Elena Fort\u00fan.<\/p>\n<p>El s\u00e1bado se inaugurar\u00e1 en Ayll\u00f3n una nueva edici\u00f3n de las Jornadas de Oficios Artesanos, organizadas por la Asociaci\u00f3n de Artesanos La Martina con la colaboraci\u00f3n del Ayuntamiento. Durante todo el mes, el Museo Obispo Vellosillo acoger\u00e1 talleres y demostraciones abiertos al p\u00fablico, con la participaci\u00f3n de artesanos del Nordeste segoviano.<\/p>\n<p>Ese mismo d\u00eda, Arcones celebrar\u00e1 un taller textil sobre confecci\u00f3n de ligas y ataderos impartido por Carlos Porro, y Bernuy de Porreros acoger\u00e1 el taller infantil \u2018Rostros del bosque\u2019, dentro del programa educativo Guardianes del Bosque. En el \u00e1mbito natural, el CENEAM organiza el s\u00e1bado una excursi\u00f3n por la Vereda de la Canaleja, en el Parque Nacional de la Sierra de Guadarrama, y el domingo se celebrar\u00e1 en La Losa un <em>freetour<\/em> micol\u00f3gico y una ruta interpretada por la Senda de los Dos R\u00edos en Sep\u00falveda.<\/p>\n<p><strong>Tradici\u00f3n, gastronom\u00eda y ferias locales<\/strong><\/p>\n<p>Entre las actividades de car\u00e1cter popular, destaca la celebraci\u00f3n en Navafr\u00eda de la LIV Feria del Ganado, acompa\u00f1ada por la Caravana de Alimentos de Segovia, organizada por el Ayuntamiento con la colaboraci\u00f3n de la Diputaci\u00f3n y su marca agroalimentaria.<\/p>\n<p>El recinto ferial volver\u00e1 a reunir durante el fin de semana a productores, artesanos y visitantes. La programaci\u00f3n complementaria incluye una cata de cerveza y <em>focaccias<\/em>, un paseo bot\u00e1nico el s\u00e1bado por la ma\u00f1ana, el VI Cocido Popular en la plaza del Mayo y actuaciones musicales dentro del ciclo Oto\u00f1os con Pulso. El domingo est\u00e1 prevista la inauguraci\u00f3n de la Caravana de Alimentos de Segovia y la entrega de premios a los ganaderos participantes.<\/p>\n<p>Adem\u00e1s, Montejo de la Vega de la Serrezuela acoge durante estos d\u00edas el festival \u2018Vinopoes\u00eda\u2019, en la bodega Severino Sanz, con actividades que combinan vino, poes\u00eda y m\u00fasica, mientras que Pedraza celebra su tradicional Certamen de Pincho y Tapa Medieval, que se prolongar\u00e1 hasta el domingo.<\/p>\n<p>En el plano deportivo, el domingo se celebrar\u00e1 en Caba\u00f1as de Polendos la Carrera Pedestre y Marcha Popular \u2018Entre Vi\u00f1edos\u2019, incluida en el Circuito Provincial de Carreras de la Diputaci\u00f3n.<\/p>\n<p><strong>Actividades para p\u00fablico familiar<\/strong><\/p>\n<p>El fin de semana tambi\u00e9n reserva espacio para el p\u00fablico infantil y familiar. En Trescasas, la biblioteca municipal acoger\u00e1 el viernes el cuentacuentos \u2018Somos nuestro motor\u2019; en San Pedro de Ga\u00edllos, el s\u00e1bado, el Museo del Paloteo presentar\u00e1 \u2018Un d\u00eda en el museo\u2019 y \u2018El \u00e1rbol de Julia\u2019; y en Los \u00c1ngeles de San Rafael, el mismo d\u00eda a mediod\u00eda, La Curvatura Teatro pondr\u00e1 en escena \u2018Los tres cerditos\u2019.<\/p>\n<p>La programaci\u00f3n del Real Sitio de San Ildefonso ofrecer\u00e1 a las doce de la ma\u00f1ana \u2018Cuentos horripilantes\u2019 en la Biblioteca Carlos Parrondo y a las siete de la tarde el espect\u00e1culo \u2018La magia y el humor de Luis Boyano\u2019, en La Farm Studio.<\/p>\n<p>El domingo, el Centro Cultural Las Fuentecillas de Gomezserrac\u00edn acoger\u00e1 la representaci\u00f3n \u2018Las aventuras del abuelo Lope\u2019, del grupo Aderezo, y en Pr\u00e1dena se celebrar\u00e1 la misa y procesi\u00f3n en honor a San Mart\u00edn de Tours.<\/p>\n<p><strong>Ciencia y exposiciones<\/strong><\/p>\n<p>Durante todo el fin de semana, el municipio de Mart\u00edn Miguel albergar\u00e1 la segunda edici\u00f3n de las jornadas astron\u00f3micas \u2018Libre Te Cielo\u2019, encuentro nacional de gu\u00edas e int\u00e9rpretes del cielo estrellado, con talleres, charlas y observaciones abiertas al p\u00fablico.<\/p>\n<p>En La Granja, la Real F\u00e1brica de Cristales mantiene abierta la exposici\u00f3n internacional \u2018Connected: unidos por manos y corazones\u2019, una muestra que re\u00fane a artistas del vidrio de seis pa\u00edses europeos y cuenta con la colaboraci\u00f3n de la Diputaci\u00f3n de Segovia.<\/p>\n","protected":false},"excerpt":{"rendered":"<p>La programaci\u00f3n cultural y tur\u00edstica de la provincia de Segovia volver\u00e1 a ofrecer este fin de semana una amplia variedad de propuestas para todos los p\u00fablicos, con nuevas funciones de la Muestra Provincial de Teatro en el Teatro Juan Bravo, conciertos del ciclo \u2018Oto\u00f1os con Pulso\u2019 en diferentes municipios y numerosas actividades vinculadas al patrimonio, [&hellip;]<\/p>\n","protected":false},"author":18,"featured_media":46099,"comment_status":"open","ping_status":"open","sticky":false,"template":"","format":"standard","meta":{"_acf_changed":false,"footnotes":""},"categories":[391,385],"tags":[443,940],"ppma_author":[394],"class_list":{"0":"post-46097","1":"post","2":"type-post","3":"status-publish","4":"format-standard","5":"has-post-thumbnail","7":"category-ocio-y-cultura-segovia","8":"category-segovia","9":"tag-cultura","10":"tag-otono"},"acf":[],"authors":[{"term_id":394,"user_id":18,"is_guest":0,"slug":"redaccionsegovia","display_name":"Redacci\u00f3n Segovia","avatar_url":{"url":"https:\/\/social24horas.com\/contenidos\/uploads\/2024\/02\/redaccion-logo.webp","url2x":"https:\/\/social24horas.com\/contenidos\/uploads\/2024\/02\/redaccion-logo.webp"},"first_name":"","user_url":"","last_name":"","job_title":"","description":""}],"_links":{"self":[{"href":"https:\/\/social24horas.com\/api\/wp\/v2\/posts\/46097","targetHints":{"allow":["GET"]}}],"collection":[{"href":"https:\/\/social24horas.com\/api\/wp\/v2\/posts"}],"about":[{"href":"https:\/\/social24horas.com\/api\/wp\/v2\/types\/post"}],"author":[{"embeddable":true,"href":"https:\/\/social24horas.com\/api\/wp\/v2\/users\/18"}],"replies":[{"embeddable":true,"href":"https:\/\/social24horas.com\/api\/wp\/v2\/comments?post=46097"}],"version-history":[{"count":6,"href":"https:\/\/social24horas.com\/api\/wp\/v2\/posts\/46097\/revisions"}],"predecessor-version":[{"id":46115,"href":"https:\/\/social24horas.com\/api\/wp\/v2\/posts\/46097\/revisions\/46115"}],"wp:featuredmedia":[{"embeddable":true,"href":"https:\/\/social24horas.com\/api\/wp\/v2\/media\/46099"}],"wp:attachment":[{"href":"https:\/\/social24horas.com\/api\/wp\/v2\/media?parent=46097"}],"wp:term":[{"taxonomy":"category","embeddable":true,"href":"https:\/\/social24horas.com\/api\/wp\/v2\/categories?post=46097"},{"taxonomy":"post_tag","embeddable":true,"href":"https:\/\/social24horas.com\/api\/wp\/v2\/tags?post=46097"},{"taxonomy":"author","embeddable":true,"href":"https:\/\/social24horas.com\/api\/wp\/v2\/ppma_author?post=46097"}],"curies":[{"name":"wp","href":"https:\/\/api.w.org\/{rel}","templated":true}]}}