{"id":46084,"date":"2025-11-07T12:49:56","date_gmt":"2025-11-07T11:49:56","guid":{"rendered":"https:\/\/social24horas.com\/?p=46084"},"modified":"2025-11-10T22:26:14","modified_gmt":"2025-11-10T21:26:14","slug":"fundacion-solidaridad-carrefour-entrega-a-cruz-roja-mas-de-1-600e-en-material-escolar-a-favor-de-la-infancia-en-riesgo-social-de-la-provincia-de-segovia","status":"publish","type":"post","link":"https:\/\/social24horas.com\/fundacion-solidaridad-carrefour-entrega-a-cruz-roja-mas-de-1-600e-en-material-escolar-a-favor-de-la-infancia-en-riesgo-social-de-la-provincia-de-segovia\/","title":{"rendered":"Fundaci\u00f3n Solidaridad Carrefour entrega a Cruz Roja m\u00e1s de 1.600\u20ac en material escolar en la provincia de Segovia"},"content":{"rendered":"<p>Carrefour y su Fundaci\u00f3n, con el apoyo de sus clientes, han entregado a Cruz Roja, en el marco de la campa\u00f1a \u2018Vuelta al Cole Solidaria\u2019, 1.689,98 euros en material escolar a favor de la infancia en situaci\u00f3n de vulnerabilidad social de la provincia de Segovia.<\/p>\n<p>Como en anteriores ediciones, Carrefour arranc\u00f3 esta campa\u00f1a con la donaci\u00f3n directa a nivel nacional de 100.000 euros en material escolar. Importe al que se han sumado las donaciones de sus clientes dando como resultado la entrega de m\u00e1s de 300.000 euros en material escolar a nivel nacional. Recursos con los que, se estima, dar cobertura a las necesidades b\u00e1sicas de m\u00e1s de 12.000 menores en riesgo social de las diferentes localidades de nuestro pa\u00eds durante el presente curso escolar. En concreto, en Segovia, se ha podido dar cobertura a las necesidades de material escolar a un total de 65 ni\u00f1os y ni\u00f1as.<\/p>\n<p>Hablamos de la XVII edici\u00f3n de una importante iniciativa promovida por Fundaci\u00f3n Solidaridad Carrefour a favor de Cruz Roja que tiene como objetivo reducir el gran impacto econ\u00f3mico que supone el inicio del nuevo curso para miles de familias en situaci\u00f3n de vulnerabilidad y contribuir a alcanzar una educaci\u00f3n inclusiva y de calidad en l\u00ednea con el Objetivo de Desarrollo Sostenible (ODS) n\u00famero 4 (Educaci\u00f3n de Calidad). Tambi\u00e9n con la finalidad de ayudar a empoderar a estos\/as menores en una fecha tan significativa como es el inicio del curso escolar.<\/p>\n<p>Desde el nacimiento de esta campa\u00f1a Carrefour, con el apoyo de sus clientes, ha entregado a Cruz Roja m\u00e1s de 7,9 millones de euros en material escolar en beneficio de miles de familias en situaci\u00f3n de emergencia social.<\/p>\n<p>La \u2018Vuelta al Cole Solidaria 2025\u2019 se celebr\u00f3 durante este mes de septiembre en 203 centros Carrefour de toda Espa\u00f1a y cont\u00f3 con la colaboraci\u00f3n de m\u00e1s de 4.500 voluntarios y voluntarias de Cruz Roja, apoyados por el voluntariado de Fundaci\u00f3n Solidaridad Carrefour (siendo las diferentes Asambleas Locales de Cruz Roja las encargadas de distribuir dichos recursos entre las familias beneficiarias de todo el territorio nacional). En Segovia, un total de 19 personas voluntarias han participado en el desarrollo de la campa\u00f1a solidaria.<strong><img data-dominant-color=\"61625e\" data-has-transparency=\"false\" style=\"--dominant-color: #61625e;\" loading=\"lazy\" loading=\"lazy\" decoding=\"async\" class=\"aligncenter size-full wp-image-46087 not-transparent\" src=\"https:\/\/social24horas.com\/contenidos\/uploads\/2025\/11\/image001.avif\" alt=\"\" width=\"766\" height=\"764\" \/><\/strong><\/p>\n<p><u>Otras \u00e1reas de colaboraci\u00f3n<\/u><\/p>\n<p>Cruz Roja y Fundaci\u00f3n Solidaridad Carrefour trabajan conjuntamente desde hace m\u00e1s de dos d\u00e9cadas en la mejora de la calidad de vida de las personas en situaci\u00f3n de vulnerabilidad a trav\u00e9s del desarrollo y puesta en marcha de innumerables iniciativas sociales. Iniciativas como la #VueltaAlColeSolidaria que este a\u00f1o alcanza su XVII edici\u00f3n con un hist\u00f3rico de m\u00e1s de 7,9 millones de euros entregados en material escolar.<\/p>\n<p>A su vez, en diciembre de 2022 ambas instituciones renovaron por tres a\u00f1os m\u00e1s un importante acuerdo de cooperaci\u00f3n suscrito en 2001 para la atenci\u00f3n de personas afectadas por situaciones de cat\u00e1strofe o similares (inundaciones, nevadas y dem\u00e1s emergencias con poblaci\u00f3n afectada). Cat\u00e1strofes como la erupci\u00f3n del volc\u00e1n Cumbre Vieja en La Palma, el masivo apag\u00f3n o los grav\u00edsimos incendios que a\u00f1o tras a\u00f1o han asolado diferentes localidades de nuestro pa\u00eds, entre ellos los devastadores incendios sufridos este verano. Intervenciones que realizan en escenarios de excepcionalidad y urgente necesidad que tan s\u00f3lo durante este a\u00f1o han dado como fruto la atenci\u00f3n de m\u00e1s de 7.000 personas afectadas.<\/p>\n<p>En este \u00e1mbito, Fundaci\u00f3n Solidaridad Carrefour financia tambi\u00e9n el desarrollo, formaci\u00f3n, mantenimiento e intervenci\u00f3n de los 26 Equipos de Respuesta Inmediata en Atenci\u00f3n Psicosocial (ERIE de Cruz Roja) con el objetivo de dar respuesta a las personas afectadas de manera integral, desde su creaci\u00f3n en el a\u00f1o 2001. Ejemplos recientes de ello los encontramos en las intervenciones realizadas a ra\u00edz del incendio del edificio del Campanar en Valencia; en apoyo a las personas afectadas por la DANA, o con motivo de los devastadores incendios mencionados.<\/p>\n<p>Igualmente, en l\u00ednea con el ODS 10 (Reducci\u00f3n de las Desigualdades) ambas entidades han suscrito en 2021 un acuerdo nacional de promoci\u00f3n de la integraci\u00f3n laboral de personas en situaci\u00f3n de desventaja social con el objetivo de favorecer el acceso al mercado laboral de personas en riesgo social en clave de igualdad.<\/p>\n","protected":false},"excerpt":{"rendered":"<p>Carrefour y su Fundaci\u00f3n, con el apoyo de sus clientes, han entregado a Cruz Roja, en el marco de la campa\u00f1a \u2018Vuelta al Cole Solidaria\u2019, 1.689,98 euros en material escolar a favor de la infancia en situaci\u00f3n de vulnerabilidad social de la provincia de Segovia. Como en anteriores ediciones, Carrefour arranc\u00f3 esta campa\u00f1a con la [&hellip;]<\/p>\n","protected":false},"author":18,"featured_media":46086,"comment_status":"open","ping_status":"open","sticky":false,"template":"","format":"standard","meta":{"_acf_changed":false,"footnotes":""},"categories":[386,385],"tags":[2341,777,2342],"ppma_author":[394],"class_list":{"0":"post-46084","1":"post","2":"type-post","3":"status-publish","4":"format-standard","5":"has-post-thumbnail","7":"category-asociaciones-segovia","8":"category-segovia","9":"tag-carrefour","10":"tag-cruz-roja","11":"tag-vuelta-al-cole"},"acf":[],"authors":[{"term_id":394,"user_id":18,"is_guest":0,"slug":"redaccionsegovia","display_name":"Redacci\u00f3n Segovia","avatar_url":{"url":"https:\/\/social24horas.com\/contenidos\/uploads\/2024\/02\/redaccion-logo.webp","url2x":"https:\/\/social24horas.com\/contenidos\/uploads\/2024\/02\/redaccion-logo.webp"},"first_name":"","user_url":"","last_name":"","job_title":"","description":""}],"_links":{"self":[{"href":"https:\/\/social24horas.com\/api\/wp\/v2\/posts\/46084","targetHints":{"allow":["GET"]}}],"collection":[{"href":"https:\/\/social24horas.com\/api\/wp\/v2\/posts"}],"about":[{"href":"https:\/\/social24horas.com\/api\/wp\/v2\/types\/post"}],"author":[{"embeddable":true,"href":"https:\/\/social24horas.com\/api\/wp\/v2\/users\/18"}],"replies":[{"embeddable":true,"href":"https:\/\/social24horas.com\/api\/wp\/v2\/comments?post=46084"}],"version-history":[{"count":6,"href":"https:\/\/social24horas.com\/api\/wp\/v2\/posts\/46084\/revisions"}],"predecessor-version":[{"id":46112,"href":"https:\/\/social24horas.com\/api\/wp\/v2\/posts\/46084\/revisions\/46112"}],"wp:featuredmedia":[{"embeddable":true,"href":"https:\/\/social24horas.com\/api\/wp\/v2\/media\/46086"}],"wp:attachment":[{"href":"https:\/\/social24horas.com\/api\/wp\/v2\/media?parent=46084"}],"wp:term":[{"taxonomy":"category","embeddable":true,"href":"https:\/\/social24horas.com\/api\/wp\/v2\/categories?post=46084"},{"taxonomy":"post_tag","embeddable":true,"href":"https:\/\/social24horas.com\/api\/wp\/v2\/tags?post=46084"},{"taxonomy":"author","embeddable":true,"href":"https:\/\/social24horas.com\/api\/wp\/v2\/ppma_author?post=46084"}],"curies":[{"name":"wp","href":"https:\/\/api.w.org\/{rel}","templated":true}]}}