{"id":45872,"date":"2025-10-15T10:41:28","date_gmt":"2025-10-15T08:41:28","guid":{"rendered":"https:\/\/social24horas.com\/?p=45872"},"modified":"2025-10-15T10:41:28","modified_gmt":"2025-10-15T08:41:28","slug":"segovia-se-pone-en-marcha-contra-el-cancer-llega-la-xiv-carrera-popular-caja-rural","status":"publish","type":"post","link":"https:\/\/social24horas.com\/segovia-se-pone-en-marcha-contra-el-cancer-llega-la-xiv-carrera-popular-caja-rural\/","title":{"rendered":"Segovia se pone en marcha contra el c\u00e1ncer: llega la XIV Carrera Popular Caja Rural"},"content":{"rendered":"<p data-start=\"366\" data-end=\"652\">Segovia volver\u00e1 a te\u00f1irse de rosa el pr\u00f3ximo<strong data-start=\"411\" data-end=\"436\"> 19 de octubre de 2025<\/strong> con la celebraci\u00f3n de la XIV Carrera Popular y Marcha Solidaria Caja Rural, una cita que cada a\u00f1o re\u00fane a miles de segovianos en un gesto colectivo de fuerza, esperanza y compromiso en la lucha contra el c\u00e1ncer.<\/p>\n<p data-start=\"654\" data-end=\"1110\">Organizada por Caja Rural de Segovia y su Fundaci\u00f3n Caja Rural, con la colaboraci\u00f3n del Ayuntamiento de Segovia, esta iniciativa tiene como objetivo recaudar fondos a favor de la Asociaci\u00f3n Espa\u00f1ola Contra el C\u00e1ncer (AECC). Adem\u00e1s, este a\u00f1o vuelve a contar con la colaboraci\u00f3n del Banco de Alimentos de Segovia, invitando a los participantes a aportar productos no perecederos que se destinar\u00e1n a familias en situaci\u00f3n de necesidad.<\/p>\n<h4 data-start=\"1112\" data-end=\"1143\">Recorrido y horarios<\/h4>\n<p data-start=\"1144\" data-end=\"1446\">La jornada comenzar\u00e1 a las 10:30 horas con la salida de la Carrera Popular competitiva, seguida, a las 10:40 horas, de la Marcha Solidaria.<br data-start=\"1299\" data-end=\"1302\" \/>Ambas pruebas partir\u00e1n desde la Avenida del Acueducto, frente a la Iglesia de San Mill\u00e1n, y compartir\u00e1n un ambiente festivo y solidario.<\/p>\n<p data-start=\"1448\" data-end=\"1491\">El recorrido contempla dos modalidades:<\/p>\n<ul data-start=\"1492\" data-end=\"1841\">\n<li data-start=\"1492\" data-end=\"1656\">\n<p data-start=\"1494\" data-end=\"1656\">Carrera competitiva (9 km): un circuito urbano que recorre algunas de las calles m\u00e1s emblem\u00e1ticas de Segovia, dise\u00f1ado para corredores que buscan superarse.<\/p>\n<\/li>\n<li data-start=\"1657\" data-end=\"1841\">\n<p data-start=\"1659\" data-end=\"1841\">Marcha solidaria (4,2 km): un trazado m\u00e1s corto y accesible, pensado para todas las edades y niveles, ideal para familias, grupos de amigos y quienes deseen participar caminando.<\/p>\n<\/li>\n<\/ul>\n<p data-start=\"1843\" data-end=\"1864\">Al finalizar ambas pruebas, se celebraran las carreras de las categorias inferiores en la Avda. del acueducto<\/p>\n<h4 data-start=\"1843\" data-end=\"1864\">Inscripciones<\/h4>\n<p data-start=\"1865\" data-end=\"2022\">Las inscripciones estar\u00e1n abiertas del 19 de septiembre a las 09:00 h hasta el 18 de octubre a las 19:00 h, y podr\u00e1n realizarse de las siguientes formas:<\/p>\n<ul data-start=\"2024\" data-end=\"2314\">\n<li data-start=\"2024\" data-end=\"2146\">\n<p data-start=\"2026\" data-end=\"2146\"><strong data-start=\"2026\" data-end=\"2045\">Presencialmente<\/strong> en:<br data-start=\"2049\" data-end=\"2052\" \/>\u2022 <em data-start=\"2056\" data-end=\"2080\">Deportes De Carrerilla<\/em> (Cervantes, 6)<br data-start=\"2095\" data-end=\"2098\" \/>\u2022 <em data-start=\"2102\" data-end=\"2127\">Sede de la AECC Segovia<\/em> (Somorrostro, 1)<\/p>\n<\/li>\n<li data-start=\"2147\" data-end=\"2314\">\n<p data-start=\"2149\" data-end=\"2314\"><strong data-start=\"2149\" data-end=\"2159\">Online<\/strong> a trav\u00e9s de:<br data-start=\"2172\" data-end=\"2175\" \/>\ud83d\udc49 <a class=\"decorated-link\" href=\"https:\/\/www.youevent.org\" target=\"_new\" rel=\"noopener\" data-start=\"2180\" data-end=\"2224\">www.youevent.org<\/a><br data-start=\"2224\" data-end=\"2227\" \/>\ud83d\udc49 <a class=\"decorated-link\" href=\"https:\/\/www.fundacioncajaruraldesegovia.es\" target=\"_new\" rel=\"noopener\" data-start=\"2232\" data-end=\"2312\">www.fundacioncajaruraldesegovia.es<\/a><\/p>\n<\/li>\n<\/ul>\n<p data-start=\"2316\" data-end=\"2345\"><strong data-start=\"2316\" data-end=\"2343\">Precios de inscripci\u00f3n:<\/strong><\/p>\n<div class=\"_tableContainer_1rjym_1\">\n<div class=\"group _tableWrapper_1rjym_13 flex w-fit flex-col-reverse\" tabindex=\"-1\">\n<table class=\"w-fit min-w-(--thread-content-width)\" data-start=\"2346\" data-end=\"2629\">\n<thead data-start=\"2346\" data-end=\"2434\">\n<tr data-start=\"2346\" data-end=\"2434\">\n<th data-start=\"2346\" data-end=\"2356\" data-col-size=\"sm\">Periodo<\/th>\n<th data-start=\"2356\" data-end=\"2382\" data-col-size=\"sm\">Menores (marcha y\/o carrera)<\/th>\n<th data-start=\"2382\" data-end=\"2414\" data-col-size=\"sm\">Adultos (carrera competitiva)<\/th>\n<th data-start=\"2414\" data-end=\"2434\" data-col-size=\"sm\">Adultos (marcha)<\/th>\n<\/tr>\n<\/thead>\n<tbody data-start=\"2526\" data-end=\"2629\">\n<tr data-start=\"2526\" data-end=\"2575\">\n<td data-start=\"2526\" data-end=\"2554\" data-col-size=\"sm\">Hasta el <strong data-start=\"2537\" data-end=\"2553\">1 de octubre<\/strong><\/td>\n<td data-col-size=\"sm\" data-start=\"2554\" data-end=\"2560\">5 \u20ac<\/td>\n<td data-col-size=\"sm\" data-start=\"2560\" data-end=\"2567\">10 \u20ac<\/td>\n<td data-col-size=\"sm\" data-start=\"2567\" data-end=\"2575\">10 \u20ac<\/td>\n<\/tr>\n<tr data-start=\"2576\" data-end=\"2629\">\n<td data-start=\"2576\" data-end=\"2608\" data-col-size=\"sm\">A partir del <strong data-start=\"2591\" data-end=\"2607\">2 de octubre<\/strong><\/td>\n<td data-col-size=\"sm\" data-start=\"2608\" data-end=\"2614\">6 \u20ac<\/td>\n<td data-col-size=\"sm\" data-start=\"2614\" data-end=\"2621\">12 \u20ac<\/td>\n<td data-col-size=\"sm\" data-start=\"2621\" data-end=\"2629\">12 \u20ac<\/td>\n<\/tr>\n<\/tbody>\n<\/table>\n<\/div>\n<\/div>\n<p data-start=\"2631\" data-end=\"2913\">Cada inscripci\u00f3n incluye una camiseta t\u00e9cnica conmemorativa, bolsa del corredor, bebida y ticket de comida, y todo lo recaudado se destinar\u00e1 \u00edntegramente a la AECC Segovia, para apoyar proyectos de investigaci\u00f3n, prevenci\u00f3n y acompa\u00f1amiento a pacientes y familias.<\/p>\n","protected":false},"excerpt":{"rendered":"<p>Segovia volver\u00e1 a te\u00f1irse de rosa el pr\u00f3ximo 19 de octubre de 2025 con la celebraci\u00f3n de la XIV Carrera Popular y Marcha Solidaria Caja Rural, una cita que cada a\u00f1o re\u00fane a miles de segovianos en un gesto colectivo de fuerza, esperanza y compromiso en la lucha contra el c\u00e1ncer. Organizada por Caja Rural [&hellip;]<\/p>\n","protected":false},"author":18,"featured_media":45873,"comment_status":"open","ping_status":"open","sticky":false,"template":"","format":"standard","meta":{"_acf_changed":false,"footnotes":""},"categories":[385],"tags":[420,691,1225],"ppma_author":[394],"class_list":{"0":"post-45872","1":"post","2":"type-post","3":"status-publish","4":"format-standard","5":"has-post-thumbnail","7":"category-segovia","8":"tag-cancer","9":"tag-carrera-popular","10":"tag-marcha"},"acf":[],"authors":[{"term_id":394,"user_id":18,"is_guest":0,"slug":"redaccionsegovia","display_name":"Redacci\u00f3n Segovia","avatar_url":{"url":"https:\/\/social24horas.com\/contenidos\/uploads\/2024\/02\/redaccion-logo.webp","url2x":"https:\/\/social24horas.com\/contenidos\/uploads\/2024\/02\/redaccion-logo.webp"},"first_name":"","user_url":"","last_name":"","job_title":"","description":""}],"_links":{"self":[{"href":"https:\/\/social24horas.com\/api\/wp\/v2\/posts\/45872","targetHints":{"allow":["GET"]}}],"collection":[{"href":"https:\/\/social24horas.com\/api\/wp\/v2\/posts"}],"about":[{"href":"https:\/\/social24horas.com\/api\/wp\/v2\/types\/post"}],"author":[{"embeddable":true,"href":"https:\/\/social24horas.com\/api\/wp\/v2\/users\/18"}],"replies":[{"embeddable":true,"href":"https:\/\/social24horas.com\/api\/wp\/v2\/comments?post=45872"}],"version-history":[{"count":3,"href":"https:\/\/social24horas.com\/api\/wp\/v2\/posts\/45872\/revisions"}],"predecessor-version":[{"id":45876,"href":"https:\/\/social24horas.com\/api\/wp\/v2\/posts\/45872\/revisions\/45876"}],"wp:featuredmedia":[{"embeddable":true,"href":"https:\/\/social24horas.com\/api\/wp\/v2\/media\/45873"}],"wp:attachment":[{"href":"https:\/\/social24horas.com\/api\/wp\/v2\/media?parent=45872"}],"wp:term":[{"taxonomy":"category","embeddable":true,"href":"https:\/\/social24horas.com\/api\/wp\/v2\/categories?post=45872"},{"taxonomy":"post_tag","embeddable":true,"href":"https:\/\/social24horas.com\/api\/wp\/v2\/tags?post=45872"},{"taxonomy":"author","embeddable":true,"href":"https:\/\/social24horas.com\/api\/wp\/v2\/ppma_author?post=45872"}],"curies":[{"name":"wp","href":"https:\/\/api.w.org\/{rel}","templated":true}]}}