{"id":45449,"date":"2025-08-26T13:39:14","date_gmt":"2025-08-26T11:39:14","guid":{"rendered":"https:\/\/social24horas.com\/?p=45449"},"modified":"2025-08-26T14:30:47","modified_gmt":"2025-08-26T12:30:47","slug":"alberto-velasco-sacresize-emocion-danza-y-pelea-contra-el-terrorismo-corporal-que-nos-dejen-vivir-tranquilas","status":"publish","type":"post","link":"https:\/\/social24horas.com\/alberto-velasco-sacresize-emocion-danza-y-pelea-contra-el-terrorismo-corporal-que-nos-dejen-vivir-tranquilas\/","title":{"rendered":"Alberto Velasco (\u201cSacresize\u201d), emoci\u00f3n, danza y pelea contra el terrorismo corporal: \u201cQue nos dejen vivir tranquilas\u201d"},"content":{"rendered":"<p>Habr\u00e1 much\u00edsima gente, tanto en el escenario como en el patio de butacas, palcos y anfiteatros, cuando el artista vallisoletano Alberto Velasco (\u201cVis a vis\u201d, \u201cLa mano invisible\u201d, \u201cDanzad malditos\u201d, \u201cSweet dreams\u201d) estrene su espect\u00e1culo \u201cSacresize\u201d en mayo de 2026 en los madrile\u00f1os Teatros del Canal; pero estudiando, pensando e inventando la estructura de la obra, ha estado \u00e9l solo en la solemnidad del Sal\u00f3n de los Espejos del Calder\u00f3n durante tres semanas.<\/p>\n<p>Velasco (Valladolid, 1983) sabe lo que es participar en series de \u00e9xito y en pel\u00edculas de culto; ha hecho teatro de calle y baila desde ni\u00f1o. Ahora lleva muchos meses ya con la cabeza puesta en un solo lugar: el terrorismo corporal que implanta el sistema, y el arte que \u00e9l puede ofrecer para anularlo. Social24Horas le pregunta sobre este y otros asuntos en una charla en La Cist\u00e9rniga, reci\u00e9n finalizada la experiencia de su residencia art\u00edstica (convocada por la Fundaci\u00f3n Municipal de Cultura del Ayuntamiento de Valladolid).<\/p>\n<p><strong>PREGUNTA. \u00bfC\u00f3mo nace el proyecto <em>Sacresize<\/em> y c\u00f3mo aparece la oportunidad de la residencia art\u00edstica en el Teatro Calder\u00f3n?<\/strong><\/p>\n<p>RESPUESTA. Los proyectos art\u00edsticos se cocinan de una manera lenta. Llevo con <em>Sacresize<\/em> un a\u00f1o y medio. Hace muchos a\u00f1os que quiero montar <em>La consagraci\u00f3n de la primavera<\/em>, de Stravinski, desde que lo bail\u00e9 con una compa\u00f1\u00eda belga. Se me qued\u00f3 marcado. Todos los grandes core\u00f3grafos lo hab\u00edan hecho. Era una m\u00fasica que me atormentaba. Y, por otra parte, siempre he querido hacer un ballet con personas gordas. Entonces estas dos ideas que pululaban por mi vida a lo largo de mi carrera todo el rato, se juntaron en este proyecto.<\/p>\n<p><strong>P. \u00bfPor qu\u00e9 te atormentaba <em>La consagraci\u00f3n de la primavera<\/em>?<\/strong><\/p>\n<p>R. Te agarra, la perra de ella. Te zarandea. Es tan sorprendente y con unos impulsos tan fuertes que me quedan muchas emociones dentro. Est\u00e1 hecha para un ritual un poco <em>dark<\/em>, que es dar una virgen de la aldea para los dioses, pero a m\u00ed me sale una liberaci\u00f3n fuerte, a trav\u00e9s de la rabia. Quer\u00eda explorarlo.<\/p>\n<p><strong>P. \u00bfEl tema del baile desde cu\u00e1ndo te viene?<\/strong><\/p>\n<p>R. Pues llevo bailando toda la vida. Empec\u00e9 bailando aqu\u00ed en La Cist\u00e9rniga danzas populares, con ocho o diez a\u00f1os, en agrupaciones del pueblo. Esas mismas agrupaciones empezaron a dar bailes de sal\u00f3n, flamenco, y yo me apuntaba a todo. Hasta que a los dieciocho entr\u00e9 en Arte Dram\u00e1tico. All\u00ed ya encontr\u00e9 la danza de otra manera. Ten\u00edamos clase de danza cl\u00e1sica y tambi\u00e9n flamenco durante cuatro a\u00f1os, nos daban a conocer los grandes creadores del mundo. Y si yo en alg\u00fan momento pens\u00e9 que no pod\u00eda dedicarme a la danza por ser gordo y por ser chico, en la Escuela de Arte Dram\u00e1tico descubr\u00ed que s\u00ed, que hab\u00eda otras maneras de contar con el cuerpo.<\/p>\n<p><strong>P. A\u00f1o y medio trabajando en este proyecto, <em>Sacresize<\/em>, es mucho tiempo.<\/strong><\/p>\n<p>R. Lo present\u00e9 a unas ayudas de los Teatros del Canal, que no me dieron. Es curioso porque vamos a estrenar all\u00ed. Hay muchas puertas a las que poder llamar. S\u00ed me dieron la ayuda del Mercat de les Flors, que es el centro de danza de Catalu\u00f1a. Me voy en septiembre quince d\u00edas para all\u00e1, y tambi\u00e9n en diciembre. Se arm\u00f3, ya ten\u00edamos un hueco para armar todo esto. Y entonces sali\u00f3 la convocatoria del teatro Calder\u00f3n.<\/p>\n<p><strong>P. \u00bfY cu\u00e1l era el objetivo y contraprestaci\u00f3n de esta residencia art\u00edstica?<\/strong><\/p>\n<p>R. Lo positivo de esta ayuda es que la contraprestaci\u00f3n es consensuada con el centro. Depende en qu\u00e9 momento est\u00e9 tu proyecto, t\u00fa puedes hacer una cosa u otra. Por ejemplo, un trabajo de mediaci\u00f3n con colectivos. En mi caso fue consensuada con No\u00e9 Astruga, adjunto a la direcci\u00f3n art\u00edstica y producci\u00f3n del Calder\u00f3n. Como yo estaba en los primeros pasos, lo que he hecho es presentar una memoria de todo el trabajo realizado y las l\u00edneas de investigaci\u00f3n que se han abierto gracias a estar trabajando en el Calder\u00f3n estas tres semanas. Un periodo de investigaci\u00f3n libre, con el Sal\u00f3n de los Espejos a mi disposici\u00f3n todas las horas que yo quer\u00eda. Ha sido guay ensayar estos d\u00edas, sabiendo ya que estrenamos en mayo, porque a veces te metes en estas residencias sin saber si el proyecto va a tener futuro.<\/p>\n<p><strong>P. \u00bfC\u00f3mo es el equipo que tienes pensado para acompa\u00f1arte en este montaje?<\/strong><\/p>\n<p>R. <em>Sacresize<\/em> es un programa de danza que tiene dos partes, porque <em>La consagraci\u00f3n de la primavera<\/em> dura cuarenta minutos nada m\u00e1s. Entonces yo he inventado una primera parte que se llama <em>Size<\/em>, talla en ingl\u00e9s, que es una pel\u00edcula sobre violencia est\u00e9tica, que se retroproyectar\u00e1 en el escenario, y sobre la que bailar\u00e1 el elenco de personas gordas.<\/p>\n<p><strong>P. \u00bfEst\u00e1is rodando una pel\u00edcula para este montaje?<\/strong><\/p>\n<p>R. Estamos en ello, estamos en ello.<\/p>\n<p><strong>P. \u00bfUna pel\u00edcula tal cual?<\/strong><\/p>\n<p>R. Hay cosas que se graban y hay im\u00e1genes externas que hemos tomado para formar un collage. Impulsos visuales que tiene el sistema para oprimir a las personas que se salen de los c\u00e1nones de la belleza. Publicidad, pel\u00edculas, etc. Estamos sacando trocitos, editando, manipulando, creando un gran v\u00eddeo que tenga su propia dramaturgia pero que a la vez dialogue con el grupo que est\u00e1 sobre el escenario. La pel\u00edcula funciona como un personaje, y esto lo he descubierto aqu\u00ed en la residencia. No sab\u00eda muy bien c\u00f3mo hacerlo. Las im\u00e1genes que saldr\u00e1n all\u00ed tienen que estar proyectadas desde el sistema: pel\u00edculas, publicidad, carteles, tiendas de ropa. Funcionar\u00e1 como el personaje de un villano.<\/p>\n<p><strong>P. \u00bfCu\u00e1nta gente habr\u00e1 bailando sobre el escenario?<\/strong><\/p>\n<p>R. Lo que el presupuesto permita. Mi idea es un elenco grande, entre nueve y once personas gordas. Un elenco que no ser\u00e1 fijo: queremos un dispositivo coreogr\u00e1fico que yo pueda replicar en cualquier parte del mundo.<\/p>\n<p><strong>P. La residencia art\u00edstica, sin embargo, fue en soledad.<\/strong><\/p>\n<p>R. Solo he tra\u00eddo a Luc\u00eda L\u00f3pez-Enrique (<a href=\"https:\/\/open.spotify.com\/intl-es\/artist\/7l1AnuM5A1egzNpFkxfcZ7?si=AkYJyYoARRmY7yxEddlQnw\" target=\"_blank\" rel=\"noopener\">Delameseta<\/a>), uno de los \u00faltimos d\u00edas, como conejillo de indias. A poner en pr\u00e1ctica todo lo que yo hab\u00eda estado ideando.<\/p>\n<p><strong>P. \u00bfC\u00f3mo estructuraste esas ideas, esa labor investigativa?<\/strong><\/p>\n<p>R. Llegu\u00e9 con una pila de libros, de todo tipo: violencia corporal, terrorismo corporal, fil\u00f3sofos y activistas del mundo, libros sobre Stravinski. Yo con la m\u00fasica de Stravinski leyendo, subrayando, se\u00f1alando ideas, imprimiendo cuadros, im\u00e1genes inspiradoras, haciendo conexiones, escribiendo.<\/p>\n<figure id=\"attachment_45451\" aria-describedby=\"caption-attachment-45451\" style=\"width: 1024px\" class=\"wp-caption alignnone\"><img data-dominant-color=\"655851\" data-has-transparency=\"false\" style=\"--dominant-color: #655851;\" loading=\"lazy\" loading=\"lazy\" decoding=\"async\" class=\"size-large wp-image-45451 not-transparent\" src=\"https:\/\/social24horas.com\/contenidos\/uploads\/2025\/08\/Alberto-velasco-AFIOCO-GNECCO1-1024x683.avif\" alt=\"Alberto Velasco ha estado tres semanas investigando y ensayando en el Sal\u00f3n de los Espejos del teatro Calder\u00f3n. Foto: Afioco Gnecco\" width=\"1024\" height=\"683\" \/><figcaption id=\"caption-attachment-45451\" class=\"wp-caption-text\">Alberto Velasco ha estado tres semanas investigando y ensayando en el Sal\u00f3n de los Espejos del teatro Calder\u00f3n. Foto: Afioco Gnecco<\/figcaption><\/figure>\n<p><strong>P. \u00bfEscribiendo el guion de la pel\u00edcula tambi\u00e9n?<\/strong><\/p>\n<p>R. La pel\u00edcula es solo movimiento, es todo visual. Todo el movimiento o la danza est\u00e1 sostenido para m\u00ed en una dramaturgia que ahora necesito poner en palabras. Luego lo traduciremos a movimiento.<\/p>\n<p><strong>P. En la segunda parte ya viene <em>La consagraci\u00f3n de la primavera<\/em>.<\/strong><\/p>\n<p>R. Ah\u00ed ya se baila a todo el espacio abierto, con los cuerpos desnudos. Al principio son las sombras y luego es la luz.<\/p>\n<p><strong>P. \u00bfC\u00f3mo escribes las coreograf\u00edas? \u00bfC\u00f3mo es esa traducci\u00f3n?<\/strong><\/p>\n<p>R. Cada persona que trabaja con movimiento tiene su m\u00e9todo. A m\u00ed lo que m\u00e1s me ayuda para tener esta cosmovisi\u00f3n de movimientos es tenerlo todo como con hojas por separado y trabajar con el caos. Yo trabajo con el caos en un primer momento. Cuando el caos se va ordenando \u00e9l solo, en movimientos, como ordenando los cuerpos en el espacio, ya pasamos de escribir en papel a escribirlo en v\u00eddeo. A grabarlo en v\u00eddeo. Y as\u00ed se lo pasamos a los int\u00e9rpretes.<\/p>\n<p><strong>P. En ese caos previo sobre el papel, \u00bflo que tienes son dibujos?<\/strong><\/p>\n<p>R. Alg\u00fan dibujo, y palabras, sobre todo. Una palabra por aqu\u00ed, otra por all\u00ed, luego un pum pum pum, luego una flecha y aqu\u00ed un c\u00edrculo. Yo tengo claro lo que es eso. Esto es una energ\u00eda y esto es otra energ\u00eda, esto es una plancha y esto son diagonales. Al bailar\u00edn le paso un v\u00eddeo, para que se lo vea, pero sobre todo se trabaja en directo. Si no lo hace el core\u00f3grafo, lo hace la figura del repetidor o repetidora, que es la persona que se encarga de repetir hasta la saciedad los movimientos, y luego el que ve la coreograf\u00eda desde fuera junto con el core\u00f3grafo para limpiarlo todo.<\/p>\n<p><strong>P. \u00bfDesde cu\u00e1ndo das vueltas a este tema de investigaci\u00f3n?<\/strong><\/p>\n<p>R. Llevo toda mi vida. La primera pieza que hice aqu\u00ed en Valladolid, con la que gan\u00e9 el TAC (Festival Internacional de Teatro y Artes de Calle) en 2008, fue <em>Vaca<\/em>. Era un solo de danza-teatro sobre los c\u00e1nones de belleza. Sin saberlo, era algo que iba a marcar un poco todo lo que he hecho luego. Siempre hay una reflexi\u00f3n sobre el cuerpo, pol\u00edtica y emocional, de alguien que no encuentra su lugar en el mundo. Cuando compartes esta sensaci\u00f3n con la gente te das cuenta de que estamos todos igual. Es una cosa compartida, especialmente con las mujeres, y que te condiciona tu futuro.<\/p>\n<p><strong>P. Centrado en el terrorismo corporal proyectado desde el sistema, \u00bfqu\u00e9 les dir\u00edas, o cu\u00e1l es el mensaje que env\u00edas, a los que forman parte de este sistema (instituciones, medios de comunicaci\u00f3n, marcas) que perpet\u00faa estos ataques? \u00bfC\u00f3mo resolver esto?<\/strong><\/p>\n<p>R. No tengo ni idea de c\u00f3mo resolverlo. Ojal\u00e1 tuviera una idea m\u00e1gica. Pero lo fundamental para m\u00ed es que nos dejen en paz. Que nos dejen tranquilas. No hay otra, que nos dejen en paz. Sobre los cuerpos de las personas la gente tiene siempre el poder de hablar: est\u00e1s m\u00e1s gordo, est\u00e1s m\u00e1s flaco, te convendr\u00eda hacer esto, te lo digo por tu salud. Hay un mont\u00f3n de estrategias que se ha inventado el sistema, y que las personas tienen adheridas a su cotidianidad, contra los cuerpos gordos y que se salen de la norma. Yo les dir\u00eda que nos dejen vivir tranquilas. Ya est\u00e1.<\/p>\n<p><strong>P. \u00bfAnte problem\u00e1ticas de este calado, el artista est\u00e1 obligado a posicionarse, a transgredir, a molestar?<\/strong><\/p>\n<p>R. Es mi manera. Yo no dir\u00eda tanto el artista sino Alberto artista. Como artista, mi camino es este, es lo que yo siento que tengo que hacer. Pero los artistas que est\u00e1n empe\u00f1ados en solo entretener me parecen maravillosos tambi\u00e9n. Los que est\u00e1n empe\u00f1ados en hacer cosas mucho m\u00e1s pol\u00edticas, como Abel Azcona, pues tambi\u00e9n me parece fenomenal. El camino de cada uno tiene que ser honesto con lo que est\u00e9 viviendo en cada momento, y tambi\u00e9n abierto a cambios. Contradictorio, si me apuras. Yo estoy un poquito ah\u00ed. La emoci\u00f3n es lo importante, y si podemos cambiar un poquito el mundo, pues mira, mejor.<\/p>\n<p><strong>P. \u00bfY qu\u00e9 es lo que te ha emocionado a ti \u00faltimamente en el arte?<\/strong><\/p>\n<p>R. Como libro te voy a decir <em>Toda mi violencia es tuya<\/em>, de Carolina Yuste, que me lo acabo de terminar. Carolina tiene much\u00edsimo talento y sab\u00eda que iba a hacer algo\u2026 Pero me ha sorprendido incluso. Luego, la artista malague\u00f1a Alessandra Garc\u00eda durante todo el mes de agosto est\u00e1 realizando una exposici\u00f3n esc\u00e9nica por toda la costa de M\u00e1laga llamada <em>La obra del mar<\/em>. Son distintas acciones performance, de todo tipo. Muy interesante. Otro autor que me gusta mucho es Alberto Cort\u00e9s, tambi\u00e9n malague\u00f1o, que ha estado aqu\u00ed en el Meet You alg\u00fan a\u00f1o. Tiene una obra que se llama <em>Analphabet<\/em>. Brutal. Me atraves\u00f3, me sacudi\u00f3.<\/p>\n<p><strong>V\u00edctor David L\u00f3pez<\/strong><\/p>\n","protected":false},"excerpt":{"rendered":"<p>Habr\u00e1 much\u00edsima gente, tanto en el escenario como en el patio de butacas, palcos y anfiteatros, cuando el artista vallisoletano Alberto Velasco (\u201cVis a vis\u201d, \u201cLa mano invisible\u201d, \u201cDanzad malditos\u201d, \u201cSweet dreams\u201d) estrene su espect\u00e1culo \u201cSacresize\u201d en mayo de 2026 en los madrile\u00f1os Teatros del Canal; pero estudiando, pensando e inventando la estructura de la [&hellip;]<\/p>\n","protected":false},"author":19,"featured_media":45450,"comment_status":"open","ping_status":"open","sticky":false,"template":"","format":"standard","meta":{"_acf_changed":false,"footnotes":""},"categories":[1,702,697],"tags":[1867,2007,2002,2006,1998,2000,2001,1478,1400,1999,2003,2004,2008,2005],"ppma_author":[705],"class_list":{"0":"post-45449","1":"post","2":"type-post","3":"status-publish","4":"format-standard","5":"has-post-thumbnail","7":"category-nacional","8":"category-ocio-y-cultura-valladolid","9":"category-valladolid","10":"tag-alberto-velasco","11":"tag-danza-valladolid","12":"tag-gordofobia","13":"tag-la-mano-invisible","14":"tag-sacresize","15":"tag-sacresize-canal","16":"tag-sacresize-velasco","17":"tag-teatro-calderon","18":"tag-teatro-valladolid","19":"tag-teatros-del-canal","20":"tag-terrorismo-corporal","21":"tag-violencia-corporal","22":"tag-violencia-estetica","23":"tag-vis-a-vis"},"acf":[],"authors":[{"term_id":705,"user_id":19,"is_guest":0,"slug":"redaccionvalladolid","display_name":"Redacci\u00f3n Valladolid","avatar_url":{"url":"https:\/\/social24horas.com\/contenidos\/uploads\/2024\/02\/redaccion-logo.webp","url2x":"https:\/\/social24horas.com\/contenidos\/uploads\/2024\/02\/redaccion-logo.webp"},"first_name":"","user_url":"","last_name":"","job_title":"","description":""}],"_links":{"self":[{"href":"https:\/\/social24horas.com\/api\/wp\/v2\/posts\/45449","targetHints":{"allow":["GET"]}}],"collection":[{"href":"https:\/\/social24horas.com\/api\/wp\/v2\/posts"}],"about":[{"href":"https:\/\/social24horas.com\/api\/wp\/v2\/types\/post"}],"author":[{"embeddable":true,"href":"https:\/\/social24horas.com\/api\/wp\/v2\/users\/19"}],"replies":[{"embeddable":true,"href":"https:\/\/social24horas.com\/api\/wp\/v2\/comments?post=45449"}],"version-history":[{"count":4,"href":"https:\/\/social24horas.com\/api\/wp\/v2\/posts\/45449\/revisions"}],"predecessor-version":[{"id":45456,"href":"https:\/\/social24horas.com\/api\/wp\/v2\/posts\/45449\/revisions\/45456"}],"wp:featuredmedia":[{"embeddable":true,"href":"https:\/\/social24horas.com\/api\/wp\/v2\/media\/45450"}],"wp:attachment":[{"href":"https:\/\/social24horas.com\/api\/wp\/v2\/media?parent=45449"}],"wp:term":[{"taxonomy":"category","embeddable":true,"href":"https:\/\/social24horas.com\/api\/wp\/v2\/categories?post=45449"},{"taxonomy":"post_tag","embeddable":true,"href":"https:\/\/social24horas.com\/api\/wp\/v2\/tags?post=45449"},{"taxonomy":"author","embeddable":true,"href":"https:\/\/social24horas.com\/api\/wp\/v2\/ppma_author?post=45449"}],"curies":[{"name":"wp","href":"https:\/\/api.w.org\/{rel}","templated":true}]}}