{"id":45308,"date":"2025-08-06T13:07:29","date_gmt":"2025-08-06T11:07:29","guid":{"rendered":"https:\/\/social24horas.com\/?p=45308"},"modified":"2025-08-06T13:15:07","modified_gmt":"2025-08-06T11:15:07","slug":"29o-fetale-festival-de-teatro-alternativo-veterano-prodigio-artistico-directamente-desde-urones-de-castroponce","status":"publish","type":"post","link":"https:\/\/social24horas.com\/29o-fetale-festival-de-teatro-alternativo-veterano-prodigio-artistico-directamente-desde-urones-de-castroponce\/","title":{"rendered":"29\u00ba FETALe (Festival de Teatro Alternativo), veterano prodigio art\u00edstico directamente desde Urones de Castroponce"},"content":{"rendered":"<p>Donde nadie se lo esperaba, se encendieron los focos y comenz\u00f3 la funci\u00f3n. El <a href=\"https:\/\/teatrofetale.com\/\" target=\"_blank\" rel=\"noopener\">FETALe (Festival de Teatro Alternativo)<\/a> solo se entiende si se piensa como una quimera art\u00edstica. Un arrebato de mediados de los noventa nacido de la sinergia entre la Asociaci\u00f3n Cultural de Amas de Casa \u201cLa Amistad\u201d y el alcalde Ra\u00fal G\u00f3mez Paniagua, alrededor de la Semana Cultural de Urones de Castroponce, una aldea que resiste con un centenar de habitantes y lo que saquen del arc\u00f3n los c\u00f3micos.<\/p>\n<p>En esta edici\u00f3n, y ya van veintinueve, diecisiete montajes pasar\u00e1n por las tablas, desde el 2 de agosto hasta el 17, en un esfuerzo tit\u00e1nico de programaci\u00f3n, producci\u00f3n y difusi\u00f3n. En la actualidad, la coordinaci\u00f3n del evento recae en las manos de Azar Teatro. \u00c1lex Rodr\u00edguez llev\u00f3 la voz cantante desde 2013 hasta 2021, tomando el relevo del fundador del certamen, Ra\u00fal G\u00f3mez Paniagua, que lo dirigi\u00f3 entre 1997 y 2012.<\/p>\n<p>Una de las grandes atracciones del festival llegar\u00e1 el 9 de agosto a las 22:00, con Secun de la Rosa en el montaje <em>Las piscinas de la Barceloneta<\/em> en el Teatro Corral de Anuncia. De la Rosa, figura afianzad\u00edsima en cine, televisi\u00f3n y teatro, interpreta a un hombre de mediana edad que atraviesa por un momento crucial en su vida cuando acude a la conmemoraci\u00f3n de los cincuenta a\u00f1os del barrio de su infancia, creado para acoger a la bolsa de poblaci\u00f3n inmigrante en el extrarradio de la Barcelona de los setenta.<\/p>\n<p>Sus recuerdos lo llevan al verano del 77 y a la Piscina de Sal. Empieza a fascinarse con ese entorno libre, m\u00e1gico, decadente, en el que una galer\u00eda de personajes y de acontecimientos le dibujan un mundo nuevo: la primera manifestaci\u00f3n LGTBI, la ley de peligrosidad social, los supervivientes de las c\u00e1rceles del franquismo, las primeras jornadas libertarias, activistas, poetas, contracultura. Lo que comienza siendo un verano anecd\u00f3tico, se convierte en la mayor aventura de su vida.<\/p>\n<p>El 7 de agosto a las 22:00, Azar Teatro presenta, revisitando un pasaje del Quijote, <em>Sancho en Barataria<\/em> en el Teatro de Medina de Rioseco (s\u00ed, el FETALe tambi\u00e9n surca otros municipios, como Mayorga, Castroponce de Valderaduey, Valdunquillo y Villavicencio de los Caballeros).<\/p>\n<figure id=\"attachment_45312\" aria-describedby=\"caption-attachment-45312\" style=\"width: 1024px\" class=\"wp-caption alignnone\"><img data-dominant-color=\"3e342d\" data-has-transparency=\"false\" style=\"--dominant-color: #3e342d;\" loading=\"lazy\" loading=\"lazy\" decoding=\"async\" class=\"size-large wp-image-45312 not-transparent\" src=\"https:\/\/social24horas.com\/contenidos\/uploads\/2025\/08\/fetale-sancho-en-barataria-1024x698.avif\" alt=\"Escena de &quot;Sancho en Barataria&quot;. Foto: Azar Teatro\" width=\"1024\" height=\"698\" \/><figcaption id=\"caption-attachment-45312\" class=\"wp-caption-text\">Escena de <em>Sancho en Barataria<\/em>, que desarrolla uno de los episodios m\u00e1s disparatados del Quijote . Foto: Azar Teatro<\/figcaption><\/figure>\n<p>De vuelta a Urones de Castroponce, el 8 de agosto a las 20:00 la compa\u00f1\u00eda de danza Losdedae sorprender\u00e1 con su espect\u00e1culo inmersivo <em>Sum\u00e9rgete<\/em>. El 10 de agosto a las 22:00, Tarambana Teatro plantea la comedia contempor\u00e1nea <em>Paella<\/em>.<\/p>\n<p>El toque latinoamericano llegar\u00e1 en la clausura del festival, con <em>Desmedidas<\/em>, coproducci\u00f3n M\u00e9xico\/Argentina\/Uruguay, que muestra una mirada personal y universal sobre la feminidad, un gui\u00f1o a la cotidianidad que nos invita a reflexionar y a re\u00edrnos de nuestras propias imperfecciones. Ser\u00e1 el 17 de agosto a las 21:30.<\/p>\n<figure id=\"attachment_45313\" aria-describedby=\"caption-attachment-45313\" style=\"width: 780px\" class=\"wp-caption alignnone\"><img data-dominant-color=\"2c281f\" data-has-transparency=\"false\" style=\"--dominant-color: #2c281f;\" loading=\"lazy\" loading=\"lazy\" decoding=\"async\" class=\"size-full wp-image-45313 not-transparent\" src=\"https:\/\/social24horas.com\/contenidos\/uploads\/2025\/08\/fetale-Paella-Tarambana-Artezblai-780x470-1.avif\" alt=\"Amparo y Federico son una pareja en crisis (aunque ellos no lo saben), en &quot;Paella&quot;. Foto: Tarambana Teatro\" width=\"780\" height=\"470\" \/><figcaption id=\"caption-attachment-45313\" class=\"wp-caption-text\">Amparo y Federico son una pareja en crisis (aunque ellos no lo saben), en <em>Paella<\/em>. Foto: Tarambana Teatro<\/figcaption><\/figure>\n<p>La informaci\u00f3n completa de todos los montajes, y la <a href=\"https:\/\/entradium.com\/organizers\/fetal-festival-de-teatro-alternativo-de-urones-de-castroponce.widget?fbclid=IwAR2U4WF-AEsKI_9ez15Tvuxk9yHBh0izMKBJGlLVsELKUDTBBFTcFlaUn6k\" target=\"_blank\" rel=\"noopener\">venta de entradas<\/a>, pueden encontrarse en la p\u00e1gina web del <a href=\"https:\/\/teatrofetale.com\/29-edicion-2025\/\" target=\"_blank\" rel=\"noopener\">FETALe<\/a>. Existen m\u00faltiples opciones para seguir haciendo historia todos juntos en uno de los festivales m\u00e1s inesperados del panorama nacional; para que inquietos, curiosos y aficionados ocupen su localidad y escuchen y vean lo que el teatro alternativo tiene que contarles.<\/p>\n","protected":false},"excerpt":{"rendered":"<p>Donde nadie se lo esperaba, se encendieron los focos y comenz\u00f3 la funci\u00f3n. El FETALe (Festival de Teatro Alternativo) solo se entiende si se piensa como una quimera art\u00edstica. Un arrebato de mediados de los noventa nacido de la sinergia entre la Asociaci\u00f3n Cultural de Amas de Casa \u201cLa Amistad\u201d y el alcalde Ra\u00fal G\u00f3mez [&hellip;]<\/p>\n","protected":false},"author":19,"featured_media":45310,"comment_status":"open","ping_status":"open","sticky":false,"template":"","format":"standard","meta":{"_acf_changed":false,"footnotes":""},"categories":[1,702,697],"tags":[1896,1893,1898,1888,1429,1892,1897,1890,1889,1400,1891,1894,1895],"ppma_author":[705],"class_list":{"0":"post-45308","1":"post","2":"type-post","3":"status-publish","4":"format-standard","5":"has-post-thumbnail","7":"category-nacional","8":"category-ocio-y-cultura-valladolid","9":"category-valladolid","10":"tag-azar-teatro","11":"tag-castroponce-de-valderaduey","12":"tag-desmedidas-teatro","13":"tag-fetale","14":"tag-mayorga","15":"tag-medina-de-rioseco","16":"tag-secun-de-la-rosa","17":"tag-teatro-alternativo","18":"tag-teatro-fetale","19":"tag-teatro-valladolid","20":"tag-urones-de-castroponce","21":"tag-valdunquillo","22":"tag-villavicencio-de-los-caballeros"},"acf":[],"authors":[{"term_id":705,"user_id":19,"is_guest":0,"slug":"redaccionvalladolid","display_name":"Redacci\u00f3n Valladolid","avatar_url":{"url":"https:\/\/social24horas.com\/contenidos\/uploads\/2024\/02\/redaccion-logo.webp","url2x":"https:\/\/social24horas.com\/contenidos\/uploads\/2024\/02\/redaccion-logo.webp"},"first_name":"","user_url":"","last_name":"","job_title":"","description":""}],"_links":{"self":[{"href":"https:\/\/social24horas.com\/api\/wp\/v2\/posts\/45308","targetHints":{"allow":["GET"]}}],"collection":[{"href":"https:\/\/social24horas.com\/api\/wp\/v2\/posts"}],"about":[{"href":"https:\/\/social24horas.com\/api\/wp\/v2\/types\/post"}],"author":[{"embeddable":true,"href":"https:\/\/social24horas.com\/api\/wp\/v2\/users\/19"}],"replies":[{"embeddable":true,"href":"https:\/\/social24horas.com\/api\/wp\/v2\/comments?post=45308"}],"version-history":[{"count":3,"href":"https:\/\/social24horas.com\/api\/wp\/v2\/posts\/45308\/revisions"}],"predecessor-version":[{"id":45317,"href":"https:\/\/social24horas.com\/api\/wp\/v2\/posts\/45308\/revisions\/45317"}],"wp:featuredmedia":[{"embeddable":true,"href":"https:\/\/social24horas.com\/api\/wp\/v2\/media\/45310"}],"wp:attachment":[{"href":"https:\/\/social24horas.com\/api\/wp\/v2\/media?parent=45308"}],"wp:term":[{"taxonomy":"category","embeddable":true,"href":"https:\/\/social24horas.com\/api\/wp\/v2\/categories?post=45308"},{"taxonomy":"post_tag","embeddable":true,"href":"https:\/\/social24horas.com\/api\/wp\/v2\/tags?post=45308"},{"taxonomy":"author","embeddable":true,"href":"https:\/\/social24horas.com\/api\/wp\/v2\/ppma_author?post=45308"}],"curies":[{"name":"wp","href":"https:\/\/api.w.org\/{rel}","templated":true}]}}