{"id":45159,"date":"2025-07-16T19:30:52","date_gmt":"2025-07-16T17:30:52","guid":{"rendered":"https:\/\/social24horas.com\/?p=45159"},"modified":"2025-07-16T19:30:52","modified_gmt":"2025-07-16T17:30:52","slug":"calderon-de-la-barca-y-shakespeare-abrillantan-la-programacion-teatral-del-festival-olmedo-clasico","status":"publish","type":"post","link":"https:\/\/social24horas.com\/calderon-de-la-barca-y-shakespeare-abrillantan-la-programacion-teatral-del-festival-olmedo-clasico\/","title":{"rendered":"Calder\u00f3n de la Barca y Shakespeare abrillantan la programaci\u00f3n teatral del festival Olmedo Cl\u00e1sico"},"content":{"rendered":"<p>La XIX edici\u00f3n del festival Olmedo Cl\u00e1sico echa mano de dos de los gigantes de las artes esc\u00e9nicas, Pedro Calder\u00f3n de la Barca y William Shakespeare, para dar lustre a una programaci\u00f3n que, sin duda, har\u00e1 que los amantes del teatro expriman al m\u00e1ximo las tardes y las noches de finales de julio en la Villa del Caballero.<\/p>\n<p>De Calder\u00f3n de la Barca pasar\u00e1n por las tablas obras como <em>El alcalde de Zalamea<\/em> (sus versos esenciales, el 23 de julio a las 19:00 en el Centro de Artes Esc\u00e9nicas San Pedro, a cargo de la compa\u00f1\u00eda Olmedo Cl\u00e1sico); <em>La dama duende<\/em> (el mismo d\u00eda a las 22:30 en la Corrala Palacio del Caballero, con la compa\u00f1\u00eda Mic Producciones), y <em>El teatro del mundo<\/em> (el 24 de julio a las 22:30 tambi\u00e9n en la Corrala, con la compa\u00f1\u00eda For the Fun of It).<\/p>\n<p>En lo que a Shakespeare se refiere, la programaci\u00f3n de Olmedo Cl\u00e1sico incluye <em>Macbeth<\/em> (el 19 de julio a las 23:00, a cargo de la compa\u00f1\u00eda Teatro Cl\u00e1sico de Sevilla); <em>Rey Lear<\/em> (el d\u00eda 22 a las 22:30, con la compa\u00f1\u00eda Companhia do Chapit\u00f4), y <em>Coriolano<\/em> (el 26 de julio a las 23:00, versi\u00f3n de Eqm Serveis Culturals). Todos estos espect\u00e1culos tendr\u00e1n lugar en la Corrala Palacio del Caballero.<\/p>\n<p>Otra de las grandes atracciones ser\u00e1 el montaje con el que se inaugura el festival: <em>Los empe\u00f1os de una casa<\/em>, de Sor Juana In\u00e9s de la Cruz, con el montaje de la Compa\u00f1\u00eda Nacional de M\u00e9xico en la Corrala Palacio del Caballero este viernes 18 de julio a las 23:00. Una de las m\u00e1s importantes escritoras del barroco en lengua hispana dej\u00f3 para la posteridad esta comedia de enredos amorosos, algunos reales y otros imaginarios, que ahora puede verse bajo la direcci\u00f3n de Aurora Cano y un ambicioso despliegue de medios.<\/p>\n<figure id=\"attachment_45161\" aria-describedby=\"caption-attachment-45161\" style=\"width: 1024px\" class=\"wp-caption alignnone\"><img data-dominant-color=\"6b4f4d\" data-has-transparency=\"false\" style=\"--dominant-color: #6b4f4d;\" loading=\"lazy\" loading=\"lazy\" decoding=\"async\" class=\"size-large wp-image-45161 not-transparent\" src=\"https:\/\/social24horas.com\/contenidos\/uploads\/2025\/07\/sor-juana-ines-de-la-cruz-1024x681.avif\" alt=\"Sor Juana In\u00e9s de la Cruz, nacida en 1651 en lo que hoy es M\u00e9xico, fue una de las pioneras del feminismo\" width=\"1024\" height=\"681\" \/><figcaption id=\"caption-attachment-45161\" class=\"wp-caption-text\">Sor Juana In\u00e9s de la Cruz, nacida en 1651 en lo que hoy es M\u00e9xico, fue una de las pioneras del feminismo<\/figcaption><\/figure>\n<p>El cartel del certamen se completa con <em>Lo que son mujeres<\/em>, de Francisco de Rojas Zorrilla, el 20 de julio; <em>Momentos inolvidables de los grandes int\u00e9rpretes del cl\u00e1sico<\/em>, el 21 de julio; <em>Guit\u00f3n Onofre. El p\u00edcaro perdido<\/em>, de Gregorio Gonz\u00e1lez, el 21 de julio; <em>El arte de ser comediante<\/em>, de Laura Garmo y Nacho Le\u00f3n, el 22 de julio; <em>Farra<\/em>, con textos de Lope de Vega, Agust\u00edn de Rojas, Mar\u00eda de Zayas, Mar\u00eda D\u00edaz, entre otros, el 25 de julio, y <em>La Desconquista<\/em>, de la compa\u00f1\u00eda Ron Lal\u00e1, el 27 de julio.<\/p>\n<p>La programaci\u00f3n detallada y las caracter\u00edsticas de cada montaje se pueden consultar desde la <a href=\"https:\/\/www.olmedo.es\/olmedoclasico\/espectaculos\/2025\" target=\"_blank\" rel=\"noopener\">web del festival<\/a>. Toda la informaci\u00f3n sobre venta de entradas est\u00e1 <a href=\"https:\/\/www.olmedo.es\/olmedoclasico\/festival\/entradas\" target=\"_blank\" rel=\"noopener\">en este enlace<\/a>.<\/p>\n","protected":false},"excerpt":{"rendered":"<p>La XIX edici\u00f3n del festival Olmedo Cl\u00e1sico echa mano de dos de los gigantes de las artes esc\u00e9nicas, Pedro Calder\u00f3n de la Barca y William Shakespeare, para dar lustre a una programaci\u00f3n que, sin duda, har\u00e1 que los amantes del teatro expriman al m\u00e1ximo las tardes y las noches de finales de julio en la [&hellip;]<\/p>\n","protected":false},"author":19,"featured_media":45160,"comment_status":"open","ping_status":"open","sticky":false,"template":"","format":"standard","meta":{"_acf_changed":false,"footnotes":""},"categories":[1,702,697],"tags":[1788,1791,1790,1789,1786,1787,1783,1784,1785,1400,1792],"ppma_author":[705],"class_list":{"0":"post-45159","1":"post","2":"type-post","3":"status-publish","4":"format-standard","5":"has-post-thumbnail","7":"category-nacional","8":"category-ocio-y-cultura-valladolid","9":"category-valladolid","10":"tag-caballero-olmedo","11":"tag-corrala-palacio-del-caballero","12":"tag-festival-teatro","13":"tag-festival-teatro-clasico","14":"tag-olmedo","15":"tag-olmedo-valladolid","16":"tag-teatro-clasico","17":"tag-teatro-clasico-olmedo","18":"tag-teatro-olmedo","19":"tag-teatro-valladolid","20":"tag-villa-del-caballero"},"acf":[],"authors":[{"term_id":705,"user_id":19,"is_guest":0,"slug":"redaccionvalladolid","display_name":"Redacci\u00f3n Valladolid","avatar_url":{"url":"https:\/\/social24horas.com\/contenidos\/uploads\/2024\/02\/redaccion-logo.webp","url2x":"https:\/\/social24horas.com\/contenidos\/uploads\/2024\/02\/redaccion-logo.webp"},"first_name":"","user_url":"","last_name":"","job_title":"","description":""}],"_links":{"self":[{"href":"https:\/\/social24horas.com\/api\/wp\/v2\/posts\/45159","targetHints":{"allow":["GET"]}}],"collection":[{"href":"https:\/\/social24horas.com\/api\/wp\/v2\/posts"}],"about":[{"href":"https:\/\/social24horas.com\/api\/wp\/v2\/types\/post"}],"author":[{"embeddable":true,"href":"https:\/\/social24horas.com\/api\/wp\/v2\/users\/19"}],"replies":[{"embeddable":true,"href":"https:\/\/social24horas.com\/api\/wp\/v2\/comments?post=45159"}],"version-history":[{"count":1,"href":"https:\/\/social24horas.com\/api\/wp\/v2\/posts\/45159\/revisions"}],"predecessor-version":[{"id":45162,"href":"https:\/\/social24horas.com\/api\/wp\/v2\/posts\/45159\/revisions\/45162"}],"wp:featuredmedia":[{"embeddable":true,"href":"https:\/\/social24horas.com\/api\/wp\/v2\/media\/45160"}],"wp:attachment":[{"href":"https:\/\/social24horas.com\/api\/wp\/v2\/media?parent=45159"}],"wp:term":[{"taxonomy":"category","embeddable":true,"href":"https:\/\/social24horas.com\/api\/wp\/v2\/categories?post=45159"},{"taxonomy":"post_tag","embeddable":true,"href":"https:\/\/social24horas.com\/api\/wp\/v2\/tags?post=45159"},{"taxonomy":"author","embeddable":true,"href":"https:\/\/social24horas.com\/api\/wp\/v2\/ppma_author?post=45159"}],"curies":[{"name":"wp","href":"https:\/\/api.w.org\/{rel}","templated":true}]}}