{"id":44991,"date":"2025-07-01T01:36:30","date_gmt":"2025-06-30T23:36:30","guid":{"rendered":"https:\/\/social24horas.com\/?p=44991"},"modified":"2025-07-01T01:41:09","modified_gmt":"2025-06-30T23:41:09","slug":"pufa-2025-no-solo-se-trata-de-ver-cine-sino-de-aprender-un-poco-de-cine","status":"publish","type":"post","link":"https:\/\/social24horas.com\/pufa-2025-no-solo-se-trata-de-ver-cine-sino-de-aprender-un-poco-de-cine\/","title":{"rendered":"PUFA 2025: No solo se trata de ver cine, sino de aprender un poco de cine"},"content":{"rendered":"<p>La inauguraci\u00f3n oficial del <a href=\"https:\/\/social24horas.com\/pufa-pucela-fantastica-2025-programacion-completa-horarios-y-homenajes\/\">PUFA 2025<\/a>, Festival Internacional de Cine Fant\u00e1stico y de Terror de Valladolid, ten\u00eda reservada para la primera escena el homenaje y premio honor\u00edfico al ilustrador Tom\u00e1s Hijo, cuyo galard\u00f3n entreg\u00f3 el cineasta Rodrigo Cort\u00e9s. Es un festival que intenta consolidar el g\u00e9nero en la ciudad y en la regi\u00f3n, y que saca pecho tanto de las pel\u00edculas como de las actividades paralelas (exposici\u00f3n, charlas y coloquios). \u201cNo solo se trata de ver cine\u201d, se\u00f1al\u00f3 David P\u00e9rez, uno de los organizadores, \u201csino de aprender un poco de cine\u201d.<\/p>\n<p>Dos largometrajes trajeron las primeras emociones de la <a href=\"https:\/\/social24horas.com\/pufa-pucela-fantastica-completa-su-seccion-oficial-maldoror-the-dead-thing-traumnovelle-dream-story-y-brute-1976\/\">Secci\u00f3n Oficial<\/a> en los cines Broadway. <em>Clown in a cornfield<\/em>, de Eli Craig, asume y plantea el abc de un <em>slasher<\/em>, cl\u00e1sico cine adolescente de asesinos en serie, normalmente con m\u00e1scaras. Este, en particular, es correcto, vistoso y funciona. M\u00e1s alejado de los est\u00e1ndares del cine de terror, <em>The dead thing<\/em>, de Elric Kane, sorprende con un suspense psicol\u00f3gico nacido de las aplicaciones de citas, y desarrollado a hombros de la magn\u00edfica interpretaci\u00f3n de la californiana Blu Hunt.<\/p>\n<p>La secci\u00f3n Aquelarres, situada a\u00fan m\u00e1s en los m\u00e1rgenes del g\u00e9nero, abri\u00f3 su programaci\u00f3n en el auditorio Fundos (Fuente Dorada) con otras dos proyecciones. La primera fue <em>Nadie va a escuchar tu grito<\/em>, de Mariano Cattaneo, que mostr\u00f3 que tambi\u00e9n existe el <em>slasher<\/em> en Argentina. Ubicado en el barrio de Bernal, en la Gran Buenos Aires, durante el Mundial de Italia\u00b490, parte de una buena idea pero es limitado desde lo actoral.<\/p>\n<p>Subi\u00f3 un poco el nivel con <em>Tokyo Evil Hotel<\/em>, de Yoshihiro Nishimura, horror experimental, con m\u00e1s pretensiones y con m\u00e1s posproducci\u00f3n, tremendamente conectado adem\u00e1s con la problem\u00e1tica de la prostituci\u00f3n en Jap\u00f3n.<\/p>\n<figure id=\"attachment_44993\" aria-describedby=\"caption-attachment-44993\" style=\"width: 1024px\" class=\"wp-caption alignnone\"><img data-dominant-color=\"887a82\" data-has-transparency=\"false\" style=\"--dominant-color: #887a82;\" loading=\"lazy\" loading=\"lazy\" decoding=\"async\" class=\"size-large wp-image-44993 not-transparent\" src=\"https:\/\/social24horas.com\/contenidos\/uploads\/2025\/07\/presentacion-PUFA-1024x680.avif\" alt=\"Tom\u00e1s Hijo y Rodrigo Cort\u00e9s, dos invitados de honor para la presentaci\u00f3n del certamen. Foto: Social24Horas.\" width=\"1024\" height=\"680\" \/><figcaption id=\"caption-attachment-44993\" class=\"wp-caption-text\">Tom\u00e1s Hijo y Rodrigo Cort\u00e9s, dos invitados de honor para la presentaci\u00f3n del certamen. Foto: Social24Horas<\/figcaption><\/figure>\n<p>El pistoletazo de salida del PUFA hab\u00eda sido a mediod\u00eda en el Espacio Seminci, con la presentaci\u00f3n del certamen y la charla precisamente entre Rodrigo Cort\u00e9s y Tom\u00e1s Hijo, centrada en su libro conjunto <em>La piedra blanda<\/em>: un juego de grabados y textos que a veces se hacen compa\u00f1\u00eda po\u00e9ticamente, y que, en ocasiones, se contradicen.<\/p>\n<p><em>La piedra blanda<\/em> es resultado de cinco a\u00f1os de trabajo intermitente, fruto del deseo de hacer algo mano a mano despu\u00e9s de muchos a\u00f1os colaborando puntualmente (Hijo se encarg\u00f3, por ejemplo, del story board -guion gr\u00e1fico- de \u201cConcursante\u201d, primer largometraje de Cort\u00e9s). Son amigos que se admiran, y que, en palabras del director, comparten \u201cmucho amor por Bu\u00f1uel y mucho amor por (\u00c1lvaro) Cunqueiro\u201d.<\/p>\n<p>El protagonista de la obra, Pedro de Poco, que \u201cnaci\u00f3 boca abajo y a la segunda\u201d; que fue \u201cmonje, ladr\u00f3n, santo, mendigo, nada\u201d; que a veces tiene hambre y que cuando tiene hambre \u201cmata un jilguero\u201d, fue el anfitri\u00f3n ideal para el arranque del PUFA.<\/p>\n<p><strong>V\u00edctor David L\u00f3pez<\/strong><\/p>\n","protected":false},"excerpt":{"rendered":"<p>La inauguraci\u00f3n oficial del PUFA 2025, Festival Internacional de Cine Fant\u00e1stico y de Terror de Valladolid, ten\u00eda reservada para la primera escena el homenaje y premio honor\u00edfico al ilustrador Tom\u00e1s Hijo, cuyo galard\u00f3n entreg\u00f3 el cineasta Rodrigo Cort\u00e9s. Es un festival que intenta consolidar el g\u00e9nero en la ciudad y en la regi\u00f3n, y que [&hellip;]<\/p>\n","protected":false},"author":19,"featured_media":44992,"comment_status":"open","ping_status":"open","sticky":false,"template":"","format":"standard","meta":{"_acf_changed":false,"footnotes":""},"categories":[1,702,697],"tags":[1167,1709,1677,1708,1706,1705,1704,1654,1652,1653,1699,1703,1680,1707,1710],"ppma_author":[705],"class_list":{"0":"post-44991","1":"post","2":"type-post","3":"status-publish","4":"format-standard","5":"has-post-thumbnail","7":"category-nacional","8":"category-ocio-y-cultura-valladolid","9":"category-valladolid","10":"tag-auditorio-fundos","11":"tag-blu-hunt","12":"tag-cine-fantastico-valladolid","13":"tag-cines-broadway","14":"tag-clown-in-a-cornfield","15":"tag-festival-cine-fantastico","16":"tag-festival-cine-terror","17":"tag-pucela-fantastica","18":"tag-pufa","19":"tag-pufa-2025","20":"tag-rodrigo-cortes","21":"tag-terror-pucela","22":"tag-the-dead-thing","23":"tag-tokyo-evil-hotel","24":"tag-tomas-hijo"},"acf":[],"authors":[{"term_id":705,"user_id":19,"is_guest":0,"slug":"redaccionvalladolid","display_name":"Redacci\u00f3n Valladolid","avatar_url":{"url":"https:\/\/social24horas.com\/contenidos\/uploads\/2024\/02\/redaccion-logo.webp","url2x":"https:\/\/social24horas.com\/contenidos\/uploads\/2024\/02\/redaccion-logo.webp"},"first_name":"","user_url":"","last_name":"","job_title":"","description":""}],"_links":{"self":[{"href":"https:\/\/social24horas.com\/api\/wp\/v2\/posts\/44991","targetHints":{"allow":["GET"]}}],"collection":[{"href":"https:\/\/social24horas.com\/api\/wp\/v2\/posts"}],"about":[{"href":"https:\/\/social24horas.com\/api\/wp\/v2\/types\/post"}],"author":[{"embeddable":true,"href":"https:\/\/social24horas.com\/api\/wp\/v2\/users\/19"}],"replies":[{"embeddable":true,"href":"https:\/\/social24horas.com\/api\/wp\/v2\/comments?post=44991"}],"version-history":[{"count":3,"href":"https:\/\/social24horas.com\/api\/wp\/v2\/posts\/44991\/revisions"}],"predecessor-version":[{"id":44996,"href":"https:\/\/social24horas.com\/api\/wp\/v2\/posts\/44991\/revisions\/44996"}],"wp:featuredmedia":[{"embeddable":true,"href":"https:\/\/social24horas.com\/api\/wp\/v2\/media\/44992"}],"wp:attachment":[{"href":"https:\/\/social24horas.com\/api\/wp\/v2\/media?parent=44991"}],"wp:term":[{"taxonomy":"category","embeddable":true,"href":"https:\/\/social24horas.com\/api\/wp\/v2\/categories?post=44991"},{"taxonomy":"post_tag","embeddable":true,"href":"https:\/\/social24horas.com\/api\/wp\/v2\/tags?post=44991"},{"taxonomy":"author","embeddable":true,"href":"https:\/\/social24horas.com\/api\/wp\/v2\/ppma_author?post=44991"}],"curies":[{"name":"wp","href":"https:\/\/api.w.org\/{rel}","templated":true}]}}