{"id":44984,"date":"2025-06-27T13:17:50","date_gmt":"2025-06-27T11:17:50","guid":{"rendered":"https:\/\/social24horas.com\/?p=44984"},"modified":"2025-07-02T17:31:21","modified_gmt":"2025-07-02T15:31:21","slug":"pufa-pucela-fantastica-2025-programacion-completa-horarios-y-homenajes","status":"publish","type":"post","link":"https:\/\/social24horas.com\/pufa-pucela-fantastica-2025-programacion-completa-horarios-y-homenajes\/","title":{"rendered":"PUFA (Pucela Fant\u00e1stica) 2025: programaci\u00f3n completa, horarios y homenajes"},"content":{"rendered":"<p>Ya est\u00e1 aqu\u00ed la segunda edici\u00f3n del <a href=\"https:\/\/social24horas.com\/cuenta-atras-para-gritar-en-las-butacas-con-la-segunda-edicion-de-pufa-pucela-fantastica\/\">PUFA (Pucela Fant\u00e1stica)<\/a>, el Festival Internacional de Cine Fant\u00e1stico y de Terror de Valladolid. Del lunes 30 de junio al domingo 6 de julio, tanto en los cines Broadway como en el auditorio Fundos (Fuente Dorada), los amantes del g\u00e9nero podr\u00e1n disfrutar de las interesant\u00edsimas propuestas que forman parte de la <a href=\"https:\/\/social24horas.com\/pufa-pucela-fantastica-completa-su-seccion-oficial-maldoror-the-dead-thing-traumnovelle-dream-story-y-brute-1976\/\">Secci\u00f3n Oficial<\/a> y de la Secci\u00f3n Aquelarres. Adem\u00e1s, el certamen rendir\u00e1 homenaje con los Premios de Honor 2025 a tres figuras imprescindibles del cine y la ilustraci\u00f3n fant\u00e1stica: el cineasta Juan Carlos Fresnadillo, el ilustrador Tom\u00e1s Hijo y, a t\u00edtulo p\u00f3stumo, el actor y director Paul Naschy.<\/p>\n<p>Estos creadores, cada uno desde su \u00e1mbito, han dejado una huella indeleble en el g\u00e9nero fant\u00e1stico, renovando sus c\u00f3digos, ampliando su impacto cultural y consolidando un legado que sigue vigente. PUFA reconoce con este homenaje no solo la excelencia art\u00edstica de sus trayectorias, sino tambi\u00e9n la capacidad de sus obras para inspirar nuevas generaciones, dialogar con el p\u00fablico y fortalecer el cine fant\u00e1stico como un espacio de innovaci\u00f3n y libertad creativa.<\/p>\n<p>Fresnadillo recoger\u00e1 el Premio PUFA de Honor el jueves 3 de julio a las 18:45 horas en el Auditorio Fundos de manos del director Andr\u00e9s Koppel (<em>La niebla y la doncella<\/em>), con quien ha colaborado, entre otros proyectos, en el largometraje <em>Intacto<\/em>, que se proyectar\u00e1 tras la entrega del premio. Previamente, ambos protagonizar\u00e1n un encuentro con el p\u00fablico del festival el mismo jueves a partir de las 12:30 horas en Espacio Seminci.<\/p>\n<p>Rodrigo Cort\u00e9s entregar\u00e1 el Premio de Honor a Tom\u00e1s Hijo el d\u00eda 30 de junio en la Gala de Inauguraci\u00f3n, en un gesto que subraya la colaboraci\u00f3n y el reconocimiento mutuo entre dos creadores destacados. Adem\u00e1s, Tom\u00e1s Hijo y Rodrigo Cort\u00e9s protagonizar\u00e1n un encuentro con el p\u00fablico de PUFA ese mismo lunes 30 de junio a partir de las 12:30 en Espacio Seminci, donde adem\u00e1s firmar\u00e1n ejemplares de <em>La piedra blanda<\/em>, actividad realizada en colaboraci\u00f3n con la editorial Random House y la librer\u00eda Oletvm.<\/p>\n<p>Sergio Molina, hijo de Paul Naschy y director del Festival Nocturna Madrid, recoger\u00e1 el galard\u00f3n p\u00f3stumo de su padre en una gala especial que incluir\u00e1 la proyecci\u00f3n del largometraje documental <em>Call Me Paul<\/em>, dedicado a la vida y obra del idolatrado hombre lobo espa\u00f1ol, dirigido por V\u00edctor Matellano, quien tambi\u00e9n participar\u00e1 en el homenaje.<\/p>\n<p>PROGRAMACI\u00d3N Y HORARIOS PUFA 2025 (<a href=\"https:\/\/entradium.com\/es\/events\/abono-pufan-pufa-pucela-fantastica-2025\" target=\"_blank\" rel=\"noopener\">adquirir abono<\/a>\/ <a href=\"https:\/\/entradium.com\/es\/organizers\/pufa-pucela-fantastica\" target=\"_blank\" rel=\"noopener\">compra de entradas<\/a>)<\/p>\n<p><strong>LUNES 30\/06<\/strong><\/p>\n<p><strong>12:00<\/strong>. Presentaci\u00f3n PUFA 2025, con Tom\u00e1s Hijo y Rodrigo Cort\u00e9s (60 min.). Espacio Seminci.<br \/>\n<strong>16:15<\/strong>. <em>Nadie va a escuchar tu grito<\/em> (80 min.). Auditorio Fundos. Secci\u00f3n Aquelarres.<br \/>\n<strong>18:00<\/strong>. Sesi\u00f3n de cortos 1 (95 min.). Sala 1 Broadway. Secci\u00f3n Oficial.<br \/>\n<em>Follower<\/em> (14 min.); <em>La liebre<\/em> (14 min.); <em>Malet<\/em> (21 min.); <em>La visitante<\/em> (10 min.); <em>La bonita<\/em> (16 min.); <em>Depredador<\/em> (7 min.); <em>La valla<\/em> (15 min.).<br \/>\n<strong>18:00<\/strong>. <em>Tokyo Evil Hotel<\/em> (72 min.). Auditorio Fundos. Secci\u00f3n Aquelarres.<br \/>\n<strong>19:45<\/strong>. Inauguraci\u00f3n + <em>Clown in a cornfield<\/em> (110 min.). Sala 5 Broadway. Secci\u00f3n Oficial.<br \/>\n<strong>22:15<\/strong>. <em>The dead thing<\/em> (94 min.). Sala 5 Broadway. Secci\u00f3n Oficial.<\/p>\n<p><strong>MARTES 01\/07<\/strong><\/p>\n<p><strong>16:15<\/strong>. <em>The red book ritual: gates of hell<\/em> (90 min.). Auditorio Fundos. Secci\u00f3n Aquelarres.<br \/>\n<strong>18:00<\/strong>. <em>Coraz\u00f3n azul<\/em> (104 min.). Auditorio Fundos. Secci\u00f3n Aquelarres.<br \/>\n<strong>18:30<\/strong>. Sesi\u00f3n de cortos 2 (95 min.). Sala 1 Broadway. Secci\u00f3n Oficial.<br \/>\n<em>Lost in galactic translation<\/em> (3 min.); <em>Impure<\/em> (16 min.); <em>Umbra<\/em> (10 min.); <em>\u00c1ngulo muerto<\/em> (15 min.); <em>Killergotchi<\/em> (13 min.); <em>P\u00e1lpito<\/em> (17 min.); <em>893 kil\u00f3metros<\/em> (20 min.).<br \/>\n<strong>20:15<\/strong>. <em>The moogai<\/em> (86 min.). Sala 5 Broadway. Secci\u00f3n Oficial.<br \/>\n<strong>22:00<\/strong>. <em>Maldoror<\/em> (155 min.). Sala 5 Broadway. Secci\u00f3n Oficial.<\/p>\n<figure id=\"attachment_44986\" aria-describedby=\"caption-attachment-44986\" style=\"width: 729px\" class=\"wp-caption alignnone\"><img data-dominant-color=\"293133\" data-has-transparency=\"false\" style=\"--dominant-color: #293133;\" loading=\"lazy\" loading=\"lazy\" decoding=\"async\" class=\"size-full wp-image-44986 not-transparent\" src=\"https:\/\/social24horas.com\/contenidos\/uploads\/2025\/06\/the_moogai-poster-1.avif\" alt=\"&quot;The moogai&quot;, de Jon Bell, terror cl\u00e1sico con un ex\u00f3tico trasfondo hist\u00f3rico y de denuncia\" width=\"729\" height=\"546\" \/><figcaption id=\"caption-attachment-44986\" class=\"wp-caption-text\">&#8220;The moogai&#8221;, de Jon Bell, terror cl\u00e1sico con un ex\u00f3tico trasfondo hist\u00f3rico y de denuncia<\/figcaption><\/figure>\n<p><strong>MI\u00c9RCOLES 02\/07<\/strong><\/p>\n<p><strong>16:15<\/strong>. <em>Laguna mental<\/em> (71 min.). Auditorio Fundos. Secci\u00f3n Aquelarres.<br \/>\n<strong>18:00<\/strong>. <em>Gravediggers<\/em> (90 min.). Auditorio Fundos. Secci\u00f3n Aquelarres.<br \/>\n<strong>18:30<\/strong>. Sesi\u00f3n de cortos 3 (95 min.). Sala 1 Broadway. Secci\u00f3n Oficial.<br \/>\n<em>Soundbound<\/em> (7 min.); <em>Rot<\/em> (16 min.); <em>Ehiza<\/em> (29 min.); <em>Refugios<\/em> (11 min.); <em>Listen<\/em> (9 min.); <em>Wan<\/em> (13 min.); <em>Sacra lunaria<\/em> (13 min.).<br \/>\n<strong>20:15<\/strong>. <em>The draw<\/em> (99 min.). Sala 5 Broadway. Secci\u00f3n Oficial.<br \/>\n<strong>22:15<\/strong>. <em>Traumnovelle<\/em> (109 min). Sala 5 Broadway. Secci\u00f3n Oficial.<\/p>\n<p><strong>JUEVES 03\/07<\/strong><\/p>\n<p><strong>12:30<\/strong>. Encuentro con Juan Carlos Fresnadillo + Andr\u00e9s Koppel (60 min.). Espacio Seminci.<br \/>\n<strong>16:15<\/strong>. <em>Magazine dreams<\/em> (124 min.). Auditorio Fundos. Secci\u00f3n Aquelarres<br \/>\n<strong>18:30<\/strong>. Sesi\u00f3n de cortos 4 (95 min.). Sala 1 Broadway. Secci\u00f3n Oficial.<br \/>\n<em>Tasty tongue<\/em> (22 min.); <em>Frascos vac\u00edos<\/em> (21 min.); <em>Triangle<\/em> (17 min.); <em>Frecuencia Z<\/em> (14 min.); <em>Imago<\/em> (11 min.); <em>La compa\u00f1\u00eda<\/em> (12 min.).<br \/>\n<strong>18:45<\/strong>. <em>Intacto<\/em> + entrega de premio (148 min.). Auditorio Fundos. Proyecciones especiales. Coloquio.<br \/>\n<strong>21:30<\/strong>. <em>Tabula rasa<\/em> (72 min.). Auditorio Fundos. Proyecciones especiales.<br \/>\n<strong>22:15<\/strong>. <em>Brute 1976<\/em> (107 min.). Sala 5 Broadway. Secci\u00f3n Oficial.<\/p>\n<p><strong>VIERNES 04\/07<\/strong><\/p>\n<p><strong>16:15<\/strong>. <em>Above the knee<\/em> (76 min.) Auditorio Fundos.<br \/>\n<strong>18:00<\/strong>. <em>The reign of queen Ginnarra<\/em> (142 min.). Auditorio Fundos. Secci\u00f3n Aquelarres.<br \/>\n<strong>18:30<\/strong>. <em>Neu mirrors<\/em> + <em>Chime<\/em> (75 min.). Sala 5 Broadway. Secci\u00f3n Oficial.<br \/>\n<strong>20:15<\/strong>. <em>Abroad<\/em> (85 min.). Sala 5 Broadway. Secci\u00f3n Oficial.<br \/>\n<strong>22:15<\/strong>. Marat\u00f3n nocturna (179 min.). Sala 5 Broadway. Proyecciones especiales.<br \/>\n<em>Bambi: la venganza<\/em> (81 min.). <em>Vampire zombies&#8230; from space<\/em> (98 min.).<\/p>\n<p><strong>S\u00c1BADO 05\/07<\/strong><\/p>\n<p><strong>16:30<\/strong>. <em>Call me Paul<\/em> (100 min.). Coloquio. Auditorio Fundos. Proyecciones especiales.<br \/>\n<strong>19:00.<\/strong> Entrega de premios + <em>The shrouds<\/em> (180 min.). Sala 5 Broadway. Secci\u00f3n Oficial. <em>The shrouds<\/em> (116 min.)<\/p>\n<p><strong>DOMINGO 06\/07<\/strong><\/p>\n<p><strong>16:30<\/strong>. Sesi\u00f3n cortos Lovecraft (95 min.). Auditorio Fundos. Proyecciones especiales.<br \/>\n<em>Dissociation<\/em> (19 min.); <em>The outsider<\/em> (11 min.); <em>Le temple<\/em> (17 min.); <em>The hound<\/em> (17 min.); <em>Dagon<\/em> (6 min.); <em>Sombra do mar<\/em> (15 min.); <em>Helen<\/em> (10 min.).<br \/>\n<strong>19:00<\/strong>. <em>Re-sonator<\/em> (85 min.). Auditorio Fundos. Cl\u00e1sicos.<\/p>\n","protected":false},"excerpt":{"rendered":"<p>Ya est\u00e1 aqu\u00ed la segunda edici\u00f3n del PUFA (Pucela Fant\u00e1stica), el Festival Internacional de Cine Fant\u00e1stico y de Terror de Valladolid. Del lunes 30 de junio al domingo 6 de julio, tanto en los cines Broadway como en el auditorio Fundos (Fuente Dorada), los amantes del g\u00e9nero podr\u00e1n disfrutar de las interesant\u00edsimas propuestas que forman [&hellip;]<\/p>\n","protected":false},"author":19,"featured_media":44985,"comment_status":"open","ping_status":"open","sticky":false,"template":"","format":"standard","meta":{"_acf_changed":false,"footnotes":""},"categories":[1,702,697],"tags":[1701,1676,1678,1655,1146,1698,1702,1700,1697,1653,1699],"ppma_author":[705],"class_list":{"0":"post-44984","1":"post","2":"type-post","3":"status-publish","4":"format-standard","5":"has-post-thumbnail","7":"category-nacional","8":"category-ocio-y-cultura-valladolid","9":"category-valladolid","10":"tag-broadway-terror","11":"tag-cine-fantastico","12":"tag-cine-terror","13":"tag-cine-terror-valladolid","14":"tag-cine-valladolid","15":"tag-festival-cine-valladolid","16":"tag-festival-pufa","17":"tag-paul-naschy","18":"tag-pucela-fanastica","19":"tag-pufa-2025","20":"tag-rodrigo-cortes"},"acf":[],"authors":[{"term_id":705,"user_id":19,"is_guest":0,"slug":"redaccionvalladolid","display_name":"Redacci\u00f3n Valladolid","avatar_url":{"url":"https:\/\/social24horas.com\/contenidos\/uploads\/2024\/02\/redaccion-logo.webp","url2x":"https:\/\/social24horas.com\/contenidos\/uploads\/2024\/02\/redaccion-logo.webp"},"first_name":"","user_url":"","last_name":"","job_title":"","description":""}],"_links":{"self":[{"href":"https:\/\/social24horas.com\/api\/wp\/v2\/posts\/44984","targetHints":{"allow":["GET"]}}],"collection":[{"href":"https:\/\/social24horas.com\/api\/wp\/v2\/posts"}],"about":[{"href":"https:\/\/social24horas.com\/api\/wp\/v2\/types\/post"}],"author":[{"embeddable":true,"href":"https:\/\/social24horas.com\/api\/wp\/v2\/users\/19"}],"replies":[{"embeddable":true,"href":"https:\/\/social24horas.com\/api\/wp\/v2\/comments?post=44984"}],"version-history":[{"count":4,"href":"https:\/\/social24horas.com\/api\/wp\/v2\/posts\/44984\/revisions"}],"predecessor-version":[{"id":45024,"href":"https:\/\/social24horas.com\/api\/wp\/v2\/posts\/44984\/revisions\/45024"}],"wp:featuredmedia":[{"embeddable":true,"href":"https:\/\/social24horas.com\/api\/wp\/v2\/media\/44985"}],"wp:attachment":[{"href":"https:\/\/social24horas.com\/api\/wp\/v2\/media?parent=44984"}],"wp:term":[{"taxonomy":"category","embeddable":true,"href":"https:\/\/social24horas.com\/api\/wp\/v2\/categories?post=44984"},{"taxonomy":"post_tag","embeddable":true,"href":"https:\/\/social24horas.com\/api\/wp\/v2\/tags?post=44984"},{"taxonomy":"author","embeddable":true,"href":"https:\/\/social24horas.com\/api\/wp\/v2\/ppma_author?post=44984"}],"curies":[{"name":"wp","href":"https:\/\/api.w.org\/{rel}","templated":true}]}}