{"id":44965,"date":"2025-06-19T10:36:35","date_gmt":"2025-06-19T08:36:35","guid":{"rendered":"https:\/\/social24horas.com\/?p=44965"},"modified":"2025-07-03T21:10:24","modified_gmt":"2025-07-03T19:10:24","slug":"actividad-por-el-derecho-a-la-vivienda-caritas-segovia","status":"publish","type":"post","link":"https:\/\/social24horas.com\/actividad-por-el-derecho-a-la-vivienda-caritas-segovia\/","title":{"rendered":"Actividad \u201cPor el Derecho a la Vivienda\u201d, de C\u00e1ritas Segovia"},"content":{"rendered":"<div>\n<p>Con motivo de la Semana de Caridad 2025, <strong>C\u00e1ritas Diocesana de Segovia<\/strong> ha lanzado una acci\u00f3n de sensibilizaci\u00f3n en distintos puntos emblem\u00e1ticos de la ciudad y en algunos barrios para poner el foco en una de las problem\u00e1ticas sociales m\u00e1s graves de nuestro tiempo: <strong>el acceso a una vivienda digna<\/strong>.<\/p>\n<p>A lo largo de la jornada del mi\u00e9rcoles 18 de junio, la ciudadan\u00eda pudo encontrarse con <strong>espacios de vivienda recreados al aire libre mediante<\/strong>: sof\u00e1s, camas, mesas y otros muebles dom\u00e9sticos que ocupar\u00e1n diversos puntos de la ciudad, concretamente la <strong>plaza Mayor<\/strong>, el <strong>Acueducto<\/strong>, <strong>San Mill\u00e1n<\/strong>, <strong>San Lorenzo<\/strong> o el <strong>Cristo del Mercado<\/strong>, transformando el paisaje urbano y provocando una mirada distinta al reivindicar derecho a un hogar.<\/p>\n<p>Esta exposici\u00f3n urbana, titulada <em>\u201cPor el derecho a la vivienda\u201d<\/em>, busca generar conversaci\u00f3n y reflexi\u00f3n entre los segovianos y segovianas sobre las dificultades crecientes para acceder a una vivienda en Segovia, especialmente entre colectivos en situaci\u00f3n de vulnerabilidad: personas sin hogar, j\u00f3venes, familias monoparentales, personas migrantes, etc., con los que se trabaja desde la entidad, pero tambi\u00e9n, con la ciudadan\u00eda en general ya que es una cuesti\u00f3n social cada vez m\u00e1s extendida.<\/p>\n<p>\u00abQueremos provocar un peque\u00f1o sobresalto en quien pasea por la ciudad. Que se pregunte: \u00bfqu\u00e9 hace un sal\u00f3n en mitad de la calle? Y que, a partir de ah\u00ed, podamos hablar del hogar como derecho y no como privilegio\u00bb.<\/p>\n<p>Como parte de la intervenci\u00f3n, algunas alcantarillas de la ciudad lucen carteles con el mensaje <strong>\u201cSe alquila\u201d<\/strong> y un c\u00f3digo QR que dirige a un manifiesto digital. Esta acci\u00f3n simb\u00f3lica pretende representar de forma impactante la deshumanizaci\u00f3n del mercado inmobiliario, donde los precios y la especulaci\u00f3n dejan cada vez menos espacio a las personas.<\/p>\n<p>La campa\u00f1a va acompa\u00f1ada de un manifiesto publicado en nuestra p\u00e1gina web en el que C\u00e1ritas Segovia recoge su posicionamiento y reivindicaci\u00f3n en torno al derecho a la vivienda como pilar fundamental de una vida digna.<\/p>\n<p><em>Puedes leer el manifiesto completo aqu\u00ed:<\/em><\/p>\n<p><a href=\"https:\/\/www.caritassegovia.es\/blog\/por-el-derecho-a-la-vivienda\/\" target=\"_blank\" rel=\"noopener\">https:\/\/www.caritassegovia.es\/blog\/por-el-derecho-a-la-vivienda\/<\/a><\/p>\n<p>&nbsp;<\/p>\n<\/div>\n<div id=\"v1Signature\" class=\"v1elementToProof\">\n<div class=\"v1elementToProof\"><\/div>\n<\/div>\n","protected":false},"excerpt":{"rendered":"<p>Con motivo de la Semana de Caridad 2025, C\u00e1ritas Diocesana de Segovia ha lanzado una acci\u00f3n de sensibilizaci\u00f3n en distintos puntos emblem\u00e1ticos de la ciudad y en algunos barrios para poner el foco en una de las problem\u00e1ticas sociales m\u00e1s graves de nuestro tiempo: el acceso a una vivienda digna. A lo largo de la [&hellip;]<\/p>\n","protected":false},"author":18,"featured_media":44966,"comment_status":"open","ping_status":"open","sticky":false,"template":"","format":"standard","meta":{"_acf_changed":false,"footnotes":""},"categories":[386,387,385],"tags":[1736,1735,1683,1733,588,1734],"ppma_author":[394],"class_list":{"0":"post-44965","1":"post","2":"type-post","3":"status-publish","4":"format-standard","5":"has-post-thumbnail","7":"category-asociaciones-segovia","8":"category-bienestar-social-segovia","9":"category-segovia","10":"tag-alquileres-segovia","11":"tag-caritas-segovia","12":"tag-derecho","13":"tag-derecho-vivienda","14":"tag-vivienda","15":"tag-vivienda-segovia"},"acf":[],"authors":[{"term_id":394,"user_id":18,"is_guest":0,"slug":"redaccionsegovia","display_name":"Redacci\u00f3n Segovia","avatar_url":{"url":"https:\/\/social24horas.com\/contenidos\/uploads\/2024\/02\/redaccion-logo.webp","url2x":"https:\/\/social24horas.com\/contenidos\/uploads\/2024\/02\/redaccion-logo.webp"},"first_name":"","user_url":"","last_name":"","job_title":"","description":""}],"_links":{"self":[{"href":"https:\/\/social24horas.com\/api\/wp\/v2\/posts\/44965","targetHints":{"allow":["GET"]}}],"collection":[{"href":"https:\/\/social24horas.com\/api\/wp\/v2\/posts"}],"about":[{"href":"https:\/\/social24horas.com\/api\/wp\/v2\/types\/post"}],"author":[{"embeddable":true,"href":"https:\/\/social24horas.com\/api\/wp\/v2\/users\/18"}],"replies":[{"embeddable":true,"href":"https:\/\/social24horas.com\/api\/wp\/v2\/comments?post=44965"}],"version-history":[{"count":4,"href":"https:\/\/social24horas.com\/api\/wp\/v2\/posts\/44965\/revisions"}],"predecessor-version":[{"id":45029,"href":"https:\/\/social24horas.com\/api\/wp\/v2\/posts\/44965\/revisions\/45029"}],"wp:featuredmedia":[{"embeddable":true,"href":"https:\/\/social24horas.com\/api\/wp\/v2\/media\/44966"}],"wp:attachment":[{"href":"https:\/\/social24horas.com\/api\/wp\/v2\/media?parent=44965"}],"wp:term":[{"taxonomy":"category","embeddable":true,"href":"https:\/\/social24horas.com\/api\/wp\/v2\/categories?post=44965"},{"taxonomy":"post_tag","embeddable":true,"href":"https:\/\/social24horas.com\/api\/wp\/v2\/tags?post=44965"},{"taxonomy":"author","embeddable":true,"href":"https:\/\/social24horas.com\/api\/wp\/v2\/ppma_author?post=44965"}],"curies":[{"name":"wp","href":"https:\/\/api.w.org\/{rel}","templated":true}]}}