{"id":44945,"date":"2025-06-16T20:19:10","date_gmt":"2025-06-16T18:19:10","guid":{"rendered":"https:\/\/social24horas.com\/?p=44945"},"modified":"2025-06-16T21:47:54","modified_gmt":"2025-06-16T19:47:54","slug":"pufa-pucela-fantastica-completa-su-seccion-oficial-maldoror-the-dead-thing-traumnovelle-dream-story-y-brute-1976","status":"publish","type":"post","link":"https:\/\/social24horas.com\/pufa-pucela-fantastica-completa-su-seccion-oficial-maldoror-the-dead-thing-traumnovelle-dream-story-y-brute-1976\/","title":{"rendered":"PUFA (Pucela Fant\u00e1stica) completa su secci\u00f3n oficial: \u201cMaldoror\u201d, \u201cThe dead thing\u201d, \u201cTraumnovelle (Dream Story)\u201d y \u201cBrute 1976\u201d"},"content":{"rendered":"<p>PUFA- El Festival Internacional de Cine Fant\u00e1stico y de Terror de Valladolid &#8211; <a href=\"https:\/\/social24horas.com\/cuenta-atras-para-gritar-en-las-butacas-con-la-segunda-edicion-de-pufa-pucela-fantastica\/\">PUFA (Pucela Fant\u00e1stica)<\/a> ha confirmado la proyecci\u00f3n de cuatro largometrajes m\u00e1s en su secci\u00f3n oficial, ampliando el espectro del cine fant\u00e1stico contempor\u00e1neo. Entre ellos destaca <em>Maldoror<\/em>, del belga Fabrice Du Welz, un thriller policiaco complejo e hipn\u00f3tico inspirado en hechos reales ocurridos en los a\u00f1os 90. La pel\u00edcula, que ha pasado por festivales como Venecia, Sitges y Rotterdam, cuenta con un s\u00f3lido reparto internacional encabezado por Anthony Bajon \u2014recordado por su papel de hombre lobo en <em>Teddy<\/em>\u2014 y con la participaci\u00f3n del espa\u00f1ol Sergi L\u00f3pez, adem\u00e1s de B\u00e9atrice Dalle, Lubna Azabal y Alba Ga\u00efa Bellugi.<\/p>\n<p>Desde Estados Unidos llega <em>The Dead Thing<\/em>, de Elric Kane, un drama rom\u00e1ntico que se transforma poco a poco en una inquietante alegor\u00eda sobre las relaciones t\u00f3xicas. Con una est\u00e9tica cuidadosamente elaborada y una interpretaci\u00f3n magn\u00e9tica de Blu Hunt, es una de las apuestas m\u00e1s personales de la selecci\u00f3n.<\/p>\n<p>Por su parte, el realizador alem\u00e1n Florian Frerichs propone con <em>Traumnovelle (Dream Story)<\/em> una relectura contempor\u00e1nea de la novela hom\u00f3nima de Arthur Schnitzler, cuya adaptaci\u00f3n m\u00e1s c\u00e9lebre fue <em>Eyes Wide Shut<\/em> (Stanley Kubrick, 1999). La pel\u00edcula explora temas como el deseo, los celos y la masculinidad fr\u00e1gil a trav\u00e9s de un enfoque psicol\u00f3gico, y est\u00e1 protagonizada por Nikolai Kinski.<\/p>\n<p>La selecci\u00f3n oficial se cierra con el estreno europeo de <em>Brute 1976<\/em>, dirigida por Marcel Walz. Este <em>slasher<\/em> de est\u00e9tica setentera rinde homenaje al g\u00f3tico americano desde una mirada <em>queer<\/em> y sin escatimar en gore ni diversi\u00f3n. Un t\u00edtulo ideal para los amantes del terror m\u00e1s visceral, que conecta con el legado de <em>La matanza de Texas<\/em> desde una \u00f3ptica actualizada y l\u00fadica.<\/p>\n<figure id=\"attachment_44947\" aria-describedby=\"caption-attachment-44947\" style=\"width: 680px\" class=\"wp-caption alignnone\"><img data-dominant-color=\"3d252f\" data-has-transparency=\"false\" style=\"--dominant-color: #3d252f;\" loading=\"lazy\" loading=\"lazy\" decoding=\"async\" class=\"size-full wp-image-44947 not-transparent\" src=\"https:\/\/social24horas.com\/contenidos\/uploads\/2025\/06\/the_dead_thing-poster-1.avif\" alt=\"P\u00f3ster de &quot;The dead thing&quot;, largometraje de Elric Kane. Foto: PUFA\" width=\"680\" height=\"566\" \/><figcaption id=\"caption-attachment-44947\" class=\"wp-caption-text\">P\u00f3ster de &#8220;The dead thing&#8221;, largometraje de Elric Kane. Foto: PUFA<\/figcaption><\/figure>\n<p><strong>Estreno de <em>Clown in a Cornfield<\/em><\/strong><\/p>\n<p>El festival abrir\u00e1 su pr\u00f3xima edici\u00f3n con el esperado estreno en Espa\u00f1a de <em>Clown in a Cornfield<\/em>, el nuevo trabajo de Eli Craig, responsable de la comedia de culto <em>Tucker &amp; Dale contra el mal<\/em> (2010). En esta ocasi\u00f3n, el director se sumerge de lleno en el <em>slasher<\/em> con una historia juvenil cargada de violencia, donde un payaso asesino \u2014Frendo, protagonista de la saga literaria de Adam Cesare\u2014 amenaza con arrebatar a <em>Pennywise<\/em> y <em>Art the Clown<\/em> su trono en el imaginario del horror. La pel\u00edcula, que tuvo su estreno mundial en el prestigioso festival South by Southwest de Londres (SXSW), inaugura con fuerza una edici\u00f3n marcada por el eclecticismo.<\/p>\n<p><strong><em>Tabula rasa<\/em>: premier en PUFA del nuevo film de los directores de <em>Musara\u00f1as<\/em><\/strong><\/p>\n<p>El cine espa\u00f1ol tambi\u00e9n estar\u00e1 presente con fuerza en esta edici\u00f3n de PUFA gracias a la premier nacional de <em>Tabula rasa<\/em>, una coproducci\u00f3n hispano-dominicana dirigida por Juanfer Andr\u00e9s y Esteban Roel, autores de <em>Musara\u00f1as<\/em> (2014). Se trata de un <em>thriller<\/em> psicol\u00f3gico en torno a la pesadilla de una madre tras la desaparici\u00f3n de su beb\u00e9 reci\u00e9n nacido. Macarena G\u00f3mez, Amaia Salamanca, Carlos Bardem y Pedro Casablanc protagonizan esta inquietante propuesta, que se proyectar\u00e1 fuera de concurso como pase especial.<\/p>\n<p><strong>Voces disidentes en Aquelarres<\/strong><\/p>\n<p>La secci\u00f3n Aquelarres, dedicada a las propuestas m\u00e1s arriesgadas o perif\u00e9ricas del cine fant\u00e1stico, incorpora dos nuevos t\u00edtulos. Desde Chile, <em>Laguna mental<\/em>, de Crist\u00f3bal Arteaga Rozas, mezcla el falso documental con la comedia absurda y la metaficci\u00f3n. Su protagonista, un actor envuelto en un traje de croma, intenta convencer a los habitantes de un peque\u00f1o pueblo para retomar un rodaje paralizado por falta de presupuesto. El resultado es un ejercicio de surrealismo lleno de gui\u00f1os al propio lenguaje cinematogr\u00e1fico.<\/p>\n<p>En una l\u00ednea a\u00fan m\u00e1s radical, <em>Coraz\u00f3n azul<\/em>, del cubano Miguel Coyula, llega como una rareza que solo puede descubrirse en el contexto de un festival. Rodada en clandestinidad durante m\u00e1s de diez a\u00f1os, la pel\u00edcula ha sido censurada en Cuba y prohibida en varios pa\u00edses. Se trata de una distop\u00eda experimental que muta constantemente de tono y registro, combinando cine pol\u00edtico, metaficci\u00f3n y reflexi\u00f3n sociocultural en un ejercicio tan inc\u00f3modo como fascinante.<\/p>\n","protected":false},"excerpt":{"rendered":"<p>PUFA- El Festival Internacional de Cine Fant\u00e1stico y de Terror de Valladolid &#8211; PUFA (Pucela Fant\u00e1stica) ha confirmado la proyecci\u00f3n de cuatro largometrajes m\u00e1s en su secci\u00f3n oficial, ampliando el espectro del cine fant\u00e1stico contempor\u00e1neo. Entre ellos destaca Maldoror, del belga Fabrice Du Welz, un thriller policiaco complejo e hipn\u00f3tico inspirado en hechos reales ocurridos [&hellip;]<\/p>\n","protected":false},"author":19,"featured_media":44946,"comment_status":"open","ping_status":"open","sticky":false,"template":"","format":"standard","meta":{"_acf_changed":false,"footnotes":""},"categories":[1,702,697],"tags":[1676,1677,1678,1146,1519,1679,1654,1652,1656,1680],"ppma_author":[705],"class_list":{"0":"post-44945","1":"post","2":"type-post","3":"status-publish","4":"format-standard","5":"has-post-thumbnail","7":"category-nacional","8":"category-ocio-y-cultura-valladolid","9":"category-valladolid","10":"tag-cine-fantastico","11":"tag-cine-fantastico-valladolid","12":"tag-cine-terror","13":"tag-cine-valladolid","14":"tag-festival-valladolid","15":"tag-maldolor","16":"tag-pucela-fantastica","17":"tag-pufa","18":"tag-terror-valladolid","19":"tag-the-dead-thing"},"acf":[],"authors":[{"term_id":705,"user_id":19,"is_guest":0,"slug":"redaccionvalladolid","display_name":"Redacci\u00f3n Valladolid","avatar_url":{"url":"https:\/\/social24horas.com\/contenidos\/uploads\/2024\/02\/redaccion-logo.webp","url2x":"https:\/\/social24horas.com\/contenidos\/uploads\/2024\/02\/redaccion-logo.webp"},"first_name":"","user_url":"","last_name":"","job_title":"","description":""}],"_links":{"self":[{"href":"https:\/\/social24horas.com\/api\/wp\/v2\/posts\/44945","targetHints":{"allow":["GET"]}}],"collection":[{"href":"https:\/\/social24horas.com\/api\/wp\/v2\/posts"}],"about":[{"href":"https:\/\/social24horas.com\/api\/wp\/v2\/types\/post"}],"author":[{"embeddable":true,"href":"https:\/\/social24horas.com\/api\/wp\/v2\/users\/19"}],"replies":[{"embeddable":true,"href":"https:\/\/social24horas.com\/api\/wp\/v2\/comments?post=44945"}],"version-history":[{"count":3,"href":"https:\/\/social24horas.com\/api\/wp\/v2\/posts\/44945\/revisions"}],"predecessor-version":[{"id":44952,"href":"https:\/\/social24horas.com\/api\/wp\/v2\/posts\/44945\/revisions\/44952"}],"wp:featuredmedia":[{"embeddable":true,"href":"https:\/\/social24horas.com\/api\/wp\/v2\/media\/44946"}],"wp:attachment":[{"href":"https:\/\/social24horas.com\/api\/wp\/v2\/media?parent=44945"}],"wp:term":[{"taxonomy":"category","embeddable":true,"href":"https:\/\/social24horas.com\/api\/wp\/v2\/categories?post=44945"},{"taxonomy":"post_tag","embeddable":true,"href":"https:\/\/social24horas.com\/api\/wp\/v2\/tags?post=44945"},{"taxonomy":"author","embeddable":true,"href":"https:\/\/social24horas.com\/api\/wp\/v2\/ppma_author?post=44945"}],"curies":[{"name":"wp","href":"https:\/\/api.w.org\/{rel}","templated":true}]}}