{"id":44894,"date":"2025-06-05T07:56:58","date_gmt":"2025-06-05T05:56:58","guid":{"rendered":"https:\/\/social24horas.com\/?p=44894"},"modified":"2025-06-05T07:56:58","modified_gmt":"2025-06-05T05:56:58","slug":"solidaridad-y-musica-se-unen-en-el-auditorio-del-conservatorio-para-celebrar-el-concierto-solidario-a-favor-de-cruz-roja-segovia","status":"publish","type":"post","link":"https:\/\/social24horas.com\/solidaridad-y-musica-se-unen-en-el-auditorio-del-conservatorio-para-celebrar-el-concierto-solidario-a-favor-de-cruz-roja-segovia\/","title":{"rendered":"Solidaridad y m\u00fasica se unen en el Auditorio del Conservatorio para celebrar el concierto solidario a favor de Cruz Roja Segovia"},"content":{"rendered":"<p>La Casa de la lectura, ha acogido la presentaci\u00f3n en rueda de prensa, del concierto solidario \u2018Un viaje<br \/>\nmusical por Iberoam\u00e9rica\u2019 a favor de Cruz Roja Segovia. El concierto solidario tendr\u00e1 lugar, el pr\u00f3ximo<br \/>\n15 de junio a las 20.00h, en el Auditorio del Conservatorio Profesional de M\u00fasica de Segovia. Las<br \/>\nentradas se pueden adquirir por un precio de 12\u20ac en el Centro de Recepci\u00f3n de Visitantes y en las<br \/>\nOficinas del Grupo GALI Prevenci\u00f3n. El concierto, protagonizado por la Escolan\u00eda de Segovia,<br \/>\nofrecer\u00e1 un repertorio de canciones iberoamericanas.<br \/>\nEn la rueda de prensa, han estado presentes, Juan Carlos Monroy Jim\u00e9nez, Concejal de Cultura del<br \/>\nAyuntamiento de Segovia; Noelia G\u00f3mez Gonz\u00e1lez, Coordinadora de la Fundaci\u00f3n Don Juan de<br \/>\nBorb\u00f3n; y Mar\u00eda Teresa Fuentetaja, Presidenta de Cruz Roja en Segovia.<br \/>\nEste concierto no solo es una oportunidad para disfrutar de la m\u00fasica y de la cultura, sino tambi\u00e9n, una<br \/>\nmuestra del poder que tiene la solidaridad cuando las instituciones, empresas y la ciudadan\u00eda se unen<br \/>\npor una causa com\u00fan. As\u00ed lo ha destacado Mar\u00eda Teresa Fuentetaja, Presidenta de Cruz Roja Segovia:<br \/>\n\u201cLos fondos recaudados ir\u00e1n destinados a los programas que Cruz Roja desarrolla en Segovia, apoyando<br \/>\na personas y familias en situaci\u00f3n de vulnerabilidad social. Acciones concretas, humanas y necesarias<br \/>\nque solo son posibles gracias a solidaridad. En el a\u00f1o 2024 atendimos a 9.004 personas, en concreto,<br \/>\n\u00c1rea de Comunicaci\u00f3n de Cruz Roja en Segovia<br \/>\n921 44 02 02 | 620 52 52 67 Beatriz Mart\u00edn<br \/>\nhttps:\/\/www2.cruzroja.es\/ Facebook \/ Twitter \/ Instagram<br \/>\n5.016 personas en el \u00e1rea de educaci\u00f3n, 3.223 en el \u00e1rea de Inclusi\u00f3n Social, 2.603 en Salud, 788 en el<br \/>\n\u00e1rea de Empleo, 312 en Socorros y 27 en medioambiente.\u201d<br \/>\nAsimismo, Fuentetaja ha querido resaltar: \u201cQuiero expresar el agradecimiento al Grupo Gali Prevenci\u00f3n,<br \/>\npor ser los patrocinadores de este concierto solidario. Su apoyo ha sido fundamental para hacer posible<br \/>\nesta iniciativa en favor de las personas que m\u00e1s lo necesitan. Os animo a todos y todas a asistir a este<br \/>\nconcierto, ya que, es una forma directa de colaborar con nuestra labor humanitaria y de demostrar,<br \/>\nuna vez m\u00e1s, que la sociedad segoviana responde con generosidad cuando se necesita. En nombre de<br \/>\ntodo el equipo de Cruz Roja y, sobre todo, de quienes se beneficiar\u00e1n directamente, es decir, todas las<br \/>\npersonas en situaci\u00f3n de vulnerabilidad social, much\u00edsimas gracias por hacerlo posible.\u201d<br \/>\nEste concierto es una oportunidad para disfrutar de la m\u00fasica coral en un espacio de referencia cultural,<br \/>\nal tiempo que se contribuye a mejorar y ayudar, a las personas que se encuentran en situaci\u00f3n de<br \/>\nvulnerabilidad social. Desde Cruz Roja Segovia, se hace un llamamiento a la ciudadan\u00eda para que asista<br \/>\na ese evento, que a\u00fana, expresi\u00f3n art\u00edstica y cultural con el compromiso humanitario.<\/p>\n","protected":false},"excerpt":{"rendered":"<p>La Casa de la lectura, ha acogido la presentaci\u00f3n en rueda de prensa, del concierto solidario \u2018Un viaje musical por Iberoam\u00e9rica\u2019 a favor de Cruz Roja Segovia. El concierto solidario tendr\u00e1 lugar, el pr\u00f3ximo 15 de junio a las 20.00h, en el Auditorio del Conservatorio Profesional de M\u00fasica de Segovia. Las entradas se pueden adquirir [&hellip;]<\/p>\n","protected":false},"author":18,"featured_media":44895,"comment_status":"open","ping_status":"open","sticky":false,"template":"","format":"standard","meta":{"_acf_changed":false,"footnotes":""},"categories":[387,385],"tags":[604,777],"ppma_author":[394],"class_list":{"0":"post-44894","1":"post","2":"type-post","3":"status-publish","4":"format-standard","5":"has-post-thumbnail","7":"category-bienestar-social-segovia","8":"category-segovia","9":"tag-concierto","10":"tag-cruz-roja"},"acf":[],"authors":[{"term_id":394,"user_id":18,"is_guest":0,"slug":"redaccionsegovia","display_name":"Redacci\u00f3n Segovia","avatar_url":{"url":"https:\/\/social24horas.com\/contenidos\/uploads\/2024\/02\/redaccion-logo.webp","url2x":"https:\/\/social24horas.com\/contenidos\/uploads\/2024\/02\/redaccion-logo.webp"},"first_name":"","user_url":"","last_name":"","job_title":"","description":""}],"_links":{"self":[{"href":"https:\/\/social24horas.com\/api\/wp\/v2\/posts\/44894","targetHints":{"allow":["GET"]}}],"collection":[{"href":"https:\/\/social24horas.com\/api\/wp\/v2\/posts"}],"about":[{"href":"https:\/\/social24horas.com\/api\/wp\/v2\/types\/post"}],"author":[{"embeddable":true,"href":"https:\/\/social24horas.com\/api\/wp\/v2\/users\/18"}],"replies":[{"embeddable":true,"href":"https:\/\/social24horas.com\/api\/wp\/v2\/comments?post=44894"}],"version-history":[{"count":1,"href":"https:\/\/social24horas.com\/api\/wp\/v2\/posts\/44894\/revisions"}],"predecessor-version":[{"id":44896,"href":"https:\/\/social24horas.com\/api\/wp\/v2\/posts\/44894\/revisions\/44896"}],"wp:featuredmedia":[{"embeddable":true,"href":"https:\/\/social24horas.com\/api\/wp\/v2\/media\/44895"}],"wp:attachment":[{"href":"https:\/\/social24horas.com\/api\/wp\/v2\/media?parent=44894"}],"wp:term":[{"taxonomy":"category","embeddable":true,"href":"https:\/\/social24horas.com\/api\/wp\/v2\/categories?post=44894"},{"taxonomy":"post_tag","embeddable":true,"href":"https:\/\/social24horas.com\/api\/wp\/v2\/tags?post=44894"},{"taxonomy":"author","embeddable":true,"href":"https:\/\/social24horas.com\/api\/wp\/v2\/ppma_author?post=44894"}],"curies":[{"name":"wp","href":"https:\/\/api.w.org\/{rel}","templated":true}]}}