{"id":44841,"date":"2025-05-27T23:42:01","date_gmt":"2025-05-27T21:42:01","guid":{"rendered":"https:\/\/social24horas.com\/?p=44841"},"modified":"2025-05-28T13:32:34","modified_gmt":"2025-05-28T11:32:34","slug":"puno-dragon-y-su-gira-sonada-llevamos-mucho-tiempo-preparandonos-para-este-tipo-de-vida","status":"publish","type":"post","link":"https:\/\/social24horas.com\/puno-dragon-y-su-gira-sonada-llevamos-mucho-tiempo-preparandonos-para-este-tipo-de-vida\/","title":{"rendered":"Pu\u00f1o Drag\u00f3n y su gira so\u00f1ada: \u201cLlevamos mucho tiempo prepar\u00e1ndonos para este tipo de vida\u201d"},"content":{"rendered":"<p>Quienes acudan este viernes 30 de mayo a la sala Cientocero (21:00) para ver en directo a <a href=\"https:\/\/open.spotify.com\/intl-es\/artist\/0y2duNe3eRERelKB3su9UK?si=VRUkbjzZR2Gev9YBG1hX0w\" target=\"_blank\" rel=\"noopener\">Pu\u00f1o Drag\u00f3n<\/a> pueden estar seguros de que estar\u00e1n en el lugar adecuado en el momento preciso, porque la banda de origen asturiano es una de las grandes primicias del rock\u00b4n\u00b4roll nacional en los \u00faltimos meses.<\/p>\n<p>Liderados por Rafa Tarsicio (voz y guitarra) y Germ\u00e1n Mingote (voz y guitarra), con Erik Iglesias al bajo, Manu Huertas a la bater\u00eda y Rub\u00e9n Loro en los teclados, lo suyo tiene un truco aparentemente l\u00f3gico y cabal: son capaces de llevar el estudio a sus conciertos con fidelidad, y son h\u00e1biles tambi\u00e9n a la hora de lograr que las grabaciones reflejen la intensidad de su puesta en escena.<\/p>\n<p>Algunas de las canciones de <a href=\"https:\/\/open.spotify.com\/intl-es\/album\/2viDDZrvLtjIgyflCxXx5x?si=vq_nVKWrQrmYJIzI5UoW_A\" target=\"_blank\" rel=\"noopener\"><em>Juegos violentos<\/em><\/a>, el segundo \u00e1lbum del grupo, lanzado a principios de a\u00f1o, suenan alegres pero siempre dejan una sonrisa triste, y al rev\u00e9s. Pu\u00f1o Drag\u00f3n es, para muchos, un bonito descubrimiento de letras y de guitarras que parecen lejanas pero que siempre te llevan al principio. El amor, con distintos discursos y en diferentes etapas, recorre el disco de norte a sur y de este a oeste, por eso, de boca a boca, de pareja en pareja, se ha ido propagando su mensaje, rom\u00e1nticamente cl\u00e1sico pero contado con maestr\u00eda.<\/p>\n<p>Social24Horas conversa con Rafa Tarsicio, en la semana de su concierto en Valladolid (es la primera vez de su vida en la que se enfrentan a una gira de las dimensiones de la actual).<\/p>\n<p><strong>PREGUNTA. \u00bfMuy fans de Bola de Drag\u00f3n, o solo es una co\u00f1a?<\/strong><\/p>\n<p>RESPUESTA (RAFA TARSICIO). Todos vimos Dragon Ball, como cualquier ni\u00f1o de los noventa, pero no se nos ocurri\u00f3 el nombre del grupo por eso, aunque tiene que ver. Se nos ocurri\u00f3 un poco como una co\u00f1a, porque nos hac\u00eda gracia poner un nombre as\u00ed como muy a lo grande, muy grandilocuente, que sea un poco como cuando \u00e9ramos ni\u00f1os y todo ese vocabulario de trueno, rayo, patada, pu\u00f1o, drag\u00f3n, todo eso. Despu\u00e9s nos acordamos de que hab\u00eda un ataque de Dragon Ball que se llamaba as\u00ed.<\/p>\n<p><strong>P. Masterclass gratuita para chavalas y chavales que est\u00e9n empezando en el oficio de la m\u00fasica. 11 de diciembre, fiesta de presentaci\u00f3n del festival Inverfest en la sala But de Madrid. Toc\u00e1is tres canciones para un p\u00fablico muy diverso, junto a otros muchos grupos, y sois los mejores. D\u00edas despu\u00e9s la zona centro de la capital amanece repleta de carteles vuestros. El 25 de enero llen\u00e1is la sala El Sol. \u00bfC\u00f3mo fueron estos dos meses vitales en la historia de la banda?<\/strong><\/p>\n<p>R. Sin duda fueron dos meses preciosos que realmente eran la conclusi\u00f3n de un curro que estuvimos haciendo en la sombra durante un a\u00f1o entero. Fue la traca final, la fiesta de final de curso en la que ve\u00edamos que el trabajo bien hecho ten\u00eda recompensa. Coincidi\u00f3 ese concierto en la But con la salida de los singles, que estaban siendo acogidos de maravilla. La salida del \u00faltimo single, que fue <a href=\"https:\/\/open.spotify.com\/intl-es\/track\/7k29R7tBr1BJWn7IBnwiv0?si=0667f723e28f4290\" target=\"_blank\" rel=\"noopener\"><em>Har\u00e9 lo que pueda<\/em><\/a>, que dentro de nuestros n\u00fameros lo pet\u00f3. Luego <em>sold out<\/em> tres semanas antes de la presentaci\u00f3n del disco. Concierto en la sala El Sol. El disco hab\u00eda salido cuatro d\u00edas antes y la gente nos chill\u00f3 todas las canciones desde el principio. \u00bfQu\u00e9 te voy a contar? Los dos meses m\u00e1s bonitos de nuestra vida.<\/p>\n<p><strong>P. En aquella breve actuaci\u00f3n de la sala But, con muy poco tiempo para convencer al p\u00fablico, qued\u00f3 demostrado que, aunque el proyecto Pu\u00f1o Drag\u00f3n es reciente (2021), vosotros ten\u00e9is muchas tablas. Son muchos a\u00f1os en la escena asturiana. \u00bfC\u00f3mo es esa escena?<\/strong><\/p>\n<p>R. La pregunta a m\u00ed me cuesta responderla porque realmente yo llevo viviendo en Madrid cinco o seis a\u00f1os. Estoy medio en la escena asturiana medio en la madrile\u00f1a. S\u00ed que te dir\u00e9 que la escena asturiana es peque\u00f1ita, siempre con ese problema que hay en las provincias de Espa\u00f1a de estar aislado. T\u00fa puedes funcionar en tu provincia pero vas a la provincia de al lado y nadie te conoce, est\u00e1n un poco cortadas las v\u00edas de comunicaci\u00f3n. S\u00ed que creo que est\u00e1 habiendo brotes verdes, saliendo nuevas bandas y nuevos festis. De repente est\u00e1 habiendo una ola de m\u00fasica en directo muy interesante dentro de nuestra peque\u00f1ez, que, joder, para m\u00ed es una pasada, porque hace diez a\u00f1os era todo mucho peor y mucho m\u00e1s primario.<\/p>\n<p><strong>P. Uno de los sellos de la banda es esa mezcla de las dos voces, la tuya y la de Germ\u00e1n. Dos voces muy diferentes. Los dos cantabais en proyectos anteriores. \u00bfC\u00f3mo surgi\u00f3 la mezcla y c\u00f3mo la gestion\u00e1is?<\/strong><\/p>\n<p>R. Pues esto surgi\u00f3 desde el inicio, la verdad. Primero empezamos siendo dos cantantes que \u00e9ramos Jano y yo. Jano fue uno de los primeros miembros de la banda, con quien yo fund\u00e9 la banda, pero ya no est\u00e1 en la formaci\u00f3n. Es el cantante de Drugos, otro grupazo. Entonces la idea de tener dos cantantes est\u00e1 ah\u00ed desde la g\u00e9nesis del grupo. De hecho se fue Jano y valoramos que me quedara yo solo de cantante principal, y nos pareci\u00f3 que no era lo correcto, porque, para nosotros, las dos voces son una se\u00f1a de identidad de Pu\u00f1o Drag\u00f3n; sobre todo si tienes a Germ\u00e1n, que es un portento cantando. Lo aprovechamos y lo pusimos de delantero tambi\u00e9n. El reparto y c\u00f3mo funciona esto, pues nos gusta pensar que siempre a favor de la canci\u00f3n. Es decir, no repartimos las voces matem\u00e1ticamente: porque yo he hecho la estrofa uno, t\u00fa vas a hacer la estrofa dos. No nos gusta eso, no nos gusta la simetr\u00eda, que alguien tenga que hacer algo por decreto. S\u00ed que pensamos qu\u00e9 es mejor para la canci\u00f3n, como quien escoge un sonido de guitarra, o un arreglo. Decimos para este verso creo que va mejor tu voz, y para este verso creo que va mejor mi voz. Creemos que si lo hacemos bien, al final las canciones son mejores.<\/p>\n<p><strong>P. Ya dec\u00edamos que ten\u00e9is muchas tablas, y llama la atenci\u00f3n tambi\u00e9n el bater\u00eda, Manu Huertas. \u00bfSe uni\u00f3 desde el primer disco?<\/strong><\/p>\n<p>R. Se uni\u00f3 al proyecto en los primeros conciertos, poco despu\u00e9s de la grabaci\u00f3n del primer disco.<\/p>\n<p><strong>P. Manu (al igual que Rub\u00e9n Loro, el teclista) estudi\u00f3 en la Escuela de M\u00fasica Creativa (Malasa\u00f1a, Madrid), o sea que es un fichajazo para Pu\u00f1o Drag\u00f3n.<\/strong><\/p>\n<p>R. Eso es. Sin duda. Bueno, yo a Manu le adoro. Todos le adoramos. Joder, Manu est\u00e1 en proyectos muy grandes tocando. Y, adem\u00e1s, aparte de c\u00f3mo toca, porque es un capo con su instrumento, es la persona que es. El compa\u00f1ero ideal, con un coraz\u00f3n que no le cabe en el pecho. Yo ya no me imagino Pu\u00f1o Drag\u00f3n sin \u00e9l.<\/p>\n<p><strong>P. La gira de <em>Juegos violentos<\/em> es bastante extensa e intensa. El ritmo es muy bestia ya y la carga de trabajo es grande.<\/strong><\/p>\n<p>R. Sarna con gusto no pica. Llevamos mucho tiempo prepar\u00e1ndonos para este tipo de vida, como para quejarnos ahora. S\u00ed que es verdad que cuando llegas a casa despu\u00e9s del finde, est\u00e1s reventado f\u00edsicamente, y yo creo que mentalmente tambi\u00e9n nos pasa. Estamos creciendo pero a\u00fan no somos lo suficientemente grandes como para poder delegar un mont\u00f3n de labores que vamos haciendo. Antes de que llegue el bolo nosotros ya hemos movido el concierto, hablado con la sala, alquilado la furgo, alquilado el equipo, conducido, descargado, montado&#8230; Hay que estar en un mont\u00f3n de cosas que desgastan, pero por otro lado merece la pena.<\/p>\n<p><strong>P. El tema del cansancio en los desplazamientos es preocupante, y ya hemos tenido muy malas noticias en el pop-rock nacional con estos asuntos. \u00bfEsto lo hab\u00e9is hablado en alg\u00fan momento? \u00bfTom\u00e1is precauciones?<\/strong><\/p>\n<p>R. Bueno, s\u00ed, tomamos ciertas precauciones. Nada fuera de lo normal. Tratamos de gestionar lo m\u00e1ximo posible el no reventarse, el dormir bien, mirar los horarios de salida, no pillarse los dedos, repartir la carga de estr\u00e9s. Y yo tengo otra m\u00e1xima, soy un poco como un perrete viviendo el presente: me doy cuenta de que tenemos treinta a\u00f1os. Entonces si hay un momento de hacer un esfuerzo y reventarse f\u00edsicamente es ahora. Espero que sea para que en el d\u00eda de ma\u00f1ana podamos hacerlo de manera m\u00e1s descansada y m\u00e1s relajada. Toco madera para que as\u00ed sea. Estamos empezando a hacer esto ahora, tenemos energ\u00eda y tenemos juventud, lo vamos a hacer, pero creo que no ser\u00eda algo sostenible en el tiempo.<\/p>\n<figure id=\"attachment_44843\" aria-describedby=\"caption-attachment-44843\" style=\"width: 1024px\" class=\"wp-caption alignnone\"><img data-dominant-color=\"525853\" data-has-transparency=\"false\" style=\"--dominant-color: #525853;\" loading=\"lazy\" loading=\"lazy\" decoding=\"async\" class=\"size-large wp-image-44843 not-transparent\" src=\"https:\/\/social24horas.com\/contenidos\/uploads\/2025\/05\/ok-puno-dragon2-Alejandro-Famos-1024x732.avif\" alt=\"Pu\u00f1o Drag\u00f3n llen\u00f3 la madrile\u00f1a sala El Sol antes incluso de que estuviera publicado su segundo \u00e1lbum. Foto: Alejandro Famos\" width=\"1024\" height=\"732\" \/><figcaption id=\"caption-attachment-44843\" class=\"wp-caption-text\">Pu\u00f1o Drag\u00f3n llen\u00f3 la madrile\u00f1a sala El Sol antes incluso de que estuviera publicado su segundo \u00e1lbum. Foto: Alejandro Famos<\/figcaption><\/figure>\n<p><strong>P. Ahora vamos a viajar y a so\u00f1ar un poco, en esta \u00e9poca en la que las colaboraciones musicales son tan habituales. Comentabas antes la importancia del single <a href=\"https:\/\/open.spotify.com\/intl-es\/track\/7k29R7tBr1BJWn7IBnwiv0?si=0667f723e28f4290\" target=\"_blank\" rel=\"noopener\"><em>Har\u00e9 lo que pueda<\/em><\/a>; si tuvierais que regalar esta canci\u00f3n a otro artista para que la hiciera suya, \u00bfa qui\u00e9n ser\u00eda?<\/strong><\/p>\n<p>R. Me gustar\u00eda mucho ver c\u00f3mo la enfocar\u00eda Nacho Vegas. Todos llegamos a esa conclusi\u00f3n en el estudio: joder, esto suena muy a Nacho. La melod\u00eda, no tanto la letra. Creo que eso me gustar\u00eda. Y tambi\u00e9n me gustar\u00eda ver qu\u00e9 hubiera hecho V\u00edctor Fisherman con ella. Nos ayud\u00f3 a producirla, pero yo ya se la hab\u00eda pasado en un primer momento, y me hubiera gustado ver qu\u00e9 hac\u00eda \u00e9l a ciegas, antes de conocer las ideas que ten\u00edamos nosotros en el estudio. Hubiera sido otra cosa totalmente diferente.<\/p>\n<p><strong>P. \u00bfCon qu\u00e9 artista, de cualquier parte del mundo, os gustar\u00eda hacer una colaboraci\u00f3n en directo, compartir escenario?<\/strong><\/p>\n<p>R. Pues puestos a pedir, a m\u00ed me gustar\u00eda hacer un tema con Idles. Y del panorama nacional \u00faltimamente hablamos mucho de que nos flipan, de nuestra quinta, Repion, Carlos Ares, Sexy Zebras, Cora Yako. Hacer algo con estos grupos, por decirte algo m\u00e1s realista que los Idles, me encantar\u00eda.<\/p>\n<p><strong>P. \u00bfY con qui\u00e9n no os gustar\u00eda colaborar nunca? Porque a veces los artistas hacen colaboraciones medio forzadas, por las discogr\u00e1ficas, para sumar seguidores, por puro marketing&#8230;<\/strong><\/p>\n<p>R. Puf. A m\u00ed, a priori, no me apetece cantar con Miguel Bos\u00e9.<\/p>\n<p><strong>P. Pero a lo mejor la cuant\u00eda que os ofrecen es mucha&#8230;<\/strong><\/p>\n<p>R. Ya, bueno. Pues seg\u00fan la cuant\u00eda igual me empieza a apetecer.<\/p>\n<p>&nbsp;<\/p>\n<p><strong>LV y VDL<\/strong><\/p>\n","protected":false},"excerpt":{"rendered":"<p>Quienes acudan este viernes 30 de mayo a la sala Cientocero (21:00) para ver en directo a Pu\u00f1o Drag\u00f3n pueden estar seguros de que estar\u00e1n en el lugar adecuado en el momento preciso, porque la banda de origen asturiano es una de las grandes primicias del rock\u00b4n\u00b4roll nacional en los \u00faltimos meses. Liderados por Rafa [&hellip;]<\/p>\n","protected":false},"author":19,"featured_media":44842,"comment_status":"open","ping_status":"open","sticky":false,"template":"","format":"standard","meta":{"_acf_changed":false,"footnotes":""},"categories":[1,702,697],"tags":[1632,1630,1634,1631,1628,1627,1633,1629],"ppma_author":[705],"class_list":{"0":"post-44841","1":"post","2":"type-post","3":"status-publish","4":"format-standard","5":"has-post-thumbnail","7":"category-nacional","8":"category-ocio-y-cultura-valladolid","9":"category-valladolid","10":"tag-bailen-puno-dragon","11":"tag-carcaj","12":"tag-german-mingote","13":"tag-hare-lo-que-pueda","14":"tag-juegos-violentos","15":"tag-puno-dragon","16":"tag-rafa-tarsicio","17":"tag-sala-cientocero"},"acf":[],"authors":[{"term_id":705,"user_id":19,"is_guest":0,"slug":"redaccionvalladolid","display_name":"Redacci\u00f3n Valladolid","avatar_url":{"url":"https:\/\/social24horas.com\/contenidos\/uploads\/2024\/02\/redaccion-logo.webp","url2x":"https:\/\/social24horas.com\/contenidos\/uploads\/2024\/02\/redaccion-logo.webp"},"first_name":"","user_url":"","last_name":"","job_title":"","description":""}],"_links":{"self":[{"href":"https:\/\/social24horas.com\/api\/wp\/v2\/posts\/44841","targetHints":{"allow":["GET"]}}],"collection":[{"href":"https:\/\/social24horas.com\/api\/wp\/v2\/posts"}],"about":[{"href":"https:\/\/social24horas.com\/api\/wp\/v2\/types\/post"}],"author":[{"embeddable":true,"href":"https:\/\/social24horas.com\/api\/wp\/v2\/users\/19"}],"replies":[{"embeddable":true,"href":"https:\/\/social24horas.com\/api\/wp\/v2\/comments?post=44841"}],"version-history":[{"count":4,"href":"https:\/\/social24horas.com\/api\/wp\/v2\/posts\/44841\/revisions"}],"predecessor-version":[{"id":44858,"href":"https:\/\/social24horas.com\/api\/wp\/v2\/posts\/44841\/revisions\/44858"}],"wp:featuredmedia":[{"embeddable":true,"href":"https:\/\/social24horas.com\/api\/wp\/v2\/media\/44842"}],"wp:attachment":[{"href":"https:\/\/social24horas.com\/api\/wp\/v2\/media?parent=44841"}],"wp:term":[{"taxonomy":"category","embeddable":true,"href":"https:\/\/social24horas.com\/api\/wp\/v2\/categories?post=44841"},{"taxonomy":"post_tag","embeddable":true,"href":"https:\/\/social24horas.com\/api\/wp\/v2\/tags?post=44841"},{"taxonomy":"author","embeddable":true,"href":"https:\/\/social24horas.com\/api\/wp\/v2\/ppma_author?post=44841"}],"curies":[{"name":"wp","href":"https:\/\/api.w.org\/{rel}","templated":true}]}}