{"id":44828,"date":"2025-05-25T23:58:57","date_gmt":"2025-05-25T21:58:57","guid":{"rendered":"https:\/\/social24horas.com\/?p=44828"},"modified":"2025-05-25T23:58:57","modified_gmt":"2025-05-25T21:58:57","slug":"palmares-tac-2025-totentanz-de-marcos-morau-wild-de-motionhouse-premio-del-publico","status":"publish","type":"post","link":"https:\/\/social24horas.com\/palmares-tac-2025-totentanz-de-marcos-morau-wild-de-motionhouse-premio-del-publico\/","title":{"rendered":"Palmar\u00e9s TAC 2025: \u201cTotentanz\u201d, de Marcos Morau &#038; La Veronal, mejor espect\u00e1culo; &#8220;Wild&#8221;, de Motionhouse, premio del p\u00fablico"},"content":{"rendered":"<p>El Festival Internacional de Teatro y Artes de Calle de Valladolid ha entregado los premios de su 26\u00aa edici\u00f3n en un acto celebrado en la antigua Colegiata de Santa Mar\u00eda la Mayor. El jurado ha reconocido con el galard\u00f3n al Mejor Espect\u00e1culo a <em>Totentanz<\/em>, de la compa\u00f1\u00eda catalana Marcos Morau &amp; La Veronal, por \u201cuna obra coreogr\u00e1fica de excepcional calidad, capaz de conjugar con maestr\u00eda la excelencia formal, una est\u00e9tica profundamente evocadora y una reflexi\u00f3n cr\u00edtica de fuerte resonancia contempor\u00e1nea\u201d.<\/p>\n<p>La entrega de premios ha puesto el broche final a una edici\u00f3n vibrante que ha llenado las calles de Valladolid de danza, teatro y emoci\u00f3n. El jurado de esta edici\u00f3n ha estado integrado por Xos\u00e9 Paulo Rodr\u00edguez, Gonzalo Moreno Arriero, Jaume Nieto, Zoe Mart\u00edn Lago y Sandra Cany.<\/p>\n<p>El Premio Emilio Zapatero al Mejor Espect\u00e1culo de Circo ha sido para <a href=\"https:\/\/social24horas.com\/tac-2025-danza-hipnotizante-en-las-copas-de-los-arboles\/\"><em>Wild<\/em><\/a>, de la compa\u00f1\u00eda brit\u00e1nica Motionhouse, un espect\u00e1culo que destaca por \u201cuna ejecuci\u00f3n impecable que no renuncia a la excelencia individual, integrando composici\u00f3n, t\u00e9cnica y ritmo en una propuesta en\u00e9rgica que conecta con el p\u00fablico y crea im\u00e1genes de gran potencia\u201d.<\/p>\n<p>El show brit\u00e1nico hace doblete en el palmar\u00e9s de esta 26\u00aa edici\u00f3n del TAC al recibir tambi\u00e9n el premio del P\u00fablico, consolidando as\u00ed el impacto de esta propuesta circense en los espectadores que han podido presenciarla en vivo y en directo.<\/p>\n<p>La int\u00e9rprete portuguesa <a href=\"https:\/\/social24horas.com\/tac-2025-danza-hipnotizante-en-las-copas-de-los-arboles\/\">Margarida Monten\u00ff<\/a> ha sido reconocida con el premio a la Mejor Interpretaci\u00f3n por su trabajo en <em>Blue<\/em>, una actuaci\u00f3n que combina \u201calt\u00edsima calidad t\u00e9cnica y una expresividad conmovedora, conjugando elegancia y riesgo permanente\u201d.<\/p>\n<p>El galard\u00f3n al Mejor Di\u00e1logo con el Espacio Urbano ha sido para <em>Surcouf<\/em>, de la compa\u00f1\u00eda francesa Sacekripa, por \u201cresignificar la relaci\u00f3n del espectador con el estanque del Campo Grande mediante una propuesta que combina humor, cotidianidad e interacci\u00f3n directa con el p\u00fablico\u201d.<\/p>\n<p>Adem\u00e1s, el jurado ha concedido una menci\u00f3n especial al espect\u00e1culo <em>An-Ki<\/em>, de la compa\u00f1\u00eda Ortiga, por \u201ccrear una experiencia m\u00e1gica que hunde sus ra\u00edces en el cuidado y que es fruto de un trabajo riguroso y artesanal, a contracorriente de las din\u00e1micas de producci\u00f3n actuales\u201d.<\/p>\n<p>&nbsp;<\/p>\n<p><strong>PALMAR\u00c9S 26\u00ba FESTIVAL INTERNACIONAL DE TEATRO Y ARTES DE CALLE DE VALLADOLID<\/strong><\/p>\n<p>MEJOR ESPECT\u00c1CULO<\/p>\n<p>\u2022 <em>Totentanz<\/em>, de Marcos Morau &amp; La Veronal (Catalu\u00f1a).<\/p>\n<p>MEJOR INTERPRETACI\u00d3N<\/p>\n<p>\u2022 Margarida Monten\u00ff, por <em>Blue<\/em> (Portugal)<\/p>\n<p>PREMIO \u2018EMILIO ZAPATERO\u2019 MEJOR ESPECT\u00c1CULO DE CIRCO<\/p>\n<p>\u2022 <em>Wild<\/em>, de Motionhouse (Reino Unido)<\/p>\n<p>MEJOR DI\u00c1LOGO CON EL ESPACIO URBANO<\/p>\n<p>\u2022 <em>Surcouf<\/em>, de Cie. Sacekripa (Francia)<\/p>\n<p>PREMIO DEL P\u00daBLICO<\/p>\n<p>\u2022 <em>Wild<\/em>, de Motionhouse (Reino Unido)<\/p>\n<p>MENCI\u00d3N ESPECIAL<\/p>\n<p>\u2022 <em>An-Ki<\/em>, de C\u00eda. Ortiga.<\/p>\n","protected":false},"excerpt":{"rendered":"<p>El Festival Internacional de Teatro y Artes de Calle de Valladolid ha entregado los premios de su 26\u00aa edici\u00f3n en un acto celebrado en la antigua Colegiata de Santa Mar\u00eda la Mayor. El jurado ha reconocido con el galard\u00f3n al Mejor Espect\u00e1culo a Totentanz, de la compa\u00f1\u00eda catalana Marcos Morau &amp; La Veronal, por \u201cuna [&hellip;]<\/p>\n","protected":false},"author":19,"featured_media":44829,"comment_status":"open","ping_status":"open","sticky":false,"template":"","format":"standard","meta":{"_acf_changed":false,"footnotes":""},"categories":[1,702,697],"tags":[1603,1621,1619,1620,1589,1593,1605,1400],"ppma_author":[705],"class_list":{"0":"post-44828","1":"post","2":"type-post","3":"status-publish","4":"format-standard","5":"has-post-thumbnail","7":"category-nacional","8":"category-ocio-y-cultura-valladolid","9":"category-valladolid","10":"tag-motionhouse","11":"tag-premio-motionhouse","12":"tag-premio-totentanz","13":"tag-premio-veronal","14":"tag-tac-2025","15":"tag-tac-valladolid","16":"tag-teatro-artes-calle","17":"tag-teatro-valladolid"},"acf":[],"authors":[{"term_id":705,"user_id":19,"is_guest":0,"slug":"redaccionvalladolid","display_name":"Redacci\u00f3n Valladolid","avatar_url":{"url":"https:\/\/social24horas.com\/contenidos\/uploads\/2024\/02\/redaccion-logo.webp","url2x":"https:\/\/social24horas.com\/contenidos\/uploads\/2024\/02\/redaccion-logo.webp"},"first_name":"","user_url":"","last_name":"","job_title":"","description":""}],"_links":{"self":[{"href":"https:\/\/social24horas.com\/api\/wp\/v2\/posts\/44828","targetHints":{"allow":["GET"]}}],"collection":[{"href":"https:\/\/social24horas.com\/api\/wp\/v2\/posts"}],"about":[{"href":"https:\/\/social24horas.com\/api\/wp\/v2\/types\/post"}],"author":[{"embeddable":true,"href":"https:\/\/social24horas.com\/api\/wp\/v2\/users\/19"}],"replies":[{"embeddable":true,"href":"https:\/\/social24horas.com\/api\/wp\/v2\/comments?post=44828"}],"version-history":[{"count":1,"href":"https:\/\/social24horas.com\/api\/wp\/v2\/posts\/44828\/revisions"}],"predecessor-version":[{"id":44830,"href":"https:\/\/social24horas.com\/api\/wp\/v2\/posts\/44828\/revisions\/44830"}],"wp:featuredmedia":[{"embeddable":true,"href":"https:\/\/social24horas.com\/api\/wp\/v2\/media\/44829"}],"wp:attachment":[{"href":"https:\/\/social24horas.com\/api\/wp\/v2\/media?parent=44828"}],"wp:term":[{"taxonomy":"category","embeddable":true,"href":"https:\/\/social24horas.com\/api\/wp\/v2\/categories?post=44828"},{"taxonomy":"post_tag","embeddable":true,"href":"https:\/\/social24horas.com\/api\/wp\/v2\/tags?post=44828"},{"taxonomy":"author","embeddable":true,"href":"https:\/\/social24horas.com\/api\/wp\/v2\/ppma_author?post=44828"}],"curies":[{"name":"wp","href":"https:\/\/api.w.org\/{rel}","templated":true}]}}