{"id":44760,"date":"2025-05-20T20:32:14","date_gmt":"2025-05-20T18:32:14","guid":{"rendered":"https:\/\/social24horas.com\/?p=44760"},"modified":"2025-05-20T20:35:59","modified_gmt":"2025-05-20T18:35:59","slug":"tac-2025-sistole-y-diastole-de-una-ciudad-de-teatro","status":"publish","type":"post","link":"https:\/\/social24horas.com\/tac-2025-sistole-y-diastole-de-una-ciudad-de-teatro\/","title":{"rendered":"TAC 2025: s\u00edstole y di\u00e1stole de una ciudad de teatro"},"content":{"rendered":"<p>Ya est\u00e1n aqu\u00ed esos d\u00edas en los que Valladolid est\u00e1 m\u00e1s bonita que nunca: arranca la vigesimosexta edici\u00f3n del Festival Internacional de Teatro y Artes de Calle, con compa\u00f1\u00edas de toda Espa\u00f1a y tambi\u00e9n de Argentina, B\u00e9lgica, Francia, M\u00e9xico, Pa\u00edses Bajos, Portugal y Reino Unido. La cita echa a andar este mi\u00e9rcoles 21 de mayo y se alarga hasta el domingo 25.<\/p>\n<p>Bajo el lema \u2018Cuando late la ciudad\u2019, el certamen ofrece 260 funciones de 46 espect\u00e1culos, presentados por 44 compa\u00f1\u00edas, de las que 16 son internacionales, en 35 espacios urbanos. Ser\u00e1 la s\u00edstole y la di\u00e1stole de una ciudad que ama el teatro y que lo mantiene vivo.<\/p>\n<p>La programaci\u00f3n de este a\u00f1o apuesta por la diversidad de disciplinas y formatos \u2014teatro, danza, m\u00fasica, circo, <em>performance<\/em> e instalaciones\u2014 con propuestas que integran po\u00e9tica visual, riesgo creativo, cr\u00edtica social y sentido l\u00fadico.<\/p>\n<p>\u201cEl TAC es una experiencia \u00fanica porque no solo programamos espect\u00e1culos, sino que dise\u00f1amos una vivencia urbana y colectiva\u201d, ha explicado Charo Arconada, miembro del equipo de programaci\u00f3n de la Fundaci\u00f3n Municipal de Cultura. \u201cCada creaci\u00f3n ha sido seleccionada pensando en su capacidad para dialogar con el entorno, generar comunidad y reconfigurar lo cotidiano\u201d.<\/p>\n<p>El encuentro de artes esc\u00e9nicas lleva tiempo posicionado como una referencia dentro del \u00e1mbito profesional en el espacio p\u00fablico. \u201cEl TAC es el festival por excelencia de quienes crean para la calle y para espacios y configuraciones no convencionales; de quienes juegan con el espacio p\u00fablico y con el p\u00fablico, transformando dichos espacios con usos no cotidianos\u201d, afirm\u00f3 Juan Herrero, Jefe de Programas de la FMC.<\/p>\n<p>Uno de los momentos m\u00e1s emotivos llegar\u00e1 con el homenaje a la compa\u00f1\u00eda Visitants, que tras casi cuarenta a\u00f1os de trayectoria es uno de los grandes referentes del arte esc\u00e9nico en el espacio p\u00fablico en Espa\u00f1a. El festival reconoce as\u00ed su compromiso con la creaci\u00f3n contempor\u00e1nea, su arriesgada apuesta por la dignificaci\u00f3n del arte callejero y su capacidad para conectar con el p\u00fablico desde la emoci\u00f3n, la sensibilidad y la identidad mediterr\u00e1nea. Visitants presentar\u00e1 en Valladolid su espect\u00e1culo <em>Masclet\u00e0 po\u00e9tica,<\/em> una pieza que reivindica lo ritual, lo simb\u00f3lico y lo colectivo como elementos esenciales del arte urbano.<\/p>\n<figure id=\"attachment_44761\" aria-describedby=\"caption-attachment-44761\" style=\"width: 898px\" class=\"wp-caption alignnone\"><img data-dominant-color=\"194369\" data-has-transparency=\"false\" style=\"--dominant-color: #194369;\" loading=\"lazy\" loading=\"lazy\" decoding=\"async\" class=\"size-full wp-image-44761 not-transparent\" src=\"https:\/\/social24horas.com\/contenidos\/uploads\/2025\/05\/2025-TAC-Visitants.avif\" alt=\"Visitants transita por la escena callejera desde 1989 y desde entonces ha fomentado la b\u00fasqueda de nuevos lenguajes esc\u00e9nicos. Foto: Visitants\" width=\"898\" height=\"604\" \/><figcaption id=\"caption-attachment-44761\" class=\"wp-caption-text\">Visitants transita por la escena callejera desde 1989 y desde entonces ha fomentado la b\u00fasqueda de nuevos lenguajes esc\u00e9nicos. Foto: Visitants<\/figcaption><\/figure>\n<p>Como es habitual en cada edici\u00f3n del TAC, la Plaza Mayor de Valladolid se convertir\u00e1 en uno de los grandes escenarios del festival. En esta 26\u00aa edici\u00f3n, ser\u00e1 el marco de varios espect\u00e1culos de gran formato y alto impacto visual, entre ellos <em>DNA<\/em>, de la reconocida compa\u00f1\u00eda francesa Transe Express, que regresa de nuevo al festival con una propuesta a\u00e9rea de gran espectacularidad.<\/p>\n<p>A ellos se suman otras compa\u00f1\u00edas como Motionhouse, que traer\u00e1 desde el Reino Unido su espect\u00e1culo <em>Wild<\/em>, o Cie Sacekripa, B\u00eates de Foire y Company Midnight, entre otras, que transformar\u00e1n distintas plazas, parques y calles de Valladolid en puntos neur\u00e1lgicos de emoci\u00f3n, luz, acrobacia y poes\u00eda visual al servicio de un p\u00fablico que vive el festival como una aut\u00e9ntica celebraci\u00f3n colectiva.<\/p>\n<p><strong>Acceso gratuito e invitaciones<\/strong><\/p>\n<p>Todas las representaciones del festival ser\u00e1n gratuitas, fieles a la vocaci\u00f3n inclusiva del TAC. No obstante, algunas propuestas, por su aforo limitado o necesidades t\u00e9cnicas espec\u00edficas, requerir\u00e1n invitaci\u00f3n previa, que podr\u00e1 retirarse en la web oficial del festival (<a href=\"https:\/\/tacva.org\/\" target=\"_blank\" rel=\"noopener\">www.tacva.org<\/a>) o en la taquilla f\u00edsica ubicada en la Casa Revilla. En estos casos solo se repercutir\u00e1n los gastos de gesti\u00f3n.<\/p>\n<p>El Festival pone a disposici\u00f3n del p\u00fablico la APP oficial del TAC, una herramienta gratuita y accesible que permite consultar en tiempo real la programaci\u00f3n completa, horarios, localizaciones de los espect\u00e1culos y avisos de \u00faltima hora. La aplicaci\u00f3n ofrece tambi\u00e9n la posibilidad de marcar favoritos, crear itinerarios personalizados y recibir notificaciones. Adem\u00e1s, desde la APP se podr\u00e1 votar para otorgar el Premio del P\u00fablico al mejor espect\u00e1culo, una forma de implicar activamente a los espectadores en el desarrollo del festival. Puede descargarse tanto en dispositivos Android como iOS desde las plataformas habituales de aplicaciones.<\/p>\n<p>El 26 TAC est\u00e1 organizado por la Fundaci\u00f3n Municipal de Cultura del Ayuntamiento de Valladolid, y cuenta con el patrocinio del Instituto Nacional de las Artes Esc\u00e9nicas y de la M\u00fasica (INAEM) y la colaboraci\u00f3n del Instituto Etxepare &#8211; Gobierno Vasco, El Norte de Castilla, Aquavall, la Fundaci\u00f3n Caja Rural de Zamora y la Fundaci\u00f3n Michelin. Se puede consultar la programaci\u00f3n completa <a href=\"https:\/\/tacva.org\/sites\/default\/files\/tac-aux\/programas\/programa_tac_2025.pdf\" target=\"_blank\" rel=\"noopener\">en este enlace<\/a>.<\/p>\n","protected":false},"excerpt":{"rendered":"<p>Ya est\u00e1n aqu\u00ed esos d\u00edas en los que Valladolid est\u00e1 m\u00e1s bonita que nunca: arranca la vigesimosexta edici\u00f3n del Festival Internacional de Teatro y Artes de Calle, con compa\u00f1\u00edas de toda Espa\u00f1a y tambi\u00e9n de Argentina, B\u00e9lgica, Francia, M\u00e9xico, Pa\u00edses Bajos, Portugal y Reino Unido. La cita echa a andar este mi\u00e9rcoles 21 de mayo [&hellip;]<\/p>\n","protected":false},"author":19,"featured_media":44762,"comment_status":"open","ping_status":"open","sticky":false,"template":"","format":"standard","meta":{"_acf_changed":false,"footnotes":""},"categories":[1,702,697],"tags":[1592,1588,1589,1593,1590,1400,1594,1591],"ppma_author":[705],"class_list":{"0":"post-44760","1":"post","2":"type-post","3":"status-publish","4":"format-standard","5":"has-post-thumbnail","7":"category-nacional","8":"category-ocio-y-cultura-valladolid","9":"category-valladolid","10":"tag-festival-tac-teatro","11":"tag-tac","12":"tag-tac-2025","13":"tag-tac-valladolid","14":"tag-teatro-de-calle","15":"tag-teatro-valladolid","16":"tag-teatro-visitants","17":"tag-teatro-y-artes-de-calle"},"acf":[],"authors":[{"term_id":705,"user_id":19,"is_guest":0,"slug":"redaccionvalladolid","display_name":"Redacci\u00f3n Valladolid","avatar_url":{"url":"https:\/\/social24horas.com\/contenidos\/uploads\/2024\/02\/redaccion-logo.webp","url2x":"https:\/\/social24horas.com\/contenidos\/uploads\/2024\/02\/redaccion-logo.webp"},"first_name":"","user_url":"","last_name":"","job_title":"","description":""}],"_links":{"self":[{"href":"https:\/\/social24horas.com\/api\/wp\/v2\/posts\/44760","targetHints":{"allow":["GET"]}}],"collection":[{"href":"https:\/\/social24horas.com\/api\/wp\/v2\/posts"}],"about":[{"href":"https:\/\/social24horas.com\/api\/wp\/v2\/types\/post"}],"author":[{"embeddable":true,"href":"https:\/\/social24horas.com\/api\/wp\/v2\/users\/19"}],"replies":[{"embeddable":true,"href":"https:\/\/social24horas.com\/api\/wp\/v2\/comments?post=44760"}],"version-history":[{"count":1,"href":"https:\/\/social24horas.com\/api\/wp\/v2\/posts\/44760\/revisions"}],"predecessor-version":[{"id":44763,"href":"https:\/\/social24horas.com\/api\/wp\/v2\/posts\/44760\/revisions\/44763"}],"wp:featuredmedia":[{"embeddable":true,"href":"https:\/\/social24horas.com\/api\/wp\/v2\/media\/44762"}],"wp:attachment":[{"href":"https:\/\/social24horas.com\/api\/wp\/v2\/media?parent=44760"}],"wp:term":[{"taxonomy":"category","embeddable":true,"href":"https:\/\/social24horas.com\/api\/wp\/v2\/categories?post=44760"},{"taxonomy":"post_tag","embeddable":true,"href":"https:\/\/social24horas.com\/api\/wp\/v2\/tags?post=44760"},{"taxonomy":"author","embeddable":true,"href":"https:\/\/social24horas.com\/api\/wp\/v2\/ppma_author?post=44760"}],"curies":[{"name":"wp","href":"https:\/\/api.w.org\/{rel}","templated":true}]}}