{"id":44717,"date":"2025-05-17T14:54:30","date_gmt":"2025-05-17T12:54:30","guid":{"rendered":"https:\/\/social24horas.com\/?p=44717"},"modified":"2025-05-17T14:54:30","modified_gmt":"2025-05-17T12:54:30","slug":"prosperidad-en-el-reverso-del-indie-rufus-t-firefly-en-porta-caeli-16-05-25","status":"publish","type":"post","link":"https:\/\/social24horas.com\/prosperidad-en-el-reverso-del-indie-rufus-t-firefly-en-porta-caeli-16-05-25\/","title":{"rendered":"Prosperidad en el reverso del indie. Rufus T. Firefly en Porta Caeli (16\/05\/25)"},"content":{"rendered":"<p>Era la cuarta vez que <a href=\"https:\/\/social24horas.com\/rufus-t-firefly-no-queremos-hacer-algo-para-triunfar-este-mes-y-que-al-proximo-ya-no-tenga-ningun-sentido\/\">Rufus T. Firefly<\/a> actuaba en la vallisoletana sala Porta Caeli, y llegaron dispuestos a rodar el nuevo trabajo, <em>Todas las cosas buenas<\/em> (octavo de una carrera de casi veinte a\u00f1os), pr\u00e1cticamente en su totalidad. Celebran que su p\u00fablico es lo que m\u00e1s les pide: las canciones nuevas. Eso, explic\u00f3 V\u00edctor Cabezuelo, les hace sentirse vivos y m\u00e1s j\u00f3venes musicalmente hablando.<\/p>\n<p>Era dif\u00edcil predecir en 2006 que este proyecto, nacido en Aranjuez, aguantara hasta nuestros d\u00edas con este aspecto tan pr\u00f3spero y saludable; conociendo muy bien su camino, pero sabiendo salirse de \u00e9l a investigar y, cuando toca, sabiendo sentarse a descansar. Si el <em>indie<\/em> (las carreras musicales autogestionadas, o gestionadas de manera independiente) es lo que la industria nos ha intentado vender en las \u00faltimas d\u00e9cadas, entonces esto debe ser el otro lado del <em>indie<\/em>.<\/p>\n<p>El combo lleva un buen tiempo engranado a la perfecci\u00f3n, liderado por Cabezuelo (voz, guitarra, teclados) y Julia Mart\u00edn-Maestro (bater\u00eda y voz), fundadores, con Miguel de Lucas al bajo; Juan Feo en la percusi\u00f3n; Manuela en los teclados, y Marc Sastre a la guitarra (sustituyendo en esta ocasi\u00f3n a Carlos Campos). Para esta velada, marcaron las diferencias desde el comienzo: dos de las tres primeras canciones fueron las dos que canta Julia en este nuevo disco: <em>Coro del amanecer<\/em>, elegant\u00edsimo arranque de actuaci\u00f3n, y <em>Ceci n&#8217;est pas une pipe<\/em>.<\/p>\n<p>Vest\u00eda V\u00edctor Cabezuelo precisamente una camiseta con la inscripci\u00f3n \u201cEl indie no hizo nada por m\u00ed\u201d, una de las frases de <em>Trueno azul<\/em>, composici\u00f3n homenaje a su viejo veh\u00edculo noventero, a\u00fan en funcionamiento (sus amigos lo llaman tru\u00f1o azul). Fue uno de los mejores momentos del espect\u00e1culo, junto con <em>El principio de todo<\/em>, la canci\u00f3n con m\u00e1s punch del reciente lanzamiento.<\/p>\n<figure id=\"attachment_44719\" aria-describedby=\"caption-attachment-44719\" style=\"width: 1024px\" class=\"wp-caption alignnone\"><img data-dominant-color=\"545454\" data-has-transparency=\"false\" style=\"--dominant-color: #545454;\" loading=\"lazy\" loading=\"lazy\" decoding=\"async\" class=\"size-large wp-image-44719 not-transparent\" src=\"https:\/\/social24horas.com\/contenidos\/uploads\/2025\/05\/concierto-rufus2-1024x768.avif\" alt=\"Los contrastes crom\u00e1ticos y las siluetas fueron una constante en el juego de luces del concierto de Rufus T. Firefly en Porta Caeli. Foto: Social24Horas\" width=\"1024\" height=\"768\" \/><figcaption id=\"caption-attachment-44719\" class=\"wp-caption-text\">Los contrastes crom\u00e1ticos y las siluetas fueron una constante en el juego de luces del concierto de Rufus T. Firefly en Porta Caeli. Foto: Social24Horas<\/figcaption><\/figure>\n<p>El p\u00fablico que llen\u00f3 a rebosar la sala Porta Caeli tuvo el lujo tambi\u00e9n de escuchar <em>El reverso<\/em>, la canci\u00f3n (publicada como sencillo en 2024) que les encarg\u00f3 nada m\u00e1s y nada menos que el Museo del Prado para ambientar la exposici\u00f3n \u201cReversos\u201d, esa que desvelaba las historias que guardan la parte de atr\u00e1s de los cuadros (bocetos, dedicatorias, anotaciones varias e incluso cesiones testamentarias).<\/p>\n<p><em>Canta por m\u00ed<\/em>, de El \u00daltimo de la Fila, fue el tercer tema que interpret\u00f3 Julia, esta vez de pie y micro en mano (mientras Cabezuelo se hac\u00eda cargo de la bater\u00eda moment\u00e1neamente). Julia reconoci\u00f3 haber escuchado mucho los discos del grupo barcelon\u00e9s cuando era peque\u00f1a. Su voz sonaba melosa mientras la banda llevaba la composici\u00f3n de Manolo Garc\u00eda y Quimi Portet a un lugar muy lejano.<\/p>\n<p><em>Canci\u00f3n de paz<\/em>, el tema que inaugura <em>Todas las cosas buenas<\/em>, fue otra de las canciones que tuvo discurso especial. Parece ser que form\u00f3 parte de unas probaturas estilo <em>bossa<\/em> que la banda dej\u00f3 olvidadas en un caj\u00f3n. Fue propuesta del percusionista, Juan Feo, recuperarla y rematarla. Acaba de publicarse y ya va camino de convertirse en una de las composiciones m\u00e1s hermosas de este a\u00f1o musical en Espa\u00f1a. De giros de guion como este est\u00e1 llena la historia de la m\u00fasica.<\/p>\n<figure id=\"attachment_44720\" aria-describedby=\"caption-attachment-44720\" style=\"width: 1024px\" class=\"wp-caption alignnone\"><img data-dominant-color=\"4d4532\" data-has-transparency=\"false\" style=\"--dominant-color: #4d4532;\" loading=\"lazy\" loading=\"lazy\" decoding=\"async\" class=\"size-large wp-image-44720 not-transparent\" src=\"https:\/\/social24horas.com\/contenidos\/uploads\/2025\/05\/concierto-rufus3-1024x748.avif\" alt=\"Hace un mes que la banda de Aranjuez public\u00f3 el LP &quot;Todas las cosas buenas&quot;. Lo interpretaron casi en su totalidad. Foto: Social24Horas\" width=\"1024\" height=\"748\" \/><figcaption id=\"caption-attachment-44720\" class=\"wp-caption-text\">Hace un mes que la banda de Aranjuez public\u00f3 el LP &#8220;Todas las cosas buenas&#8221;. Lo interpretaron casi en su totalidad. Foto: Social24Horas<\/figcaption><\/figure>\n<p>Por aquel entonces la noche ya era toda una <em>masterclass<\/em> de Julia a la bater\u00eda. Por eso est\u00e1 situada en primera l\u00ednea, y por eso en <em>Nebulosa Jade<\/em> (el gran <em>hit<\/em> del disco <em>Magnolia<\/em>, presentado con V\u00edctor Cabezuelo como \u201cun cl\u00e1sico\u201d) la frase de \u201ceres la pegada de John Bonham\u201d se transform\u00f3 en \u201cla pegada de Mart\u00edn-Maestro\u201d.<\/p>\n<p>A la hora de los bises, con los asistentes ya muy entregados, llegaron dos latigazos de una discograf\u00eda rotunda: <em>S\u00e9 d\u00f3nde van los patos cuando se congela el lago<\/em> (del disco <em>El largo ma\u00f1ana<\/em>) y <em>R\u00edo Wolf<\/em> (otro <em>hit<\/em> del LP <em>Magnolia<\/em>). Material tienen de sobra, y est\u00e1n en estado de gracia. \u00bfLo mejor de todo? Que no lo dan importancia.<\/p>\n<p>&nbsp;<\/p>\n<p><strong>VDL<\/strong><\/p>\n","protected":false},"excerpt":{"rendered":"<p>Era la cuarta vez que Rufus T. Firefly actuaba en la vallisoletana sala Porta Caeli, y llegaron dispuestos a rodar el nuevo trabajo, Todas las cosas buenas (octavo de una carrera de casi veinte a\u00f1os), pr\u00e1cticamente en su totalidad. Celebran que su p\u00fablico es lo que m\u00e1s les pide: las canciones nuevas. Eso, explic\u00f3 V\u00edctor [&hellip;]<\/p>\n","protected":false},"author":19,"featured_media":44718,"comment_status":"open","ping_status":"open","sticky":false,"template":"","format":"standard","meta":{"_acf_changed":false,"footnotes":""},"categories":[702,697],"tags":[1579,1325,1580,1559,1562],"ppma_author":[705],"class_list":{"0":"post-44717","1":"post","2":"type-post","3":"status-publish","4":"format-standard","5":"has-post-thumbnail","7":"category-ocio-y-cultura-valladolid","8":"category-valladolid","9":"tag-conciertos-rufus-t-firefly","10":"tag-porta-caeli","11":"tag-porta-caeli-concierto","12":"tag-rufus-t-firefly","13":"tag-rufus-valladolid"},"acf":[],"authors":[{"term_id":705,"user_id":19,"is_guest":0,"slug":"redaccionvalladolid","display_name":"Redacci\u00f3n Valladolid","avatar_url":{"url":"https:\/\/social24horas.com\/contenidos\/uploads\/2024\/02\/redaccion-logo.webp","url2x":"https:\/\/social24horas.com\/contenidos\/uploads\/2024\/02\/redaccion-logo.webp"},"first_name":"","user_url":"","last_name":"","job_title":"","description":""}],"_links":{"self":[{"href":"https:\/\/social24horas.com\/api\/wp\/v2\/posts\/44717","targetHints":{"allow":["GET"]}}],"collection":[{"href":"https:\/\/social24horas.com\/api\/wp\/v2\/posts"}],"about":[{"href":"https:\/\/social24horas.com\/api\/wp\/v2\/types\/post"}],"author":[{"embeddable":true,"href":"https:\/\/social24horas.com\/api\/wp\/v2\/users\/19"}],"replies":[{"embeddable":true,"href":"https:\/\/social24horas.com\/api\/wp\/v2\/comments?post=44717"}],"version-history":[{"count":1,"href":"https:\/\/social24horas.com\/api\/wp\/v2\/posts\/44717\/revisions"}],"predecessor-version":[{"id":44721,"href":"https:\/\/social24horas.com\/api\/wp\/v2\/posts\/44717\/revisions\/44721"}],"wp:featuredmedia":[{"embeddable":true,"href":"https:\/\/social24horas.com\/api\/wp\/v2\/media\/44718"}],"wp:attachment":[{"href":"https:\/\/social24horas.com\/api\/wp\/v2\/media?parent=44717"}],"wp:term":[{"taxonomy":"category","embeddable":true,"href":"https:\/\/social24horas.com\/api\/wp\/v2\/categories?post=44717"},{"taxonomy":"post_tag","embeddable":true,"href":"https:\/\/social24horas.com\/api\/wp\/v2\/tags?post=44717"},{"taxonomy":"author","embeddable":true,"href":"https:\/\/social24horas.com\/api\/wp\/v2\/ppma_author?post=44717"}],"curies":[{"name":"wp","href":"https:\/\/api.w.org\/{rel}","templated":true}]}}