{"id":44363,"date":"2025-02-11T19:48:38","date_gmt":"2025-02-11T18:48:38","guid":{"rendered":"https:\/\/social24horas.com\/?p=44363"},"modified":"2025-02-11T20:04:04","modified_gmt":"2025-02-11T19:04:04","slug":"imperativo-legal-35-anos-y-un-dia-la-politica-de-valladolid-ha-ido-barriendo-lo-combativo-y-contestatario","status":"publish","type":"post","link":"https:\/\/social24horas.com\/imperativo-legal-35-anos-y-un-dia-la-politica-de-valladolid-ha-ido-barriendo-lo-combativo-y-contestatario\/","title":{"rendered":"Imperativo Legal, 35 a\u00f1os y un d\u00eda: \u201cLa pol\u00edtica de Valladolid ha ido barriendo lo combativo y contestatario\u201d"},"content":{"rendered":"<p>Mil novecientos noventa par\u00eda una banda en Pajarillos que hizo ruido todo lo que quiso y m\u00e1s en unos a\u00f1os deslenguados e imborrables. Una banda que adoraba poner patas arriba la playa de Las Moreras y que una noche llen\u00f3 la plaza Mayor, pero que ahora (aunque resiste) necesita plantearse los conciertos con tiempo y filosof\u00eda.<\/p>\n<p>Analizado todo con la perspectiva que otorga el tiempo y la distancia, Imperativo Legal fue y es bastante m\u00e1s que dos o tres himnos locales (<a href=\"https:\/\/open.spotify.com\/intl-es\/track\/2Or7ys8QRFX1aZNA6FTXvh?si=5c2c4005229846c7\" target=\"_blank\" rel=\"noopener\"><em>Alto forastero<\/em><\/a>, <a href=\"https:\/\/open.spotify.com\/intl-es\/track\/18GmKFB4keAFlwk7ILxVGE?si=2f43eb517b7449c9\" target=\"_blank\" rel=\"noopener\"><em>Mi abrevadero<\/em><\/a>, <a href=\"https:\/\/open.spotify.com\/intl-es\/track\/60zNS5bd6o57fxQWtW7tlT?si=5787f1c17a944c05\" target=\"_blank\" rel=\"noopener\"><em>La yesca arder\u00e1<\/em><\/a>) y que un ramillete de skas reivindicativos. <a href=\"https:\/\/open.spotify.com\/intl-es\/track\/5HOIynhJGInb6x6hKNSBzc?si=94d39bad5ce240c4\" target=\"_blank\" rel=\"noopener\"><em>Mi primo el de la boina<\/em><\/a>, <a href=\"https:\/\/open.spotify.com\/intl-es\/track\/2lMDA0w99nVeeOLlAZSg0L?si=624ea43069c94c8a\" target=\"_blank\" rel=\"noopener\"><em>Lucha<\/em><\/a> o <a href=\"https:\/\/open.spotify.com\/intl-es\/track\/6FFFC6oRUOTnAGOWIwm98r?si=59d94988a00f441b\" target=\"_blank\" rel=\"noopener\"><em>In Destrit<\/em><\/a>, sin ir m\u00e1s lejos, les colocaron en una liga diferente a la mayor\u00eda de grupos de rock castellanos de la \u00e9poca. Por no hablar de <a href=\"https:\/\/open.spotify.com\/intl-es\/track\/3XpnHghlR3mzzZkXyHTFJB?si=6c62caf1a12f4f7e\" target=\"_blank\" rel=\"noopener\"><em>El Perico<\/em><\/a> y <a href=\"https:\/\/open.spotify.com\/intl-es\/track\/6G9PsSUky1mGEGsnAEpwNh?si=defcc01d6cb34eac\" target=\"_blank\" rel=\"noopener\"><em>Ponle fondo<\/em><\/a>: escucharlas hoy pone los pelos de punta.<\/p>\n<p>Para la historia dejaron tres \u00e1lbumes de plomo: <a href=\"https:\/\/open.spotify.com\/intl-es\/album\/2qitCk9aEZlFLI8839O7t0?si=nmu7Lq-JSS6GDCy_xFZ-OA\" target=\"_blank\" rel=\"noopener\"><em>De barrio<\/em><\/a> (1992), <a href=\"https:\/\/open.spotify.com\/intl-es\/album\/68Zm3eyZQyxCSN99DUFfaQ?si=s0x7yp1JTlC0FdhmkZTpRw\" target=\"_blank\" rel=\"noopener\"><em>Se nos va la olla<\/em><\/a> (1995) y <a href=\"https:\/\/open.spotify.com\/album\/0WF8gryXWbot23o1McnllX?si=rrWUjnF1TyKDpXoT1OhYEw\" target=\"_blank\" rel=\"noopener\"><em>A veces por supuesto usted sonr\u00ede<\/em><\/a> (2000). Nunca grabaron el cuarto. De vez en cuando regalan a su ciudad actuaciones puntuales, rabiosas, \u00fanicas (este <a href=\"https:\/\/www.woutick.es\/evento\/58116\/entradas-imperativo-legal-en-valladolid?place=42116&amp;date=14-02-2025&amp;time=20:30&amp;showId=77934\" target=\"_blank\" rel=\"noopener\">viernes 14 de febrero<\/a>, en Porta Caeli, en pleno 35\u00ba aniversario, llega otra de ellas).<\/p>\n<p>Social24Horas conversa con Nacho Vicente (bajo y voz) sobre la leyenda y la rabiosa actualidad de Imperativo Legal. Compa\u00f1eros de viaje para muchas vallisoletanas y vallisoletanos. Treinta y cinco a\u00f1os y un d\u00eda: el del pr\u00f3ximo ensayo. Siempre.<\/p>\n<p><strong>PREGUNTA. Repasemos los or\u00edgenes de Imperativo Legal, a finales de los ochenta en el barrio de Pajarillos.<\/strong><\/p>\n<p>RESPUESTA (NACHO VICENTE). Yo, antes de Imperativo, empec\u00e9 una banda que se llamaba Metralla. Ensay\u00e1bamos all\u00ed mismo en Pajarillos. Gente de nuestro entorno, entre ellos mi hermano, Chema, junt\u00f3 a otra gente y se pusieron a ensayar con nosotros, en el mismo sitio, un a\u00f1o y pico despu\u00e9s que nosotros, en El Bosco. Yo, cuando empec\u00e9 con Metralla (cantante, bajista y compositor), en el 88, ten\u00eda quince a\u00f1os. Aquel a\u00f1o ya hicimos alg\u00fan concierto.<\/p>\n<p><strong>P. \u00bfCon quince a\u00f1os?<\/strong><\/p>\n<p>R. Con quince a\u00f1os. Toc\u00e1bamos por ah\u00ed en bares de Valladolid. Entonces era otro rollo. Y justo cuando empieza Imperativo, a principios del 90, yo, que estaba muy metido en la onda, aunque era un cr\u00edo, ensayaba siempre con ellos, hac\u00eda coros, tocaba cuando uno no estaba y tal, pero en la formaci\u00f3n original yo no estaba. Hab\u00eda gente m\u00e1s mayor, alguno era diez a\u00f1os mayor que yo. Fueron los primeros que lo dejaron. Como las dos bandas toc\u00e1bamos mucho, yo intentaba siempre coordinarme para estar tanto en mis conciertos como en los suyos. Siempre \u00edbamos dos o tres colegas como coristas, porque el rollo de Imperativo era m\u00e1s festivo. Y, bueno, pues pr\u00e1cticamente desde el principio.<\/p>\n<p><strong>P. Ahora da la impresi\u00f3n de que os sent\u00eds bien con el traje de banda de culto.<\/strong><\/p>\n<p>R. Bueno, vamos a ver, no te creas. Ni pensamos en ning\u00fan momento que nos tenga nadie que tener ning\u00fan respeto ni entregarnos las llaves de la ciudad ni nada. Somos una banda que siempre nos ha gustado estar ah\u00ed. Hemos tenido momentos en los que pr\u00e1cticamente ha habido una ruptura, porque cada uno est\u00e1bamos en una guerra laboral, ya no era sostenible verse para ensayar. A nosotros lo que nos gustaba era ensayar y salir a tocar. Yo, por ejemplo, adem\u00e1s de Metralla he creado Baikal, despu\u00e9s Club Negro&#8230;., he puesto en marcha como cinco o seis bandas, siempre me ha gustado crear proyectos. El resto de Imperativo pr\u00e1cticamente solo ha estado en Imperativo, quitando a uno de los guitarras, Jes\u00fas \u00c1ngel, que me lo llev\u00e9 conmigo a Club Negro. Imperativo siempre sigui\u00f3 en la misma l\u00ednea, con los mismos procesos de composici\u00f3n: Chema era el principal compositor, y luego remat\u00e1bamos los temas en el local.<\/p>\n<p><strong>P. \u00bfHa habido alguna opci\u00f3n real de pensar en un cuarto disco?<\/strong><\/p>\n<p>R. S\u00ed, s\u00ed, s\u00ed. Lo hemos pensado varias. \u00bfQu\u00e9 pasa? Que nos vemos tan poco que el tema de meterse en labores compositivas&#8230; De hecho yo ten\u00eda temas m\u00edos, de otros grupos, que pens\u00e9 en meterlos en Imperativo, pero luego no me cuadraban mucho. Y empec\u00e9 a escribir algunos, y Miguel, el guitarrista, tambi\u00e9n. Nos planteamos sacar un cuarto disco donde se remasterizaran algunas de las canciones de los otros discos y se metieran unas cuantas nuevas que hab\u00edamos empezado, pero nunca llegamos a rematarlas. Ahora retomar temas que hace tres a\u00f1os que no tocamos, nos cuesta un triunfo, porque a todas los queremos dar una vuelta. Al final te tiras horas&#8230; Y horas son un ensayo, y hay \u00e9pocas que ensayamos una sola vez al mes.<\/p>\n<p><strong>P. No hay tiempo para dar muchas vueltas a mucha cosa.<\/strong><\/p>\n<p>R. Exactamente. Todos estos regresos de la banda pr\u00e1cticamente los he capitaneado yo, que soy el m\u00e1s guindilla de todos.<\/p>\n<p><strong>P. Eres el pesado que llama por tel\u00e9fono a todos.<\/strong><\/p>\n<p>R. Exactamente. Venga, chicos, venga, vamos a hacer tal&#8230; Iba buscando fechas interesantes. Por ejemplo, el cincuenta aniversario de alg\u00fan colega \u00edntimo. Venga, va, pues hay que hacerlo. Cualquier cosa de estas que hiciera que tuvi\u00e9ramos que seguir ensayando. En pandemia grabamos dos canciones que las produje yo en el ordenador de casa, mand\u00e1ndonos las pistas por separado. Y luego pues, bueno, cosas como La Molinera, la van a cerrar, vamos para all\u00e1, siempre hemos tenido un car\u00e1cter bastante combativo, muy de barrio. Ahora estamos un poco lejos del barrio la mayor\u00eda pero mantenemos el esp\u00edritu.<\/p>\n<p><strong>P. Hablando de esp\u00edritu: de aquel Valladolid de finales de los ochenta y principio de los noventa, \u00bfqu\u00e9 queda? \u00bfQu\u00e9 queda de aquella ciudad del Kaos, el Barmacia y el Trastero?<\/strong><\/p>\n<p>R. Uf, pues queda muy poco, pr\u00e1cticamente nada. La pol\u00edtica de esta ciudad (Valladolid), los pol\u00edticos, siempre han ido barriendo todo lo que hab\u00eda un poco combativo y contestatario, cambi\u00e1ndolo por garitos pijos. No queda casi nada. Lo que s\u00ed que queda es el esp\u00edritu de la m\u00fasica. La gente joven, incluso m\u00e1s que antes, tiene mucha inquietud por la m\u00fasica. Yo veo grupos ahora de chavales que tienen un nivel\u00f3n&#8230; Tambi\u00e9n es cierto que tienen m\u00e1s facilidad, m\u00e1s acceso, ahora con las redes sociales, la econom\u00eda tambi\u00e9n est\u00e1 m\u00e1s boyante. Antes no ten\u00edamos un duro.<\/p>\n<p><strong>P. \u00c9pocas muy diferentes.<\/strong><\/p>\n<p>R. Imag\u00ednate yo con quince a\u00f1os. No era muy bueno en los estudios y me compr\u00e9 mi primer bajo y mi primera guitarra por medio de un colega que conoc\u00eda, y lo ten\u00eda todo escondido porque no le pod\u00eda decir a mi padre que me lo hab\u00eda comprado. Ensay\u00e1bamos a escondidas.<\/p>\n<p><strong>P. \u00bfY d\u00f3nde lo ten\u00edas escondido todo eso?<\/strong><\/p>\n<p>R. Pues una de mis abuelas era mi confidente. As\u00ed era.<\/p>\n<p><strong>P. \u00bfEstaba todo oculto en el barrio o fuera del barrio?<\/strong><\/p>\n<p>R. En el barrio, en el barrio. Eso era un puntazo. Y el d\u00eda que lo descubri\u00f3 mi madre, claro, flip\u00e1ndolo&#8230; Tremendo, es cierto que queda el esp\u00edritu de la gente joven. De todo lo dem\u00e1s, pr\u00e1cticamente nada. Antes era todo mucho m\u00e1s cutre. Mis padres no iban a vernos, y, joder, yo lo agradec\u00eda, porque \u00e9ramos una cuadrilla de punkis. S\u00e9 que en el fondo ah\u00ed estaban para apoyarnos, pero no iban a vernos.<\/p>\n<figure id=\"attachment_44366\" aria-describedby=\"caption-attachment-44366\" style=\"width: 1024px\" class=\"wp-caption alignnone\"><img data-dominant-color=\"564b46\" data-has-transparency=\"false\" style=\"--dominant-color: #564b46;\" loading=\"lazy\" loading=\"lazy\" decoding=\"async\" class=\"size-large wp-image-44366 not-transparent\" src=\"https:\/\/social24horas.com\/contenidos\/uploads\/2025\/02\/Imperativo-Legal2-1024x681.avif\" alt=\"Imperativo Legal dej\u00f3 tres discos hist\u00f3ricos: &quot;De barrio&quot; (1992), &quot;Se nos va la olla&quot; (1995) y &quot;A veces por supuesto usted sonr\u00ede&quot; (2000). Foto: Izan Burgos\" width=\"1024\" height=\"681\" \/><figcaption id=\"caption-attachment-44366\" class=\"wp-caption-text\">Imperativo Legal dej\u00f3 tres discos hist\u00f3ricos: &#8220;De barrio&#8221; (1992), &#8220;Se nos va la olla&#8221; (1995) y &#8220;A veces por supuesto usted sonr\u00ede&#8221; (2000). Foto: Izan Burgos<\/figcaption><\/figure>\n<p><strong>P. Los que s\u00ed que iban, van y seguir\u00e1n yendo a los conciertos es una peque\u00f1a legi\u00f3n de fans que ni os olvida ni os abandona. \u00bfQu\u00e9 sent\u00eds al verlos ah\u00ed delante del escenario?<\/strong><\/p>\n<p>R. Pues, hombre, respiras. Piensas que, mira, todav\u00eda estamos aqu\u00ed. La gran mayor\u00eda son gente que conocemos, que son amigos, o que han sido amigos durante muchos a\u00f1os y ahora algunos viven fuera y cuando haces alg\u00fan concierto, vuelven. O vuelves a encontrarte con gente que hac\u00eda un mont\u00f3n que no ve\u00edas. Nos da mucha alegr\u00eda saber que a\u00fan hay gente que sigue estando ah\u00ed, que sigue sabi\u00e9ndose las canciones, que las sigue cantando treinta y cinco a\u00f1os despu\u00e9s. Que ya es la leche. Piensas que no somos tan viejos. Da esa sensaci\u00f3n aunque han pasado mil a\u00f1os.<\/p>\n<p><strong>P. Est\u00e1is a tiempo de ser la gran promesa del rock vallisoletano.<\/strong><\/p>\n<p>R. Ya te digo. Madre m\u00eda&#8230;<\/p>\n<p><strong>P. \u00bfSe puede decir entonces que habr\u00e1 m\u00e1s conciertos este a\u00f1o?<\/strong><\/p>\n<p>R. La idea es esa, pero no se puede prometer nada porque no somos tan constantes. Ahora mismo tenemos todos proyectos individuales, de trabajo y de familia, que nos ocupan mucho tiempo. Yo, que estoy tirando m\u00e1s del carro, ir\u00e9 proponiendo, y seg\u00fan como pinte&#8230; Lo mismo es en verano y me dice alguno \u201colv\u00eddate de m\u00ed\u201d. \u00a1Lo del julio pasado en El Milanito cost\u00f3! Nos insistieron y nos insistieron, y lo planteamos para que ninguno se fuera de vacaciones.<\/p>\n<p><strong>P. O sea que os pueden invitar a alg\u00fan concierto y que no acept\u00e9is porque a alguno le viene mal.<\/strong><\/p>\n<p>R. Exactamente. S\u00ed, adem\u00e1s nuestra pol\u00edtica es as\u00ed. Si a uno no le viene bien, o no puede por lo que sea, no hay concierto. Por eso siempre digo que hacemos dos, o tres, o cuatro como m\u00e1ximo al a\u00f1o.<\/p>\n<p><strong>P. Treinta y cinco a\u00f1os de carrera. De todo lo que hab\u00e9is hecho musicalmente, \u00bfqu\u00e9 es lo que os hace sentir m\u00e1s orgullosos? \u00bfCu\u00e1l es el mayor legado de Imperativo Legal?<\/strong><\/p>\n<p>R. Pues, hombre, yo creo que hemos conseguido a lo largo de estas m\u00e1s de tres d\u00e9cadas tener canciones que no han envejecido, que las seguimos tocando con orgullo, no nos da verg\u00fcenza. A m\u00ed me pasa con otros temas de mis otros grupos, me digo estas canciones no las cantar\u00eda ni de co\u00f1a. Creo que eso nos enorgullece a todos.<\/p>\n<p>&nbsp;<\/p>\n<p><strong>V\u00edctor David L\u00f3pez<\/strong><\/p>\n","protected":false},"excerpt":{"rendered":"<p>Mil novecientos noventa par\u00eda una banda en Pajarillos que hizo ruido todo lo que quiso y m\u00e1s en unos a\u00f1os deslenguados e imborrables. Una banda que adoraba poner patas arriba la playa de Las Moreras y que una noche llen\u00f3 la plaza Mayor, pero que ahora (aunque resiste) necesita plantearse los conciertos con tiempo y [&hellip;]<\/p>\n","protected":false},"author":19,"featured_media":44364,"comment_status":"open","ping_status":"open","sticky":false,"template":"","format":"standard","meta":{"_acf_changed":false,"footnotes":""},"categories":[702,697],"tags":[1369,1370,1364,1365,1368,1325,1366,1367],"ppma_author":[705],"class_list":{"0":"post-44363","1":"post","2":"type-post","3":"status-publish","4":"format-standard","5":"has-post-thumbnail","7":"category-ocio-y-cultura-valladolid","8":"category-valladolid","9":"tag-alto-forastero","10":"tag-el-perico","11":"tag-imperativo-legal","12":"tag-imperativo-valladolid","13":"tag-nacho-vicente","14":"tag-porta-caeli","15":"tag-rock-pucelano","16":"tag-rock-vallisoletano"},"acf":[],"authors":[{"term_id":705,"user_id":19,"is_guest":0,"slug":"redaccionvalladolid","display_name":"Redacci\u00f3n Valladolid","avatar_url":{"url":"https:\/\/social24horas.com\/contenidos\/uploads\/2024\/02\/redaccion-logo.webp","url2x":"https:\/\/social24horas.com\/contenidos\/uploads\/2024\/02\/redaccion-logo.webp"},"first_name":"","user_url":"","last_name":"","job_title":"","description":""}],"_links":{"self":[{"href":"https:\/\/social24horas.com\/api\/wp\/v2\/posts\/44363","targetHints":{"allow":["GET"]}}],"collection":[{"href":"https:\/\/social24horas.com\/api\/wp\/v2\/posts"}],"about":[{"href":"https:\/\/social24horas.com\/api\/wp\/v2\/types\/post"}],"author":[{"embeddable":true,"href":"https:\/\/social24horas.com\/api\/wp\/v2\/users\/19"}],"replies":[{"embeddable":true,"href":"https:\/\/social24horas.com\/api\/wp\/v2\/comments?post=44363"}],"version-history":[{"count":5,"href":"https:\/\/social24horas.com\/api\/wp\/v2\/posts\/44363\/revisions"}],"predecessor-version":[{"id":44370,"href":"https:\/\/social24horas.com\/api\/wp\/v2\/posts\/44363\/revisions\/44370"}],"wp:featuredmedia":[{"embeddable":true,"href":"https:\/\/social24horas.com\/api\/wp\/v2\/media\/44364"}],"wp:attachment":[{"href":"https:\/\/social24horas.com\/api\/wp\/v2\/media?parent=44363"}],"wp:term":[{"taxonomy":"category","embeddable":true,"href":"https:\/\/social24horas.com\/api\/wp\/v2\/categories?post=44363"},{"taxonomy":"post_tag","embeddable":true,"href":"https:\/\/social24horas.com\/api\/wp\/v2\/tags?post=44363"},{"taxonomy":"author","embeddable":true,"href":"https:\/\/social24horas.com\/api\/wp\/v2\/ppma_author?post=44363"}],"curies":[{"name":"wp","href":"https:\/\/api.w.org\/{rel}","templated":true}]}}