{"id":44350,"date":"2025-02-05T18:56:38","date_gmt":"2025-02-05T17:56:38","guid":{"rendered":"https:\/\/social24horas.com\/?p=44350"},"modified":"2025-02-05T18:56:38","modified_gmt":"2025-02-05T17:56:38","slug":"el-proyecto-barrios-solidarios-estrena-canal-para-la-insercion-laboral-resolucion-de-tramites-y-solicitudes-de-ayudas","status":"publish","type":"post","link":"https:\/\/social24horas.com\/el-proyecto-barrios-solidarios-estrena-canal-para-la-insercion-laboral-resolucion-de-tramites-y-solicitudes-de-ayudas\/","title":{"rendered":"El proyecto &#8220;Barrios solidarios&#8221; estrena canal para la inserci\u00f3n laboral, resoluci\u00f3n de tr\u00e1mites y solicitudes de ayudas"},"content":{"rendered":"<p>La Federaci\u00f3n Vecinal Antonio Machado acaba de estrenar el canal de WhatsApp &#8220;Barrios solidarios- Valladolid&#8221; para informar de ofertas de empleo y otros temas relacionados con la inserci\u00f3n laboral, ayudas y tr\u00e1mites diversos.<\/p>\n<p>El canal est\u00e1 incluido en el programa &#8220;Barrios solidarios&#8221;, lanzado por la Confederaci\u00f3n de Asociaciones Vecinales de Castilla y Le\u00f3n (CAVECAL) y desarrollado junto a las Federaciones Vecinales de \u00c1vila, Bierzo y Salamanca, que est\u00e1 vigente desde el final de la pandemia del Covid-19, con subvenciones del Servicio P\u00fablico de Empleo de Castilla y Le\u00f3n.<\/p>\n<p>Para registrarse en el canal de Whatsapp, los usuarios simplemente tienen que acceder a <a href=\"https:\/\/whatsapp.com\/channel\/0029VazAEZ85q08Xlc629n1G\" target=\"_blank\" rel=\"noopener\">ESTE ENLACE<\/a>. Actualmente, entre las informaciones publicadas aparecen ofertas de empleo para agentes comerciales, soldadores, conductores de camiones y remolques, peones de la industria metal\u00fargica y cuidadores de personas con discapacidad y\/o dependencia, entre otras; cursos gratuitos de 490 horas de &#8220;Asistencia a producci\u00f3n cinematogr\u00e1fica&#8221;, dirigido prioritariamente a desempleados, y asesoramiento para solicitud de subsidio por desempleo para mayores de 52 a\u00f1os.<\/p>\n<p>Los contenidos publicados en el canal proceden en su mayor\u00eda del Servicio P\u00fablico de Empleo de Castilla y Le\u00f3n, del Servicio P\u00fablico de Empleo Estatal (SEPE) o de instituciones dedicadas a la formaci\u00f3n. La herramienta funciona, de este modo, como tabl\u00f3n de anuncios virtual directamente en esta aplicaci\u00f3n de mensajer\u00eda instant\u00e1nea, por lo cual agiliza las comunicaciones con los interesados.<\/p>\n<p>La piedra angular del programa &#8220;Barrios solidarios&#8221; es la \u201cOficina de Derechos Sociales\u201d, en la que los vecinos recibir\u00e1n la ayuda y el asesoramiento necesario en sus tr\u00e1mites con la Administraci\u00f3n, e informaci\u00f3n sobre los distintos recursos existentes, muchas veces desconocidos por gran parte de la ciudadan\u00eda.<\/p>\n<p>En su lucha por prevenir y combatir las situaciones de exclusi\u00f3n, &#8220;Barrios solidarios&#8221; parte de una estructura flexible e innovadora con el objetivo de adaptarse a las distintas realidades de las ciudades y barrios en los que se desarrolla, englobando y dando soporte a distintas iniciativas en las que vienen trabajando exitosamente las distintas federaciones vecinales colaboradoras, como el programa de acompa\u00f1amiento a personas mayores \u201cBuena vecindad\u201d en Valladolid o el de atenci\u00f3n integral al colectivo gitano en Salamanca.<\/p>\n","protected":false},"excerpt":{"rendered":"<p>La Federaci\u00f3n Vecinal Antonio Machado acaba de estrenar el canal de WhatsApp &#8220;Barrios solidarios- Valladolid&#8221; para informar de ofertas de empleo y otros temas relacionados con la inserci\u00f3n laboral, ayudas y tr\u00e1mites diversos. El canal est\u00e1 incluido en el programa &#8220;Barrios solidarios&#8221;, lanzado por la Confederaci\u00f3n de Asociaciones Vecinales de Castilla y Le\u00f3n (CAVECAL) y [&hellip;]<\/p>\n","protected":false},"author":19,"featured_media":44351,"comment_status":"open","ping_status":"open","sticky":false,"template":"","format":"standard","meta":{"_acf_changed":false,"footnotes":""},"categories":[698,699,697],"tags":[1355,1347,1351,1354,1352,1350,1346,1348,1353,1349],"ppma_author":[705],"class_list":{"0":"post-44350","1":"post","2":"type-post","3":"status-publish","4":"format-standard","5":"has-post-thumbnail","7":"category-asociaciones-valladolid","8":"category-bienestar-social-valladolid","9":"category-valladolid","10":"tag-barrios-solidarios","11":"tag-cavecal","12":"tag-cursos-valladolid","13":"tag-desempleados-valladolid","14":"tag-desempleo-valladolid","15":"tag-empleo-valladolid","16":"tag-federaciones-vecinales","17":"tag-insercion-laboral","18":"tag-parados-valladolid","19":"tag-reinsercion-laboral"},"acf":[],"authors":[{"term_id":705,"user_id":19,"is_guest":0,"slug":"redaccionvalladolid","display_name":"Redacci\u00f3n Valladolid","avatar_url":{"url":"https:\/\/social24horas.com\/contenidos\/uploads\/2024\/02\/redaccion-logo.webp","url2x":"https:\/\/social24horas.com\/contenidos\/uploads\/2024\/02\/redaccion-logo.webp"},"first_name":"","user_url":"","last_name":"","job_title":"","description":""}],"_links":{"self":[{"href":"https:\/\/social24horas.com\/api\/wp\/v2\/posts\/44350","targetHints":{"allow":["GET"]}}],"collection":[{"href":"https:\/\/social24horas.com\/api\/wp\/v2\/posts"}],"about":[{"href":"https:\/\/social24horas.com\/api\/wp\/v2\/types\/post"}],"author":[{"embeddable":true,"href":"https:\/\/social24horas.com\/api\/wp\/v2\/users\/19"}],"replies":[{"embeddable":true,"href":"https:\/\/social24horas.com\/api\/wp\/v2\/comments?post=44350"}],"version-history":[{"count":1,"href":"https:\/\/social24horas.com\/api\/wp\/v2\/posts\/44350\/revisions"}],"predecessor-version":[{"id":44352,"href":"https:\/\/social24horas.com\/api\/wp\/v2\/posts\/44350\/revisions\/44352"}],"wp:featuredmedia":[{"embeddable":true,"href":"https:\/\/social24horas.com\/api\/wp\/v2\/media\/44351"}],"wp:attachment":[{"href":"https:\/\/social24horas.com\/api\/wp\/v2\/media?parent=44350"}],"wp:term":[{"taxonomy":"category","embeddable":true,"href":"https:\/\/social24horas.com\/api\/wp\/v2\/categories?post=44350"},{"taxonomy":"post_tag","embeddable":true,"href":"https:\/\/social24horas.com\/api\/wp\/v2\/tags?post=44350"},{"taxonomy":"author","embeddable":true,"href":"https:\/\/social24horas.com\/api\/wp\/v2\/ppma_author?post=44350"}],"curies":[{"name":"wp","href":"https:\/\/api.w.org\/{rel}","templated":true}]}}