{"id":44336,"date":"2025-01-29T08:21:21","date_gmt":"2025-01-29T07:21:21","guid":{"rendered":"https:\/\/social24horas.com\/?p=44336"},"modified":"2025-02-12T21:20:20","modified_gmt":"2025-02-12T20:20:20","slug":"el-presidente-de-la-diputacion-recibe-al-mejor-equipo-del-mundo-en-exhibicion-de-taekwondo","status":"publish","type":"post","link":"https:\/\/social24horas.com\/el-presidente-de-la-diputacion-recibe-al-mejor-equipo-del-mundo-en-exhibicion-de-taekwondo\/","title":{"rendered":"El presidente de la Diputaci\u00f3n recibe al mejor equipo del mundo en exhibici\u00f3n de taekwondo"},"content":{"rendered":"<div class=\"v1gmail_default\">El presidente de la Diputaci\u00f3n de Segovia, Miguel \u00c1ngel de Vicente, ha recibido en el patio de columnas del Palacio Provincial a los alrededor de cien integrantes del Korea&#8217;s Youth Taekwondo Demonstration Team, el mejor equipo del mundo en exhibici\u00f3n de esa arte marcial coreana. Ungrupo que aborda su gira europea 2025 y que ha recalado en el territorio segoviano. De Vicente ha entregado al equipo unos perfiles con el skyline de &#8216;Nuestros Pueblos, Nuestra Fortaleza&#8217; y material promocional de Turismo de la Provincia de Segovia,\u00a0en un acto en el que ha estado acompa\u00f1ado por el diputado de Deportes, \u00d3scar Moral, y por la alcaldesa de Cantalejo, Ana Rosa Zamarro.<\/div>\n<div><\/div>\n<div class=\"v1gmail_default\">Tambi\u00e9n ha estado presente Juan Alberto G\u00f3mez Calvo, maestro y director del gimnasio briquero Jansu Gym. Por su parte, los maestros de la delegaci\u00f3n coreana han entregado a los representantes de la Diputaci\u00f3n una placa conmemorativa de su paso por Segovia en la gira europea.<\/div>\n<div><\/div>\n<div class=\"v1gmail_default\"><b><i><img data-dominant-color=\"534c46\" data-has-transparency=\"false\" style=\"--dominant-color: #534c46;\" loading=\"lazy\" loading=\"lazy\" decoding=\"async\" class=\"aligncenter size-full wp-image-44339 not-transparent\" src=\"https:\/\/social24horas.com\/contenidos\/uploads\/2025\/01\/20250128-Recepcion-Taekwondo-Corea-del-Sur-12-scaled.avif\" alt=\"\" width=\"2560\" height=\"1702\" \/><\/i><\/b><\/div>\n<div><\/div>\n<div class=\"v1gmail_default\">En sus palabras, De Vicente ha hecho hincapi\u00e9 en &#8220;el compromiso de Cantalejo con el taekwondo y las artes marciales y la importancia de visibilizarlo&#8221;. En esa l\u00ednea, ha valorado la labor de Jansu Gym, &#8220;posibilitando que esta pr\u00e1ctica est\u00e9 interiorizada en el crecimiento de cualquier chaval de la localidad e integrada en su etapa formativa&#8221;. A\u00a0las 20:00 horas de este martes el equipo coreano tiene una cita en el polideportivo cubierto &#8216;Las Adoberas&#8217;, en Cantalejo, con entrada gratuita.\u00a0Est\u00e1 previsto que en esa exhibici\u00f3n en la localidad briquera lleven a cabo diversas demostraciones del manejo de armas tradicionales coreanas, t\u00e9cnicas de defensa personal y rompimientos a m\u00e1s de tres metros de altura, entre otras.<\/div>\n<div><\/div>\n<div><img data-dominant-color=\"605953\" data-has-transparency=\"false\" style=\"--dominant-color: #605953;\" loading=\"lazy\" loading=\"lazy\" decoding=\"async\" class=\"aligncenter size-full wp-image-44340 not-transparent\" src=\"https:\/\/social24horas.com\/contenidos\/uploads\/2025\/01\/20250128-Recepcion-Taekwondo-Corea-del-Sur-25-1-scaled.avif\" alt=\"\" width=\"2560\" height=\"1702\" \/><\/div>\n","protected":false},"excerpt":{"rendered":"<p>El presidente de la Diputaci\u00f3n de Segovia, Miguel \u00c1ngel de Vicente, ha recibido en el patio de columnas del Palacio Provincial a los alrededor de cien integrantes del Korea&#8217;s Youth Taekwondo Demonstration Team, el mejor equipo del mundo en exhibici\u00f3n de esa arte marcial coreana. Ungrupo que aborda su gira europea 2025 y que ha [&hellip;]<\/p>\n","protected":false},"author":18,"featured_media":44337,"comment_status":"open","ping_status":"open","sticky":false,"template":"","format":"standard","meta":{"_acf_changed":false,"footnotes":""},"categories":[385],"tags":[1345,1068],"ppma_author":[394],"class_list":{"0":"post-44336","1":"post","2":"type-post","3":"status-publish","4":"format-standard","5":"has-post-thumbnail","7":"category-segovia","8":"tag-cantalejo","9":"tag-taekwondo"},"acf":[],"authors":[{"term_id":394,"user_id":18,"is_guest":0,"slug":"redaccionsegovia","display_name":"Redacci\u00f3n Segovia","avatar_url":{"url":"https:\/\/social24horas.com\/contenidos\/uploads\/2024\/02\/redaccion-logo.webp","url2x":"https:\/\/social24horas.com\/contenidos\/uploads\/2024\/02\/redaccion-logo.webp"},"first_name":"","user_url":"","last_name":"","job_title":"","description":""}],"_links":{"self":[{"href":"https:\/\/social24horas.com\/api\/wp\/v2\/posts\/44336","targetHints":{"allow":["GET"]}}],"collection":[{"href":"https:\/\/social24horas.com\/api\/wp\/v2\/posts"}],"about":[{"href":"https:\/\/social24horas.com\/api\/wp\/v2\/types\/post"}],"author":[{"embeddable":true,"href":"https:\/\/social24horas.com\/api\/wp\/v2\/users\/18"}],"replies":[{"embeddable":true,"href":"https:\/\/social24horas.com\/api\/wp\/v2\/comments?post=44336"}],"version-history":[{"count":3,"href":"https:\/\/social24horas.com\/api\/wp\/v2\/posts\/44336\/revisions"}],"predecessor-version":[{"id":44384,"href":"https:\/\/social24horas.com\/api\/wp\/v2\/posts\/44336\/revisions\/44384"}],"wp:featuredmedia":[{"embeddable":true,"href":"https:\/\/social24horas.com\/api\/wp\/v2\/media\/44337"}],"wp:attachment":[{"href":"https:\/\/social24horas.com\/api\/wp\/v2\/media?parent=44336"}],"wp:term":[{"taxonomy":"category","embeddable":true,"href":"https:\/\/social24horas.com\/api\/wp\/v2\/categories?post=44336"},{"taxonomy":"post_tag","embeddable":true,"href":"https:\/\/social24horas.com\/api\/wp\/v2\/tags?post=44336"},{"taxonomy":"author","embeddable":true,"href":"https:\/\/social24horas.com\/api\/wp\/v2\/ppma_author?post=44336"}],"curies":[{"name":"wp","href":"https:\/\/api.w.org\/{rel}","templated":true}]}}