{"id":44297,"date":"2025-01-21T20:36:32","date_gmt":"2025-01-21T19:36:32","guid":{"rendered":"https:\/\/social24horas.com\/?p=44297"},"modified":"2025-01-28T22:33:19","modified_gmt":"2025-01-28T21:33:19","slug":"alcala-norte-aqui-y-ahora-quieras-o-no-ahora-somos-empresarios","status":"publish","type":"post","link":"https:\/\/social24horas.com\/alcala-norte-aqui-y-ahora-quieras-o-no-ahora-somos-empresarios\/","title":{"rendered":"Alcal\u00e1 Norte, el list\u00f3n est\u00e1 alto: \u201cQuieras o no, ahora somos empresarios\u201d"},"content":{"rendered":"<p>Cuando el petardazo que se esperaba con ansia desde el madrile\u00f1o barrio de Ciudad Lineal estall\u00f3 hace unos meses, dando todo un revolc\u00f3n al panorama musical independiente espa\u00f1ol, al primero al que la p\u00f3lvora le cubri\u00f3 la cara fue a \u00c1lvaro Rivas, vocalista y compositor de Alcal\u00e1 Norte. Nadie tiene la cabeza y el ap\u00e9ndice preparados para un giro tan brusco de guion.<\/p>\n<p>Rivas, junto a Jaime Barbosa, Juan Pablo Juli\u00e0, Pablo Prieto, Laura de Diego y Carlos \u201cDr. Rock\u201d El\u00edas visitan Valladolid este s\u00e1bado 25 para llenar la sala Porta Caeli con un \u00fanico trabajo bajo el brazo, su disco hom\u00f3nimo, <em>Alcal\u00e1 Norte<\/em> (Balaunka, 2024). Ese en el que nos hablan de <em>La vida ca\u00f1\u00f3n<\/em>, de <em>La sangre del pobre<\/em>, de Goebbels y de Stalin. Ese en el que, tirando de lo retro, predicen el futuro del rock (o algo as\u00ed) patrio.<\/p>\n<p><strong>PREGUNTA. \u00bfC\u00f3mo se hace uno de los mejores discos del a\u00f1o encerrados en una habitaci\u00f3n de un piso?<\/strong><\/p>\n<p><strong>RESPUESTA (\u00c1LVARO RIVAS)<\/strong>. A ver, tiene trampa porque la habitaci\u00f3n era de Carlos, Dr. Rock, nuestro guitarrista, que antes de guitarrista era nuestro productor, y \u00e9l es un pedazo de friki de instrumentos y de elementos que sirven para la producci\u00f3n. Su socio le dej\u00f3 instalado el Reaper, y \u00e9l tiene en su casa un mont\u00f3n de preamplificadores, bajos, guitarras, micros buenos: lo que tiene en su cuarto es pr\u00e1cticamente un estudio profesional. Sigue siendo un cuarto, pero un cuarto muy bien equipado. Y luego, como decidimos hacer las bateras programadas para ahorrarnos pasta de grabaci\u00f3n, directamente todo lo pod\u00edamos hacer all\u00ed, incluso las voces. La mitad de las canciones est\u00e1n cantadas en ese cuarto.<\/p>\n<p><strong>P. Y cuando os metisteis en ese cuarto, \u00bfqu\u00e9 quedaba de aquel grupo de la \u00e9poca de las maquetas de <em>Dr. Kozhev<\/em> y <em>Barbacoa en el cementerio<\/em>?<\/strong><\/p>\n<p>R. Todo pr\u00e1cticamente, porque algunas de las canciones del disco, \u201cLangemarck\u201d, \u201cEl guerrero marroqu\u00ed\u201d, \u201cWestminster\u201d, las tocamos en nuestro segundo concierto, y estoy seguro de que alguna de esas tres en nuestro primer concierto, un mes antes, tambi\u00e9n las tocamos. Ten\u00edamos el mismo esp\u00edritu. De hecho, cuando nos metimos all\u00ed a grabar ten\u00edamos el mismo poco talento que al principio. El Dr. Rock tuvo que grabar pr\u00e1cticamente todo el disco porque nadie m\u00e1s sab\u00eda hacerlo. Una vez ten\u00edamos grabado el disco, nos rodeamos de buenos ejecutantes para el resto de instrumentos. Cuando nos metimos a grabar \u00e9ramos una banda desastrosa, pr\u00e1cticamente en el mismo estado en el que est\u00e1bamos cuando empezamos, solo que con miembros distintos.<\/p>\n<p><strong>P. Sabemos que quer\u00e9is rodar por salas peque\u00f1as y medianas, para no saltaros ning\u00fan paso con este primer disco. La gira de conciertos es exhaustiva, y eso tambi\u00e9n est\u00e1 suponiendo un cambio intenso en vuestras vidas. \u00bfC\u00f3mo lo gestion\u00e1is f\u00edsica y mentalmente?<\/strong><\/p>\n<p>R. El ritmo al que hemos decidido someternos desde luego ha hecho incompatible tener otro trabajo, eso es as\u00ed. La primera soluci\u00f3n de conciliaci\u00f3n ha sido directamente dejar de lado otros proyectos, porque, si no, ni el cuerpo ni el cerebro nos iban a funcionar. A m\u00ed me ha petado el ap\u00e9ndice a mitad de gira, pero no creo que sea por la intensidad de la gira, de hecho cuando me pet\u00f3 ya llevaba un mes y medio sin trabajar en mi curro previo, y eso hab\u00eda coincidido con la \u00e9poca de mi vida en la que mejor estaba durmiendo y m\u00e1s deporte pod\u00eda hacer. Es verdad que de gira no duermes del todo bien y no se come del todo bien, aunque puedes m\u00e1s o menos defenderte.<\/p>\n<p><strong>P. Para comprender bien los tiempos de Alcal\u00e1 Norte, vamos a hablar de pasado, presente y futuro. \u00bfC\u00f3mo resumir\u00edas vuestro pasado como grupo?<\/strong><\/p>\n<p>R. Nosotros estuvimos tres a\u00f1os siendo una banda ya privilegiada en Madrid, porque, por lo que sea, desde que nos juntamos e hicimos nuestras primeras canciones y conciertos despertamos un cierto inter\u00e9s entre la pe\u00f1a que se mueve en este circuito de banditas indies. Ven\u00edamos un poco de esa ola pospunk de la salida de la pandemia, pero en general la movida guitarrera de Madrid nos acogi\u00f3 con cari\u00f1o y expectaci\u00f3n. Eso facilita las cosas, porque sabes que no te tienes que preocupar por llenar la salita en la que vas a tocar, aunque sean ciento cincuenta o doscientas personas. As\u00ed nos pasamos tres a\u00f1os, con muchos desencuentros humanos con los distintos miembros que iban entrando en el proyecto. Adem\u00e1s, uno de los fundadores de la banda, despu\u00e9s de los primeros dos conciertos, se fue a vivir a Suecia, a doctorarse. Lleg\u00f3 un momento en el que nos cansamos de ser una banda maquetera, y nos cruzamos con el Dr. Rock, que nos dijo que lo que ten\u00edamos que hacer para pasar al siguiente nivel era sencillamente grabar nuestro repertorio, porque era muy bueno, y publicarlo en disco. Eso hicimos, y el resto de la historia es p\u00fablica.<\/p>\n<p><strong>P. Y el presente, \u00bfc\u00f3mo lo definir\u00edas? \u00bfQu\u00e9 sensaciones te vienen a la cabeza?<\/strong><\/p>\n<p>R. Profesionalizaci\u00f3n, en todos los aspectos. Quieras o no, ahora somos empresarios. Tenemos que cuidar de nuestro futuro haciendo lo m\u00e1s valioso para nuestra empresa, que son nuevas canciones, y tom\u00e1ndonos muy en serio nuestro directo, tratando de que est\u00e9 lo m\u00e1s ajustado posible. \u00bfQu\u00e9 es nuestro presente ahora? Terminar esta gira por salas, y se nos viene una primavera intensa para ajustar nuestro directo al formato festivales, mientras sacamos huecos para componer el segundo disco.<\/p>\n<p><strong>P. Aqu\u00ed lleg\u00f3 el futuro. \u00bfYa os hab\u00e9is topado con la presi\u00f3n de a ver c\u00f3mo nos las apa\u00f1amos para que el segundo disco est\u00e9 a la altura?<\/strong><\/p>\n<p>R. S\u00ed. Como yo escribo las letras y pongo las melod\u00edas de voz, siento que depende bastante de m\u00ed. Por m\u00e1s que los compis puedan ayudarme pas\u00e1ndome un riff de guitarra, una melod\u00eda de teclado o proponiendo una armon\u00eda, depende de que yo me active. Me estaba costando, pero con mi periodo de descanso hospitalario he logrado reconectar con esas fuentes de inspiraci\u00f3n, y estoy contento con las cosas que van saliendo. Son canciones que est\u00e1n guapas y hay alguna que hasta me parece que es la t\u00edpica que te la colocan de <em>single<\/em> y funciona bien.<\/p>\n<p><strong>P. \u00bfLa presi\u00f3n es tambi\u00e9n discogr\u00e1fica o con el sello Balaunka las cosas son tranquilas?<\/strong><\/p>\n<p>R. Nuestro segundo disco no est\u00e1 firmado con nadie, as\u00ed que Balaunka no tiene por qu\u00e9 ponernos presi\u00f3n. El trato con Balaunka es para el primer disco.<\/p>\n<p><strong>P. Es decir, alguien os dio un muy buen consejo en este aspecto.<\/strong><\/p>\n<p>R. Todo esto viene de nuestro <em>manager<\/em>, Jose, que es el que se ha encargado de que tomemos buenas decisiones. Al principio como consejero externo, y cuando vio que todo nos sal\u00eda mal, pues dijo mira lo voy a hacer yo, y se meti\u00f3 a <em>manager<\/em>.<\/p>\n<p><strong>P. Tambi\u00e9n est\u00e1 la opci\u00f3n de retiraros despu\u00e9s de este disco. Hacer otra banda y sacar otro primer disco, y as\u00ed dejar el primer y \u00fanico disco de Alcal\u00e1 Norte para la posteridad.<\/strong><\/p>\n<p>R. Bueno, a ver, el list\u00f3n est\u00e1 alto. Nuestro disco, m\u00e1s all\u00e1 de ser bueno, que yo creo que es bueno, ha logrado reunir un consenso importante. Seguramente el segundo disco haya mucha gente a la que no le guste sencillamente porque no es el primero, no porque sea mejor o peor.<\/p>\n<p><strong>P. Sin prisas mejor.<\/strong><\/p>\n<p>R. Un poquito de prisa tenemos, porque nos apetece dar saltos de crecimiento, nos apetece engordar nuestro repertorio. Al final, lo que m\u00e1s mola de engordar el repertorio es que la gente se las sepa tambi\u00e9n, y para eso hay que publicarlas. Algo de prisa hay, pero vamos que todo 2025 es para componer, no vamos a publicar nada.<\/p>\n<p><strong>P. Precisamente fue con la publicaci\u00f3n del primer disco cuando lleg\u00f3 un peque\u00f1o susto de ansiedad, a modo de aviso.<\/strong><\/p>\n<p>R. S\u00ed, eso me pas\u00f3 literalmente el mes en el que sacamos el disco. Yo creo que era porque la promoci\u00f3n del \u00e1lbum estaba exigiendo demasiado al coco, y yo me estaba tomando mi otro trabajo muy en serio tambi\u00e9n porque ni de co\u00f1a pensaba que cinco meses despu\u00e9s iba a dejarlo. Entonces, sencillamente tuve m\u00e1s presi\u00f3n que en toda mi vida. Eso quiz\u00e1s me llev\u00f3 a apoyarme m\u00e1s de la cuenta en los canutos. No los dej\u00e9, sencillamente los retir\u00e9 de momentos concretos de mi rutina donde no me hac\u00edan falta. Para darme cuenta de todo eso lo que tuve fue una gran explosi\u00f3n emocional. Ahora visto desde la distancia, me hace gracia, pero en su momento pues&#8230; Por lo menos me sirvi\u00f3 para dormir mejor, entre otras cosas.<\/p>\n<p><strong>P. Volviendo a la composici\u00f3n, no todo el mundo tiene el mismo m\u00e9todo ni las mismas habilidades: hay gente con imaginaci\u00f3n, otros son m\u00e1s currantes, o con muchas referencias culturales, o con buen o\u00eddo, o buena memoria. \u00bfCu\u00e1les son tus trucos?<\/strong><\/p>\n<p>R. Una de las que estamos trabajando ahora, para el segundo disco, me vino bajo los efectos de la anestesia as\u00ed que no puedo explicar muy bien c\u00f3mo la saqu\u00e9, porque la sensaci\u00f3n pr\u00e1cticamente es que no es m\u00eda. En las otras con las que estoy currando, estoy buscando la inspiraci\u00f3n en textos e historias que leo, integramos cosas de fuera de la banda en el imaginario de la banda, convirti\u00e9ndonos en una especie de multirreferencia. As\u00ed funciono. Muchas veces, de un texto lo que saco es una estrofa y me invento el resto. Otras veces escucho al Barbosa decir una cosa graciosa y la apunto y me encaja como verso. En fin, de mil maneras. Lo que m\u00e1s me gusta es cuando me pasa lo de la anestesia, y si viene con melod\u00eda pues mejor a\u00fan.<\/p>\n<figure id=\"attachment_44299\" aria-describedby=\"caption-attachment-44299\" style=\"width: 1024px\" class=\"wp-caption alignnone\"><img data-dominant-color=\"4e4e4e\" data-has-transparency=\"false\" style=\"--dominant-color: #4e4e4e;\" loading=\"lazy\" loading=\"lazy\" decoding=\"async\" class=\"size-large wp-image-44299 not-transparent\" src=\"https:\/\/social24horas.com\/contenidos\/uploads\/2025\/01\/2Alcala-norte_primavera24_pablo-garrido-1024x683.avif\" alt=\"Su disco hom\u00f3nimo, &quot;Alcal\u00e1 Norte&quot; (Balaunka, 2024), lleg\u00f3 tras tres a\u00f1os publicando maquetas que les hab\u00edan convertido en un grupo de culto. Foto: Pablo Garrido\" width=\"1024\" height=\"683\" \/><figcaption id=\"caption-attachment-44299\" class=\"wp-caption-text\">Su disco hom\u00f3nimo, &#8220;Alcal\u00e1 Norte&#8221; (Balaunka, 2024), lleg\u00f3 tras tres a\u00f1os publicando maquetas que los hab\u00edan convertido en un grupo de culto. Foto: Pablo Garrido<\/figcaption><\/figure>\n<p><strong>P. Con vuestra aventura est\u00e1is creando un fen\u00f3meno fan. \u00bfVosotros tambi\u00e9n hab\u00e9is participado alguna vez de alg\u00fan fen\u00f3meno fan? En tu caso concreto, \u00bfa qui\u00e9nes podr\u00edas considerar \u00eddolos?<\/strong><\/p>\n<p>R. Las \u00fanicas dos bandas que yo he ido a otra ciudad a verlas han sido los Stones Roses y The Libertines. Supongo que de esas dos bandas s\u00ed que he sido fan. Me ca\u00edan muy bien los Soulwax, que tambi\u00e9n son los 2manydjs. A ellos tambi\u00e9n les he seguido cuando ten\u00eda diecisiete o dieciocho a\u00f1os, como grupi. M\u00e1s all\u00e1 de ese tr\u00edo, poca cosa.<\/p>\n<p><strong>P. Llev\u00e1is poco tiempo en el negocio de la m\u00fasica, que es una selva. \u00bfOs ha dado tiempo a que os jueguen malas pasadas?<\/strong><\/p>\n<p>R. S\u00ed, s\u00ed, claro. De ah\u00ed nos sac\u00f3 nuestro <em>manager<\/em>. Desde que decidimos que necesit\u00e1bamos ayuda para dar un salto, b\u00e1sicamente grabar un disco y que alguien nos gestionase la carrera desde un \u00e1lbum grabado, contactamos con dos o tres personas, y por lo que sea dijimos que no a una que era bien maja y nos fuimos con otra persona que no era tan maja. Nos embauc\u00f3 no s\u00e9 c\u00f3mo. Las condiciones eran una mierda, el trato era una mierda y las perspectivas eran una puta mierda. La suerte es que no firmamos, en el \u00faltimo momento nos echamos para atr\u00e1s porque nos insisti\u00f3 que flipas el que acab\u00f3 siendo nuestro manager. Puf, ahora respiro aliviado porque si hubi\u00e9ramos firmado ese papel, no habr\u00eda banda ya, ni de co\u00f1a. Sinceramente te lo digo, porque conozco dos o tres proyectos que junto a esa mala persona han fracasado o est\u00e1n en v\u00edas de fracasar.<\/p>\n<p><strong>P. A todas las discogr\u00e1ficas que recibieron el m\u00e1ster de vuestro disco y pasaron de vosotros, \u00bfqu\u00e9 las dir\u00edas?<\/strong><\/p>\n<p>R. Pues que las entiendo. Porque al final, cuando nos salimos de la \u00f3rbita de ese hombre y entr\u00f3 Jose y pudo hacer esa labor de ense\u00f1ar nuestro m\u00e1ster a todas las discogr\u00e1ficas, era ya noviembre o as\u00ed. Y yo s\u00e9 que las discogr\u00e1ficas peque\u00f1as planifican los lanzamientos del a\u00f1o y les es dif\u00edcil de repente meter un lanzamiento m\u00e1s. Y en cuanto a las multinacionales que no apostaron por nosotros, pues tambi\u00e9n las entiendo, porque si son multis es porque apuestan por algo que funciona, y nosotros no funcion\u00e1bamos en noviembre de 2023. \u00bfQu\u00e9 les voy a decir? Pues que nos paguen ahora m\u00e1s pasta.<\/p>\n<p><strong>P. Est\u00e1n a tiempo de subirse al barco en el segundo disco.<\/strong><\/p>\n<p>R. Hombre, pues depende de nuestras expectativas tambi\u00e9n. Espa\u00f1a yo creo que lo manejamos bien, y podemos hacerlo medio autoeditado con nuestros socios de Balaunka, nuestro sello, como hasta ahora, y con el equipo de contrataci\u00f3n de Maunka (empresa hermana de Balaunka) en colaboraci\u00f3n con nuestro <em>manager<\/em>. Si se nos va un poco la olla y nos apetece hacer las Am\u00e9ricas, ah\u00ed imagino que necesitaremos ayuda. Si esa es la situaci\u00f3n, nos reuniremos con esas mismas personas que nos dijeron que no cuando \u00e9ramos una banda debutante y les plantearemos nuestra estrategia y nuestros objetivos. Les diremos d\u00f3nde puedes ayudar t\u00fa en estos puntos. Y si nos se\u00f1alan siete puntos y adem\u00e1s nos convencen con sus t\u00e1cticas para alcanzarlos, pues se llevar\u00e1n nuestro segundo disco.<\/p>\n<p>&nbsp;<\/p>\n<p>V\u00edctor David L\u00f3pez.<\/p>\n","protected":false},"excerpt":{"rendered":"<p>Cuando el petardazo que se esperaba con ansia desde el madrile\u00f1o barrio de Ciudad Lineal estall\u00f3 hace unos meses, dando todo un revolc\u00f3n al panorama musical independiente espa\u00f1ol, al primero al que la p\u00f3lvora le cubri\u00f3 la cara fue a \u00c1lvaro Rivas, vocalista y compositor de Alcal\u00e1 Norte. Nadie tiene la cabeza y el ap\u00e9ndice [&hellip;]<\/p>\n","protected":false},"author":19,"featured_media":44298,"comment_status":"open","ping_status":"open","sticky":false,"template":"","format":"standard","meta":{"_acf_changed":false,"footnotes":""},"categories":[700,1,702],"tags":[1322,1324,1323,1328,1321,1320,1325,1327,1075,1326],"ppma_author":[705],"class_list":{"0":"post-44297","1":"post","2":"type-post","3":"status-publish","4":"format-standard","5":"has-post-thumbnail","7":"category-entrevistas-valladolid","8":"category-nacional","9":"category-ocio-y-cultura-valladolid","10":"tag-alcala-norte","11":"tag-alvaro-rivas","12":"tag-balaunka","13":"tag-ciudad-lineal","14":"tag-la-sangre-del-pobre","15":"tag-la-vida-canon","16":"tag-porta-caeli","17":"tag-pospunk","18":"tag-punk","19":"tag-rock"},"acf":[],"authors":[{"term_id":705,"user_id":19,"is_guest":0,"slug":"redaccionvalladolid","display_name":"Redacci\u00f3n Valladolid","avatar_url":{"url":"https:\/\/social24horas.com\/contenidos\/uploads\/2024\/02\/redaccion-logo.webp","url2x":"https:\/\/social24horas.com\/contenidos\/uploads\/2024\/02\/redaccion-logo.webp"},"first_name":"","user_url":"","last_name":"","job_title":"","description":""}],"_links":{"self":[{"href":"https:\/\/social24horas.com\/api\/wp\/v2\/posts\/44297","targetHints":{"allow":["GET"]}}],"collection":[{"href":"https:\/\/social24horas.com\/api\/wp\/v2\/posts"}],"about":[{"href":"https:\/\/social24horas.com\/api\/wp\/v2\/types\/post"}],"author":[{"embeddable":true,"href":"https:\/\/social24horas.com\/api\/wp\/v2\/users\/19"}],"replies":[{"embeddable":true,"href":"https:\/\/social24horas.com\/api\/wp\/v2\/comments?post=44297"}],"version-history":[{"count":12,"href":"https:\/\/social24horas.com\/api\/wp\/v2\/posts\/44297\/revisions"}],"predecessor-version":[{"id":44312,"href":"https:\/\/social24horas.com\/api\/wp\/v2\/posts\/44297\/revisions\/44312"}],"wp:featuredmedia":[{"embeddable":true,"href":"https:\/\/social24horas.com\/api\/wp\/v2\/media\/44298"}],"wp:attachment":[{"href":"https:\/\/social24horas.com\/api\/wp\/v2\/media?parent=44297"}],"wp:term":[{"taxonomy":"category","embeddable":true,"href":"https:\/\/social24horas.com\/api\/wp\/v2\/categories?post=44297"},{"taxonomy":"post_tag","embeddable":true,"href":"https:\/\/social24horas.com\/api\/wp\/v2\/tags?post=44297"},{"taxonomy":"author","embeddable":true,"href":"https:\/\/social24horas.com\/api\/wp\/v2\/ppma_author?post=44297"}],"curies":[{"name":"wp","href":"https:\/\/api.w.org\/{rel}","templated":true}]}}