{"id":44157,"date":"2024-11-25T16:55:55","date_gmt":"2024-11-25T15:55:55","guid":{"rendered":"https:\/\/social24horas.com\/?p=44157"},"modified":"2024-11-25T16:58:12","modified_gmt":"2024-11-25T15:58:12","slug":"la-importancia-de-detectar-prevenir-y-erradicar-la-violencia-contra-la-mujer-desde-la-primera-senal","status":"publish","type":"post","link":"https:\/\/social24horas.com\/la-importancia-de-detectar-prevenir-y-erradicar-la-violencia-contra-la-mujer-desde-la-primera-senal\/","title":{"rendered":"La importancia de detectar, prevenir y erradicar la violencia contra la mujer desde la primera se\u00f1al"},"content":{"rendered":"<p><a href=\"https:\/\/www.instagram.com\/cruzrojavalladolid\/\" target=\"_blank\" rel=\"noopener\">Cruz Roja en Valladolid<\/a>. Con motivo de la conmemoraci\u00f3n del 25 de noviembre, D\u00eda Internacional de la Eliminaci\u00f3n de la Violencia contra la Mujer, Cruz Roja Juventud lanza su campa\u00f1a \u2018Amigo, \u00bfa\u00fan no te has dado cuenta?\u2019, con la que busca concienciar a la sociedad sobre la detecci\u00f3n temprana de comportamientos nocivos en la pareja y en la implicaci\u00f3n activa de los hombres en la erradicaci\u00f3n de la violencia machista.<\/p>\n<p>La violencia no siempre se manifiesta con golpes o agresiones f\u00edsicas, sino que muchas veces comienza con conductas m\u00e1s sutiles como micromachismos, manipulaci\u00f3n emocional, control o aislamiento, que a menudo pasan desapercibidas y son aceptadas socialmente. Estos comportamientos, lejos de ser inofensivos, abren el camino a un ciclo de abuso y violencia m\u00e1s grave. Cruz Roja Juventud y Cruz Roja subrayan la importancia de reconocer estas se\u00f1ales y actuar sobre ellas desde el primer momento.<\/p>\n<p>Seg\u00fan el Bar\u00f3metro Juventud y G\u00e9nero 2023, realizado por el Instituto de la Juventud de Espa\u00f1a, un 19% de los varones entre 15 y 29 a\u00f1os niegan la existencia de violencia de g\u00e9nero cuando esta es de \u201cbaja intensidad\u201d, mientras que un 32% considera inevitable la violencia contra la mujer. Estos datos muestran una resistencia preocupante a reconocer el problema y reflejan la urgente necesidad de sensibilizar tambi\u00e9n a los hombres para que reflexionen y puedan cuestionar actitudes que parecen inofensivas, pero que normalizan la violencia.<\/p>\n<p>Seg\u00fan David Fern\u00e1ndez, director estatal de Cruz Roja Juventud en el marco de la campa\u00f1a, \u201cno es suficiente con que las mujeres denuncien; es crucial que los hombres tambi\u00e9n cuestionemos nuestros comportamientos y los de nuestros amigos, que hablemos abiertamente y que dejemos atr\u00e1s comportamientos machistas que perpet\u00faan la violencia. Ignorar estas conductas o minimizar su impacto porque solo son \u2018bromas\u2019, contribuye a perpetuar el ciclo de violencia\u201d.<\/p>\n<p>La responsabilidad de detectar, se\u00f1alar y frenar actitudes violentas o controladoras no debe recaer, por tanto, solo en las mujeres. Para lograr una sociedad m\u00e1s justa y equitativa, es crucial que los hombres tambi\u00e9n se sumen activamente a los esfuerzos de prevenci\u00f3n y sensibilizaci\u00f3n sobre la violencia de g\u00e9nero y que todos y todas podamos aprender a detectar a tiempo las se\u00f1ales de alarma.<\/p>\n<p><strong>Las consecuencias de una falta de detecci\u00f3n temprana<\/strong><\/p>\n<p>A pesar de que cada vez m\u00e1s mujeres denuncian a sus parejas, el n\u00famero de asesinatos no disminuye de manera notable y este a\u00f1o ya son 40 las asesinadas. Informes de ONU Mujeres y Fundaci\u00f3n Mujeres advierten de que la falta de intervenci\u00f3n en las primeras fases refuerza la desigualdad de poder, perpet\u00faa la dominaci\u00f3n masculina y facilita el aumento de las agresiones.<\/p>\n<p>Los problemas psicol\u00f3gicos y\/o emocionales son algunas de las secuelas que experimentan las mujeres que consiguen sobrevivir a estas situaciones: deterioro de la autoestima, ansiedad, depresi\u00f3n, estr\u00e9s postraum\u00e1tico y aislamiento social.<\/p>\n<p><strong>Atenci\u00f3n en Cruz Roja en Valladolid<\/strong><\/p>\n<p>En lo que llevamos de 2024, desde el programa de \u2018Mujer en Dificultad Social\u2019, de <a href=\"https:\/\/www2.cruzroja.es\/detalle-centro\/-\/centro\/14785\" target=\"_blank\" rel=\"noopener\">Cruz Roja en Valladolid<\/a>, se ha atendido a 482 personas a trav\u00e9s de distintos proyectos, entre los que destacan los especializados en violencia de g\u00e9nero, como el Centro de Emergencia para Mujeres V\u00edctimas de Violencia de G\u00e9nero y Personas Dependientes a su Cargo, que ha atendido a 108 personas (71 mujeres y 37 personas dependientes a su cargo), mientras que desde el Servicio de Orientaci\u00f3n y Acompa\u00f1amiento Jur\u00eddico Social se ha atendido a 126 mujeres.<\/p>\n<p>La titularidad de ambos proyectos pertenece a la Direcci\u00f3n General de la Mujer de la Junta de Castilla y Le\u00f3n. Por otra parte, desde Atenci\u00f3n Integral para Mujeres V\u00edctimas de Violencia de G\u00e9nero para su Empoderamiento, Plena Autonom\u00eda e Integraci\u00f3n en la Sociedad se ha atendido a 157 mujeres y cuenta con la subvenci\u00f3n de la Junta de Castilla y Le\u00f3n y la Consejer\u00eda de Familia e Igualdad de Oportunidades, financiado con cargo a la asignaci\u00f3n tributaria del 0,7% del Impuesto sobre la Renta de las Personas F\u00edsicas y sobre Sociedades para la realizaci\u00f3n de programas de inter\u00e9s general.<\/p>\n<p>Cruz Roja en Valladolid ofrece tambi\u00e9n el Servicio Telef\u00f3nico de Atenci\u00f3n y Protecci\u00f3n para v\u00edctimas de Violencia de G\u00e9nero (ATENPRO), que lleva atendidas a 289 mujeres desde enero. En este caso es un programa cuya titularidad corresponde al Ministerio de Igualdad y est\u00e1 gestionado por la Federaci\u00f3n Espa\u00f1ola de Municipios y Provincias.<\/p>\n<p>Este a\u00f1o tambi\u00e9n, a trav\u00e9s del proyecto RadaRed, financiado por el Ministerio de Inclusi\u00f3n, Seguridad social y Migraciones y cofinanciado por el Fondo Social Europeo Plus (FSE+), se han implementado acciones con mujeres migrantes expuestas a situaciones de vulnerabilidad, para reforzar la cohesi\u00f3n social, potenciar el trabajo en red e involucrarlas como agentes de cambio en sus comunidades y en la lucha contra la violencia de g\u00e9nero. Desde su puesta en marcha en junio se han atendido a 60 mujeres.<\/p>\n<p>CRECE es un proyecto experimental de Cruz Roja que busca transformar el modelo de apoyo y cuidado de larga duraci\u00f3n en las personas para prevenir y retrasar la institucionalizaci\u00f3n, y potenciar la autonom\u00eda de las personas en situaci\u00f3n de dificultad social, evitando as\u00ed el sentimiento de soledad no deseada. Uno de los colectivos con el que se trabaja en la ciudad de Valladolid es el de Mujer en Dificultad Social y desde la puesta en marcha de este proyecto se ha intervenido con 52 mujeres. CRECE est\u00e1 financiado por los fondos de Next Generation de la Uni\u00f3n Europea a trav\u00e9s del Ministerio de Derechos Sociales y Agenda 2030.<\/p>\n<p>Para conmemorar el D\u00eda Internacional de la Eliminaci\u00f3n de la Violencia contra la mujer, Cruz Roja ha organizado la charla Violencia de g\u00e9nero: perspectiva psicol\u00f3gica, impartida por la psic\u00f3loga,\u00a0Raquel S\u00e1nchez Truchero, que ha tenido lugar hoy en la sede provincial de la Organizaci\u00f3n Humanitaria, abierta al p\u00fablico. En esta ponencia se han tratado puntos como el ciclo de la violencia, el perfil de los agresores y de las v\u00edctimas, y todos los aspectos psicol\u00f3gicos relacionados.<\/p>\n<p>Adem\u00e1s, a trav\u00e9s de la formaci\u00f3n, la orientaci\u00f3n y el acompa\u00f1amiento a las mujeres, Cruz Roja trabaja para el empleo y autoempleo como una herramienta de autonom\u00eda y motor de su econom\u00eda. Este a\u00f1o, en el \u00e1rea de empleo se ha intervenido con 767 mujeres, de las cuales, el 1,5% son mujeres en situaci\u00f3n de violencia de g\u00e9nero.<\/p>\n<p>Por otra parte, Cruz Roja Juventud, a trav\u00e9s de sus diferentes programas y proyectos sigue concienciando sobre la violencia de g\u00e9nero, sus diversas formas y la importancia de reconocerla y abordarla; promover la empat\u00eda, educar sobre los recursos y servicios disponibles para las v\u00edctimas de violencia de g\u00e9nero, fomentar la comunicaci\u00f3n y la denuncia, desafiar los estereotipos de g\u00e9nero e inspirar a la acci\u00f3n. Adem\u00e1s, se desarrollan talleres en centros de educaci\u00f3n formal y no formal, acciones de sensibilizaci\u00f3n en calle, redes sociales, etc.<\/p>\n<p>En Medina de Rioseco, el pr\u00f3ximo 30 de noviembre se desarrollar\u00e1 un taller de defensa personal dirigido especialmente a mujeres, en la sede de la Asamblea Comarcal de Cruz Roja.<\/p>\n<p><img data-dominant-color=\"89818c\" data-has-transparency=\"false\" style=\"--dominant-color: #89818c;\" loading=\"lazy\" loading=\"lazy\" decoding=\"async\" class=\"alignnone size-large wp-image-44159 not-transparent\" src=\"https:\/\/social24horas.com\/contenidos\/uploads\/2024\/11\/CARTEL-25N-CASTELLANO-724x1024.webp\" alt=\"\" width=\"724\" height=\"1024\" \/><\/p>\n","protected":false},"excerpt":{"rendered":"<p>Cruz Roja en Valladolid. Con motivo de la conmemoraci\u00f3n del 25 de noviembre, D\u00eda Internacional de la Eliminaci\u00f3n de la Violencia contra la Mujer, Cruz Roja Juventud lanza su campa\u00f1a \u2018Amigo, \u00bfa\u00fan no te has dado cuenta?\u2019, con la que busca concienciar a la sociedad sobre la detecci\u00f3n temprana de comportamientos nocivos en la pareja [&hellip;]<\/p>\n","protected":false},"author":19,"featured_media":44158,"comment_status":"open","ping_status":"open","sticky":false,"template":"","format":"standard","meta":{"_acf_changed":false,"footnotes":""},"categories":[698,697],"tags":[1279,777,922,1257,920,921,1280],"ppma_author":[705],"class_list":{"0":"post-44157","1":"post","2":"type-post","3":"status-publish","4":"format-standard","5":"has-post-thumbnail","7":"category-asociaciones-valladolid","8":"category-valladolid","9":"tag-25n","10":"tag-cruz-roja","11":"tag-machismo","12":"tag-patriarcado","13":"tag-violencia-de-genero","14":"tag-violencia-machista","15":"tag-violencia-mujeres"},"acf":[],"authors":[{"term_id":705,"user_id":19,"is_guest":0,"slug":"redaccionvalladolid","display_name":"Redacci\u00f3n Valladolid","avatar_url":{"url":"https:\/\/social24horas.com\/contenidos\/uploads\/2024\/02\/redaccion-logo.webp","url2x":"https:\/\/social24horas.com\/contenidos\/uploads\/2024\/02\/redaccion-logo.webp"},"first_name":"","user_url":"","last_name":"","job_title":"","description":""}],"_links":{"self":[{"href":"https:\/\/social24horas.com\/api\/wp\/v2\/posts\/44157","targetHints":{"allow":["GET"]}}],"collection":[{"href":"https:\/\/social24horas.com\/api\/wp\/v2\/posts"}],"about":[{"href":"https:\/\/social24horas.com\/api\/wp\/v2\/types\/post"}],"author":[{"embeddable":true,"href":"https:\/\/social24horas.com\/api\/wp\/v2\/users\/19"}],"replies":[{"embeddable":true,"href":"https:\/\/social24horas.com\/api\/wp\/v2\/comments?post=44157"}],"version-history":[{"count":3,"href":"https:\/\/social24horas.com\/api\/wp\/v2\/posts\/44157\/revisions"}],"predecessor-version":[{"id":44162,"href":"https:\/\/social24horas.com\/api\/wp\/v2\/posts\/44157\/revisions\/44162"}],"wp:featuredmedia":[{"embeddable":true,"href":"https:\/\/social24horas.com\/api\/wp\/v2\/media\/44158"}],"wp:attachment":[{"href":"https:\/\/social24horas.com\/api\/wp\/v2\/media?parent=44157"}],"wp:term":[{"taxonomy":"category","embeddable":true,"href":"https:\/\/social24horas.com\/api\/wp\/v2\/categories?post=44157"},{"taxonomy":"post_tag","embeddable":true,"href":"https:\/\/social24horas.com\/api\/wp\/v2\/tags?post=44157"},{"taxonomy":"author","embeddable":true,"href":"https:\/\/social24horas.com\/api\/wp\/v2\/ppma_author?post=44157"}],"curies":[{"name":"wp","href":"https:\/\/api.w.org\/{rel}","templated":true}]}}