{"id":44106,"date":"2024-11-19T08:39:59","date_gmt":"2024-11-19T07:39:59","guid":{"rendered":"https:\/\/social24horas.com\/?p=44106"},"modified":"2024-11-19T08:39:59","modified_gmt":"2024-11-19T07:39:59","slug":"leon-se-suma-al-dia-mundial-de-la-infancia","status":"publish","type":"post","link":"https:\/\/social24horas.com\/leon-se-suma-al-dia-mundial-de-la-infancia\/","title":{"rendered":"Le\u00f3n se suma al D\u00eda Mundial de la Infancia"},"content":{"rendered":"<p>El <strong>Ayuntamiento de Le\u00f3n<\/strong>, a trav\u00e9s de la\u00a0<strong>Concejal\u00eda de Bienestar Social,<\/strong>\u00a0se suma a la celebraci\u00f3n del\u00a0<strong>D\u00eda Mundial de la Infancia<\/strong>\u00a0el pr\u00f3ximo\u00a0<strong>20 de noviembre<\/strong>, una jornada que conmemora los aniversarios de la adopci\u00f3n de la Declaraci\u00f3n Universal de los Derechos del Ni\u00f1o (1959) y la aprobaci\u00f3n de la Convenci\u00f3n de los Derechos del Ni\u00f1o (1989). Para ello, se han programado distintas actividades en colaboraci\u00f3n con el\u00a0<strong>Consejo Municipal de Infancia y Adolescencia<\/strong>, asociaciones, centros escolares y entidades de la ciudad que trabajan en favor de la infancia, que se llevar\u00e1n a cabo del 20 al 24 de noviembre con una participaci\u00f3n activa de los ni\u00f1os y ni\u00f1as.<\/p>\n<div class=\"ms-blog-postBody\">\n<div class=\"ms-rtestate-field\" dir=\"\">\n<div class=\"ExternalClass38172ADEEBC94F6AB2A4EE20FE140905\">\n<p>El sello por el que\u00a0<strong>Unicef\u00a0<\/strong>distingue a la ciudad de Le\u00f3n como\u00a0<strong>Ciudad Amiga de la Infancia<\/strong>\u00a0es la manifestaci\u00f3n de tener presente a la infancia y adolescencia en el centro de todos los \u00e1mbitos, educativo, sanitario, social y participativo; haciendo propia la misi\u00f3n impulsada por Unicef. Ser una Ciudad Amiga de la Infancia supone la puesta en marcha de acciones para que los ni\u00f1os, ni\u00f1as y adolescentes puedan ejercer sus derechos y alcanzar su pleno desarrollo.<\/p>\n<p>El D\u00eda Mundial de la Infancia es un d\u00eda que se dedica a reflexionar sobre los derechos del ni\u00f1o e imaginar nuevas formas de hacerlos realidad. En esta jornada, el Ayuntamiento de Le\u00f3n se adhiere a cuantas propuestas se est\u00e1n realizando para dar mayor visibilidad a esta celebraci\u00f3n con un programa de actividades que tiene como escenarios lo centros escolares,\u00a0<strong>Espacio V\u00edas<\/strong>\u00a0y los estadios de f\u00fatbol del\u00a0<strong>Ol\u00edmpico Le\u00f3n<\/strong>\u00a0y\u00a0<strong>Reino de Le\u00f3n<\/strong>.<\/p>\n<p><img decoding=\"async\" src=\"https:\/\/www.aytoleon.es\/es\/actualidad\/noticias\/articulos\/SiteAssets\/Lists\/EntradasDeBlog\/AllPosts\/Pancarta-D%C3%ADa-Mundial-de-la-Infancia-18112024.png\" alt=\"Pancarta-D\u00eda-Mundial-de-la-Infancia-18112024.png\" \/><\/p>\n<p><strong>Programa de actividades<\/strong><\/p>\n<p>El programa del D\u00eda Mundial de la Infancia en Le\u00f3n comenzar\u00e1 el mi\u00e9rcoles 20 de noviembre en Espacio V\u00edas a partir de las 11:00 horas, con una exposici\u00f3n de los trabajos realizados en los centros escolares, lectura de un manifiesto elaborado por los menores del Consejo Municipal de Infancia y Adolescencia, una actuaci\u00f3n l\u00fadico-teatral y suelta de palomas. Asimismo, en los colegios de la ciudad se leer\u00e1 el manifiesto a las 12:00 horas.<\/p>\n<p>Las actividades continuar\u00e1n el fin de semana con la lectura del manifiesto en el descanso del partido de f\u00fatbol Cultural Leonesa-Atletic Bilbao B, el s\u00e1bado 23 de noviembre (17:30 horas); \u00a0y en el partido de f\u00fatbol femenino en las instalaciones del Ol\u00edmpico de Le\u00f3n el domingo 24 a las 12:00 horas.<\/p>\n<\/div>\n<\/div>\n<\/div>\n","protected":false},"excerpt":{"rendered":"<p>El Ayuntamiento de Le\u00f3n, a trav\u00e9s de la\u00a0Concejal\u00eda de Bienestar Social,\u00a0se suma a la celebraci\u00f3n del\u00a0D\u00eda Mundial de la Infancia\u00a0el pr\u00f3ximo\u00a020 de noviembre, una jornada que conmemora los aniversarios de la adopci\u00f3n de la Declaraci\u00f3n Universal de los Derechos del Ni\u00f1o (1959) y la aprobaci\u00f3n de la Convenci\u00f3n de los Derechos del Ni\u00f1o (1989). Para [&hellip;]<\/p>\n","protected":false},"author":3,"featured_media":44107,"comment_status":"open","ping_status":"open","sticky":false,"template":"","format":"standard","meta":{"_acf_changed":false,"footnotes":""},"categories":[329],"tags":[1230,340,647,1231],"ppma_author":[32],"class_list":{"0":"post-44106","1":"post","2":"type-post","3":"status-publish","4":"format-standard","5":"has-post-thumbnail","7":"category-bienestar-social-leon","8":"tag-ciudad-amiga","9":"tag-dia-mundial","10":"tag-infancia","11":"tag-unicef"},"acf":[],"authors":[{"term_id":32,"user_id":3,"is_guest":0,"slug":"redaccionleon","display_name":"Redacci\u00f3n Le\u00f3n","avatar_url":{"url":"https:\/\/social24horas.com\/contenidos\/uploads\/2024\/02\/redaccion-logo.webp","url2x":"https:\/\/social24horas.com\/contenidos\/uploads\/2024\/02\/redaccion-logo.webp"},"first_name":"","user_url":"","last_name":"","job_title":"","description":""}],"_links":{"self":[{"href":"https:\/\/social24horas.com\/api\/wp\/v2\/posts\/44106","targetHints":{"allow":["GET"]}}],"collection":[{"href":"https:\/\/social24horas.com\/api\/wp\/v2\/posts"}],"about":[{"href":"https:\/\/social24horas.com\/api\/wp\/v2\/types\/post"}],"author":[{"embeddable":true,"href":"https:\/\/social24horas.com\/api\/wp\/v2\/users\/3"}],"replies":[{"embeddable":true,"href":"https:\/\/social24horas.com\/api\/wp\/v2\/comments?post=44106"}],"version-history":[{"count":1,"href":"https:\/\/social24horas.com\/api\/wp\/v2\/posts\/44106\/revisions"}],"predecessor-version":[{"id":44108,"href":"https:\/\/social24horas.com\/api\/wp\/v2\/posts\/44106\/revisions\/44108"}],"wp:featuredmedia":[{"embeddable":true,"href":"https:\/\/social24horas.com\/api\/wp\/v2\/media\/44107"}],"wp:attachment":[{"href":"https:\/\/social24horas.com\/api\/wp\/v2\/media?parent=44106"}],"wp:term":[{"taxonomy":"category","embeddable":true,"href":"https:\/\/social24horas.com\/api\/wp\/v2\/categories?post=44106"},{"taxonomy":"post_tag","embeddable":true,"href":"https:\/\/social24horas.com\/api\/wp\/v2\/tags?post=44106"},{"taxonomy":"author","embeddable":true,"href":"https:\/\/social24horas.com\/api\/wp\/v2\/ppma_author?post=44106"}],"curies":[{"name":"wp","href":"https:\/\/api.w.org\/{rel}","templated":true}]}}