{"id":43840,"date":"2024-10-08T09:02:22","date_gmt":"2024-10-08T07:02:22","guid":{"rendered":"https:\/\/social24horas.com\/?p=43840"},"modified":"2024-10-08T20:06:47","modified_gmt":"2024-10-08T18:06:47","slug":"proteccion-civil-declara-la-alerta-ante-la-prevision-de-fuertes-vientos-en-los-proximos-dias-por-el-huracan-kirk","status":"publish","type":"post","link":"https:\/\/social24horas.com\/proteccion-civil-declara-la-alerta-ante-la-prevision-de-fuertes-vientos-en-los-proximos-dias-por-el-huracan-kirk\/","title":{"rendered":"Protecci\u00f3n Civil declara la alerta ante la previsi\u00f3n de fuertes vientos los pr\u00f3ximos d\u00edas por el hurac\u00e1n Kirk"},"content":{"rendered":"<p>La Agencia de Protecci\u00f3n Civil y Emergencias de la Consejer\u00eda de Medio Ambiente, Vivienda y Ordenaci\u00f3n del Territorio <strong>declara la alerta en la Comunidad<\/strong> ante el riesgo de viento, con rachas m\u00e1ximas de hasta 120 kil\u00f3metros por hora.<\/p>\n<p>Desde la tarde del ma\u00f1ana martes, d\u00eda 8, se esperan vientos fuertes con precipitaciones moderadas. Durante la jornada del mi\u00e9rcoles se podr\u00e1n alcanzar los valores m\u00e1ximos, debido al paso de los remanentes del hurac\u00e1n Kirk, pudiendo registrarse valores en la intensidad del viento de hasta 120 kil\u00f3metros por hora.<\/p>\n<p>La alerta se declara en todas las provincias desde las 14:00 horas del martes y se mantendr\u00e1 hasta a las 10:00 horas del jueves, d\u00eda 10.<\/p>\n<p>Ante esta situaci\u00f3n, la Agencia de Protecci\u00f3n Civil y Emergencias recuerda la importancia de revisar los anclajes de los elementos fijados en el exterior de los edificios, como son antenas, carteles, macetas, cornisas, persianas o toldos, entre otros,\u00a0para evitar que puedan caer a la v\u00eda p\u00fablica, adem\u00e1s de asegurar puertas y ventanas, especialmente las exteriores.<\/p>\n<p>Si se circula por la v\u00eda p\u00fablica, hay que evitar resguardarse\u00a0en zonas pr\u00f3ximas a muros, tapias o \u00e1rboles, as\u00ed como caminar debajo de anuncios publicitarios o andamios. Conviene, adem\u00e1s, evitar acercarse a edificios en ruinas.<\/p>\n<p>En caso de verse sorprendido por rachas fuertes de viento mientras se conduce, se debe sujetar con firmeza el volante y reducir la velocidad. Es necesario reforzar la atenci\u00f3n en la entrada y salida de los t\u00faneles, as\u00ed como en el momento en que adelante o se cruce con veh\u00edculos pesados\u00a0para evitar el denominado efecto &#8216;pantalla&#8217;, y permanecer atentos a las posibles balsas de agua que se formen en la calzada para evitar el efecto &#8216;aquaplanning&#8217;.<\/p>\n<p>Estos y otros consejos, as\u00ed como las informaciones actualizadas, est\u00e1n disponibles en la\u00a0web del 112 Castilla y Le\u00f3n y tambi\u00e9n en los perfiles de Facebook, \u2018Centro de Emergencias Castilla y Le\u00f3n 112\u2019 y Twitter, \u2018@112cyl\u2019. Ante cualquier emergencia, hay que llamar\u00a0al 1-1-2.<\/p>\n","protected":false},"excerpt":{"rendered":"<p>La Agencia de Protecci\u00f3n Civil y Emergencias de la Consejer\u00eda de Medio Ambiente, Vivienda y Ordenaci\u00f3n del Territorio declara la alerta en la Comunidad ante el riesgo de viento, con rachas m\u00e1ximas de hasta 120 kil\u00f3metros por hora. Desde la tarde del ma\u00f1ana martes, d\u00eda 8, se esperan vientos fuertes con precipitaciones moderadas. Durante la [&hellip;]<\/p>\n","protected":false},"author":3,"featured_media":43841,"comment_status":"open","ping_status":"open","sticky":false,"template":"","format":"standard","meta":{"_acf_changed":false,"footnotes":""},"categories":[329,6],"tags":[1108,1110,1109,507,1107],"ppma_author":[32],"class_list":{"0":"post-43840","1":"post","2":"type-post","3":"status-publish","4":"format-standard","5":"has-post-thumbnail","7":"category-bienestar-social-leon","8":"category-castilla-y-leon","9":"tag-alerta","10":"tag-huracan","11":"tag-kirk","12":"tag-proteccion-civil","13":"tag-temporal"},"acf":[],"authors":[{"term_id":32,"user_id":3,"is_guest":0,"slug":"redaccionleon","display_name":"Redacci\u00f3n Le\u00f3n","avatar_url":{"url":"https:\/\/social24horas.com\/contenidos\/uploads\/2024\/02\/redaccion-logo.webp","url2x":"https:\/\/social24horas.com\/contenidos\/uploads\/2024\/02\/redaccion-logo.webp"},"first_name":"","user_url":"","last_name":"","job_title":"","description":""}],"_links":{"self":[{"href":"https:\/\/social24horas.com\/api\/wp\/v2\/posts\/43840","targetHints":{"allow":["GET"]}}],"collection":[{"href":"https:\/\/social24horas.com\/api\/wp\/v2\/posts"}],"about":[{"href":"https:\/\/social24horas.com\/api\/wp\/v2\/types\/post"}],"author":[{"embeddable":true,"href":"https:\/\/social24horas.com\/api\/wp\/v2\/users\/3"}],"replies":[{"embeddable":true,"href":"https:\/\/social24horas.com\/api\/wp\/v2\/comments?post=43840"}],"version-history":[{"count":2,"href":"https:\/\/social24horas.com\/api\/wp\/v2\/posts\/43840\/revisions"}],"predecessor-version":[{"id":43850,"href":"https:\/\/social24horas.com\/api\/wp\/v2\/posts\/43840\/revisions\/43850"}],"wp:featuredmedia":[{"embeddable":true,"href":"https:\/\/social24horas.com\/api\/wp\/v2\/media\/43841"}],"wp:attachment":[{"href":"https:\/\/social24horas.com\/api\/wp\/v2\/media?parent=43840"}],"wp:term":[{"taxonomy":"category","embeddable":true,"href":"https:\/\/social24horas.com\/api\/wp\/v2\/categories?post=43840"},{"taxonomy":"post_tag","embeddable":true,"href":"https:\/\/social24horas.com\/api\/wp\/v2\/tags?post=43840"},{"taxonomy":"author","embeddable":true,"href":"https:\/\/social24horas.com\/api\/wp\/v2\/ppma_author?post=43840"}],"curies":[{"name":"wp","href":"https:\/\/api.w.org\/{rel}","templated":true}]}}