{"id":43786,"date":"2024-10-06T23:09:51","date_gmt":"2024-10-06T21:09:51","guid":{"rendered":"https:\/\/social24horas.com\/?p=43786"},"modified":"2024-10-07T10:36:58","modified_gmt":"2024-10-07T08:36:58","slug":"galan-fest-2024-cosas-que-no-deberian-pasar-en-pedrajas-pero-pasan","status":"publish","type":"post","link":"https:\/\/social24horas.com\/galan-fest-2024-cosas-que-no-deberian-pasar-en-pedrajas-pero-pasan\/","title":{"rendered":"Gal\u00e1n Fest 2024: Cosas que no deber\u00edan pasar en Pedrajas, pero pasan"},"content":{"rendered":"<p>En condiciones normales esto nunca debi\u00f3 haber sucedido en Pedrajas de San Esteban, pero lo cierto es que sucedi\u00f3. Y tal y como sucedi\u00f3 hay que contarlo, empezando por la hora del vermut de esta octava edici\u00f3n del Gal\u00e1n Fest.<\/p>\n<p>El guion no marcaba, por ejemplo que la superbanda Chula (Juanjo Ocio, Sebasti\u00e1n Garc\u00eda -Sebass-, I\u00f1aki Rodr\u00edguez e Iv\u00e1n Santana) que llevaba ensayando cuatro a\u00f1os, debutara en vivo en Pedrajas de San Esteban, pero los Hula Baby no pudieron acudir a la cita y una cosa llev\u00f3 a la otra. Suya fue la sesi\u00f3n de apertura y de emergencia en el peque\u00f1o escenario del paseo arbolado que lleva hasta el parque Jardines de Castilla.<\/p>\n<p>Resucitan g\u00e9neros, reinventan estilos homenajeando nuestra historia y nuestra ra\u00edz, los or\u00edgenes de la m\u00fasica popular hispanoamericana, el folclore en espa\u00f1ol. Sonaron, entre otras, <em>Dos gardenias<\/em>, <em>Flamenco<\/em> (Los Brincos), <em>Angelitos Negros<\/em> y el material propio que esa misma noche, cuando regresaran a Madrid, estrenar\u00edan en la sala Clamores en su presentaci\u00f3n oficial.<\/p>\n<figure id=\"attachment_43794\" aria-describedby=\"caption-attachment-43794\" style=\"width: 1024px\" class=\"wp-caption alignnone\"><img data-dominant-color=\"72775d\" data-has-transparency=\"false\" style=\"--dominant-color: #72775d;\" loading=\"lazy\" loading=\"lazy\" decoding=\"async\" class=\"size-large wp-image-43794 not-transparent\" src=\"https:\/\/social24horas.com\/contenidos\/uploads\/2024\/10\/Chula-Fran-Cea-1024x682.webp\" alt=\"Chula protagoniz\u00f3 la sesi\u00f3n vermut del Gal\u00e1n Fest 2024. Foto: Fran Cea.\" width=\"1024\" height=\"682\" \/><figcaption id=\"caption-attachment-43794\" class=\"wp-caption-text\">Chula protagoniz\u00f3 la sesi\u00f3n vermut del Gal\u00e1n Fest 2024. Foto: Fran Cea.<\/figcaption><\/figure>\n<p>Tras la paellada (marca de la casa del Gal\u00e1n Fest), The Niftys fueron los encargados de arrancar con la sesi\u00f3n vespertina. Y no era sencillo. La vocalista de los de Albacete, Ana Vallejo, demostr\u00f3 maestr\u00eda para conectar con los asistentes y animar a un p\u00fablico variopinto, reci\u00e9n aterrizado en el Front\u00f3n Viejo (espacio donde est\u00e1n encajados el escenario principal y los puestos de comida y bebida del Gal\u00e1n Fest).<\/p>\n<p>El cuarteto logr\u00f3 con solvencia anticipar el ambiente nocturno mientras todav\u00eda era de d\u00eda. Firmaron grandes pasajes como la brillant\u00edsima versi\u00f3n del <em>Come together<\/em> de The Beatles, <em>Solo quiero pas\u00e1rmelo bien<\/em>, <em>Un mundo para ti<\/em> y, sobre todo, el emocionante <em>Siempre vivas<\/em>, con sonido contundente a cargo de To\u00f1o Garc\u00eda (guitarra), Fer Morales (bajo) y \u00c1ngel L. Carlos (bater\u00eda).<\/p>\n<figure id=\"attachment_43796\" aria-describedby=\"caption-attachment-43796\" style=\"width: 1024px\" class=\"wp-caption alignnone\"><img data-dominant-color=\"7e8091\" data-has-transparency=\"false\" style=\"--dominant-color: #7e8091;\" loading=\"lazy\" loading=\"lazy\" decoding=\"async\" class=\"size-large wp-image-43796 not-transparent\" src=\"https:\/\/social24horas.com\/contenidos\/uploads\/2024\/10\/The-Niftys-Fran-Cea-1024x682.webp\" alt=\"Los albacete\u00f1os The Niftys repet\u00edan presencia en el festival. Foto: Fran Cea\" width=\"1024\" height=\"682\" \/><figcaption id=\"caption-attachment-43796\" class=\"wp-caption-text\">Los albacete\u00f1os The Niftys repet\u00edan presencia en el festival. Foto: Fran Cea<\/figcaption><\/figure>\n<p>Tampoco es normal que un tipo como Abstract Artimus, nacido en Florida, criado en Alabama y neoyorquino de adopci\u00f3n, agarre desde Valladolid la N601, atraviese Mojados y en Alcazar\u00e9n se desv\u00ede por la VP1104 hasta Pedrajas de San Esteban. Pero le gusta hacerlo. Las paredes de ese front\u00f3n ya est\u00e1n impregnadas para siempre con los acordes de <em>Dude or die<\/em> y <em>Scorpio BBQ<\/em>, o con los aullidos de <em>The gong is wrong<\/em>, extractos de su \u00faltimo disco hasta la fecha.<\/p>\n<p>Un lujo para una tierra como Castilla y Le\u00f3n, con una banda cinco estrellas: \u00c1lex Izquierdo (\u00c1ngel Stanich, Los Jarabo) al bajo y Mol (bautizado por el propio Artimus como \u201cel marine del rock and roll\u201d) a la bater\u00eda.<\/p>\n<figure id=\"attachment_43793\" aria-describedby=\"caption-attachment-43793\" style=\"width: 1024px\" class=\"wp-caption alignnone\"><img data-dominant-color=\"52504b\" data-has-transparency=\"false\" style=\"--dominant-color: #52504b;\" loading=\"lazy\" loading=\"lazy\" decoding=\"async\" class=\"wp-image-43793 size-large not-transparent\" src=\"https:\/\/social24horas.com\/contenidos\/uploads\/2024\/10\/Artimus-Fran-Cea-1024x682.webp\" alt=\"Final del concierto de Abstract Artimus, en el Front\u00f3n Viejo de Pedrajas de San Esteban. Foto: Fran Cea.\" width=\"1024\" height=\"682\" \/><figcaption id=\"caption-attachment-43793\" class=\"wp-caption-text\">Final del concierto de Abstract Artimus, en el Front\u00f3n Viejo de Pedrajas de San Esteban. Foto: Fran Cea.<\/figcaption><\/figure>\n<p>No era una tarea liviana la de Hermana Furia: deb\u00edan mantener el nivel del estadounidense. Muchos lo habr\u00edan considerado un peque\u00f1o marr\u00f3n. Nada de eso. Prueba superada, con creces. Puede que ellos ni siquiera estuvieran pensando en tal cosa.<\/p>\n<p>El combo madrile\u00f1o formado por Nuria Furia (voz), Edu Molina (guitarra), Pau C. Marcos (bajo) y Tweety Capmany (bater\u00eda) despliega una energ\u00eda inspiradora, contagiosa. Su \u00fanico \u00e1lbum se titula \u201cTodo mal\u201d, aunque, si todo va bien, con creaciones como <em>Matar a alguien<\/em> o <em>Morse<\/em>, tienen much\u00edsimos a\u00f1os de rock por delante. Dentro de poco lanzan su segundo trabajo.<\/p>\n<figure id=\"attachment_43799\" aria-describedby=\"caption-attachment-43799\" style=\"width: 1024px\" class=\"wp-caption alignnone\"><img data-dominant-color=\"741d46\" data-has-transparency=\"false\" style=\"--dominant-color: #741d46;\" loading=\"lazy\" loading=\"lazy\" decoding=\"async\" class=\"size-large wp-image-43799 not-transparent\" src=\"https:\/\/social24horas.com\/contenidos\/uploads\/2024\/10\/Hermana-Furia-Fran-Cea-1024x682.webp\" alt=\"Hermana Furia lanza su segundo disco dentro de unas semanas. Foto: Fran Cea\" width=\"1024\" height=\"682\" \/><figcaption id=\"caption-attachment-43799\" class=\"wp-caption-text\">Hermana Furia lanza su segundo disco dentro de unas semanas. Foto: Fran Cea<\/figcaption><\/figure>\n<p>Ya casi a medianoche, cuando los all\u00ed presentes comprobaron con sus propios ojos cu\u00e1l era la propuesta punk de los leoneses Catalina Grande Pi\u00f1\u00f3n Peque\u00f1o, cabezas de cartel, percibieron que se trata b\u00e1sicamente de bater\u00eda, guitarra y voz. Pero qu\u00e9 bater\u00eda, qu\u00e9 guitarra y qu\u00e9 voz. La uni\u00f3n de esos tres factores se convierte en una apisonadora que los aplasta incluso a ellos mismos. Por momentos, la garganta de David Verder\u00f3n se tiene que enganchar como puede a la velocidad irrespirable de los ritmos de Adri\u00e1n Cavero y las cuerdas de Richard Majo. Es demasiado vertiginoso hasta para \u00e9l, habituado a superar todos los l\u00edmites.<\/p>\n<p>Como concierto, uno de los m\u00e1s divertidos que la mayor\u00eda de los all\u00ed presentes ha presenciado jam\u00e1s (por los mon\u00f3logos y ocurrencias de Verder\u00f3n); y, como banda, una realidad muy seria. \u00bfEst\u00e1 pasando esto realmente, aqu\u00ed, en Pedrajas? Excelsos en todo momento pero especialmente brillantes cuando lleg\u00f3 el turno de <em>Los de la capi<\/em>, <em>El ofensor del pueblo<\/em>, <em>Canci\u00f3n de odio<\/em>, <em>No soy Amancio Ortega<\/em> y <em>Perros con jersey<\/em> (que funciona mucho mejor en directo que en el disco).<\/p>\n<p>Canciones todas ellas megabreves, algunas verdaderamente fugaces, pero que consiguen quedarse en la memoria. Porque llevan mensaje y porque llevan mucha calidad compositiva. Como rapea Verder\u00f3n (s\u00ed, tambi\u00e9n rapea, cuando le apetece): \u201cMeto m\u00e1s letra en un minuto treinta que t\u00fa en todo tu puto disco de mierda\u201d.<\/p>\n<p>Frente a ellos, boquiabierta, estuvo pr\u00e1cticamente toda la poblaci\u00f3n joven y de mediana edad del pueblo, todos los que han animado y animan las fiestas locales en las pe\u00f1as de Pedrajas en los \u00faltimos a\u00f1os (\u00a1Dios bendiga a La Legi\u00f3n!), guiados por la asociaci\u00f3n cultural Eresmas. Ahora, adem\u00e1s de las celebraciones tradicionales, cuentan con un festival de primera divisi\u00f3n, que siempre acaba en el Caf\u00e9 Feliche (DJ Wiker puso el broche final). Un festival que es justo y necesario, salvaci\u00f3n para una comarca que, como David Salamanca se\u00f1ala desde el comit\u00e9 organizativo, respira rock y lo consume.<\/p>\n<p>&nbsp;<\/p>\n<p>V\u00edctor David L\u00f3pez.<\/p>\n","protected":false},"excerpt":{"rendered":"<p>En condiciones normales esto nunca debi\u00f3 haber sucedido en Pedrajas de San Esteban, pero lo cierto es que sucedi\u00f3. Y tal y como sucedi\u00f3 hay que contarlo, empezando por la hora del vermut de esta octava edici\u00f3n del Gal\u00e1n Fest. El guion no marcaba, por ejemplo que la superbanda Chula (Juanjo Ocio, Sebasti\u00e1n Garc\u00eda -Sebass-, [&hellip;]<\/p>\n","protected":false},"author":19,"featured_media":43792,"comment_status":"open","ping_status":"open","sticky":false,"template":"","format":"standard","meta":{"_acf_changed":false,"footnotes":""},"categories":[1,702,697],"tags":[1090,1091,1064,1069,1061,1066,1092,1063,1074,1089],"ppma_author":[705],"class_list":{"0":"post-43786","1":"post","2":"type-post","3":"status-publish","4":"format-standard","5":"has-post-thumbnail","7":"category-nacional","8":"category-ocio-y-cultura-valladolid","9":"category-valladolid","10":"tag-abstract-artimus","11":"tag-alex-izquierdo","12":"tag-catalina-grande-pinon-pequeno","13":"tag-chula","14":"tag-galan-fest","15":"tag-hermana-furia","16":"tag-los-jarabo","17":"tag-pedrajas","18":"tag-pedrajas-de-san-esteban","19":"tag-the-niftys"},"acf":[],"authors":[{"term_id":705,"user_id":19,"is_guest":0,"slug":"redaccionvalladolid","display_name":"Redacci\u00f3n Valladolid","avatar_url":{"url":"https:\/\/social24horas.com\/contenidos\/uploads\/2024\/02\/redaccion-logo.webp","url2x":"https:\/\/social24horas.com\/contenidos\/uploads\/2024\/02\/redaccion-logo.webp"},"first_name":"","user_url":"","last_name":"","job_title":"","description":""}],"_links":{"self":[{"href":"https:\/\/social24horas.com\/api\/wp\/v2\/posts\/43786","targetHints":{"allow":["GET"]}}],"collection":[{"href":"https:\/\/social24horas.com\/api\/wp\/v2\/posts"}],"about":[{"href":"https:\/\/social24horas.com\/api\/wp\/v2\/types\/post"}],"author":[{"embeddable":true,"href":"https:\/\/social24horas.com\/api\/wp\/v2\/users\/19"}],"replies":[{"embeddable":true,"href":"https:\/\/social24horas.com\/api\/wp\/v2\/comments?post=43786"}],"version-history":[{"count":7,"href":"https:\/\/social24horas.com\/api\/wp\/v2\/posts\/43786\/revisions"}],"predecessor-version":[{"id":43815,"href":"https:\/\/social24horas.com\/api\/wp\/v2\/posts\/43786\/revisions\/43815"}],"wp:featuredmedia":[{"embeddable":true,"href":"https:\/\/social24horas.com\/api\/wp\/v2\/media\/43792"}],"wp:attachment":[{"href":"https:\/\/social24horas.com\/api\/wp\/v2\/media?parent=43786"}],"wp:term":[{"taxonomy":"category","embeddable":true,"href":"https:\/\/social24horas.com\/api\/wp\/v2\/categories?post=43786"},{"taxonomy":"post_tag","embeddable":true,"href":"https:\/\/social24horas.com\/api\/wp\/v2\/tags?post=43786"},{"taxonomy":"author","embeddable":true,"href":"https:\/\/social24horas.com\/api\/wp\/v2\/ppma_author?post=43786"}],"curies":[{"name":"wp","href":"https:\/\/api.w.org\/{rel}","templated":true}]}}