{"id":43589,"date":"2024-08-28T08:09:39","date_gmt":"2024-08-28T06:09:39","guid":{"rendered":"https:\/\/social24horas.com\/?p=43589"},"modified":"2024-08-28T08:09:39","modified_gmt":"2024-08-28T06:09:39","slug":"adania-shibli-recoge-el-xxii-premio-leteo-en-un-acto-que-se-celebra-este-martes-en-el-musac","status":"publish","type":"post","link":"https:\/\/social24horas.com\/adania-shibli-recoge-el-xxii-premio-leteo-en-un-acto-que-se-celebra-este-martes-en-el-musac\/","title":{"rendered":"Adan\u00eda Shibli recoge el XXII Premio Leteo en un acto que se celebra este martes en el Musac"},"content":{"rendered":"<p>La concejala de Acci\u00f3n y Promoci\u00f3n Cultural del Ayuntamiento de Le\u00f3n, Elena Aguado, ha comparecido hoy ante los medios de comunicaci\u00f3n junto a la ganadora del XXII Premio Leteo, Adan\u00eda Shibli, que esta tarde recoger\u00e1 el prestigioso galard\u00f3n literario en un acto que se celebrar\u00e1 en el Musac. Ambas han estado acompa\u00f1adas por el director del Festival Palabra, Rafael Saravia, dentro del que se enmarca este premio.<\/p>\n<p>Shibli ha dicho estar muy agradecida por recibir este reconocimiento que \u201cda voz a personas sin discurso&#8221; y que consigue poner en el foco \u201cla soledad que existe hoy en Palestina&#8221;. \u201cTodo el mundo que est\u00e1 en Palestina experimenta esa soledad y por eso estoy contenta de que hoy traigan esta soledad hasta aqu\u00ed. Con este premio nos dec\u00eds: no est\u00e1is solos&#8221;.<\/p>\n<p>Por su parte, la concejala de Acci\u00f3n y Promoci\u00f3n Cultural, Elena Aguado, ha destacado de Shibli que es \u201cuna gran escritora y una pensadora muy notable&#8221;.\u00a0 \u201cComo ensayista es penetrante y sus art\u00edculos invitan a la reflexi\u00f3n y a la controversia. Ha escrito tambi\u00e9n poes\u00eda y teatro, pero es su desempe\u00f1o como novelista lo que ha hecho que sea traducida a muchos idiomas porque estamos ante una narradora magn\u00edfica&#8221;, ha a\u00f1adido.<\/p>\n<p>Adem\u00e1s, Aguado se ha referido al premio LiBerarturpreis que le fue concedido en la Feria de Frankfurt el 20 de octubre de 2023, pero fue cancelada la entrega tras el atentado de Ham\u00e1s que ocurri\u00f3 d\u00edas despu\u00e9s. \u201cEs intolerable cualquier tipo de injerencia de tipo pol\u00edtico en el arte porque la rep\u00fablica de las letras, a la que pertenece Adan\u00eda Shibli, es un espacio de libertad, libertad de lenguas, de estilos, de ideas, sin el que la creaci\u00f3n no es posible&#8221;.<\/p>\n<p>Por su parte, Rafael Saravia ha explicado que el jurado del Leteo se ha decantado por Shibli por ser \u201cuna gran creadora y artista de la palabra que tiene un car\u00e1cter diferencial y no continuista&#8221;. Adem\u00e1s, ha resaltado que se trata de una de las premiadas m\u00e1s j\u00f3venes y que lo es por \u201ccambiar o hacer surgir nuevas l\u00edneas de pensamiento o creaci\u00f3n literaria&#8221;.<\/p>\n<p><strong>Adan\u00eda Shibli<\/strong><\/p>\n<p>La\u00a0 escritora palestina Adan\u00eda Shibli es una escritora y creadora de origen palestino y una notable pensadora que ha escrito poes\u00eda y teatro, pero que recibe este galard\u00f3n por su faceta de novelista. Uno de sus trabajos m\u00e1s destacados es la novela &#8216;Un detalle menor&#8217; en el que narra la violaci\u00f3n grupal y el asesinato de una joven \u00e1rabe a manos de los soldados israel\u00edes.<\/p>\n<p>La narradora, dramaturga y ensayista palestina Shibli ha sido finalista del National Book Award 2020 en los Estados Unidos y del International Booker Prize 2021 en el Reino Unido. En 2023 se alz\u00f3 con el premio LiBerarturpreis otorgado por la plataforma en lengua alemana LitProm, pero en este caso la entrega del galard\u00f3n fue cancelada debido a la violencia reavivada en Palestina.<\/p>\n","protected":false},"excerpt":{"rendered":"<p>La concejala de Acci\u00f3n y Promoci\u00f3n Cultural del Ayuntamiento de Le\u00f3n, Elena Aguado, ha comparecido hoy ante los medios de comunicaci\u00f3n junto a la ganadora del XXII Premio Leteo, Adan\u00eda Shibli, que esta tarde recoger\u00e1 el prestigioso galard\u00f3n literario en un acto que se celebrar\u00e1 en el Musac. Ambas han estado acompa\u00f1adas por el director [&hellip;]<\/p>\n","protected":false},"author":3,"featured_media":43590,"comment_status":"open","ping_status":"open","sticky":false,"template":"","format":"standard","meta":{"_acf_changed":false,"footnotes":""},"categories":[20],"tags":[1002,521,1003,455],"ppma_author":[32],"class_list":{"0":"post-43589","1":"post","2":"type-post","3":"status-publish","4":"format-standard","5":"has-post-thumbnail","7":"category-ocio-cultura-leon","8":"tag-adania-shibli","9":"tag-escritores","10":"tag-leteo","11":"tag-premios"},"acf":[],"authors":[{"term_id":32,"user_id":3,"is_guest":0,"slug":"redaccionleon","display_name":"Redacci\u00f3n Le\u00f3n","avatar_url":{"url":"https:\/\/social24horas.com\/contenidos\/uploads\/2024\/02\/redaccion-logo.webp","url2x":"https:\/\/social24horas.com\/contenidos\/uploads\/2024\/02\/redaccion-logo.webp"},"first_name":"","user_url":"","last_name":"","job_title":"","description":""}],"_links":{"self":[{"href":"https:\/\/social24horas.com\/api\/wp\/v2\/posts\/43589","targetHints":{"allow":["GET"]}}],"collection":[{"href":"https:\/\/social24horas.com\/api\/wp\/v2\/posts"}],"about":[{"href":"https:\/\/social24horas.com\/api\/wp\/v2\/types\/post"}],"author":[{"embeddable":true,"href":"https:\/\/social24horas.com\/api\/wp\/v2\/users\/3"}],"replies":[{"embeddable":true,"href":"https:\/\/social24horas.com\/api\/wp\/v2\/comments?post=43589"}],"version-history":[{"count":1,"href":"https:\/\/social24horas.com\/api\/wp\/v2\/posts\/43589\/revisions"}],"predecessor-version":[{"id":43591,"href":"https:\/\/social24horas.com\/api\/wp\/v2\/posts\/43589\/revisions\/43591"}],"wp:featuredmedia":[{"embeddable":true,"href":"https:\/\/social24horas.com\/api\/wp\/v2\/media\/43590"}],"wp:attachment":[{"href":"https:\/\/social24horas.com\/api\/wp\/v2\/media?parent=43589"}],"wp:term":[{"taxonomy":"category","embeddable":true,"href":"https:\/\/social24horas.com\/api\/wp\/v2\/categories?post=43589"},{"taxonomy":"post_tag","embeddable":true,"href":"https:\/\/social24horas.com\/api\/wp\/v2\/tags?post=43589"},{"taxonomy":"author","embeddable":true,"href":"https:\/\/social24horas.com\/api\/wp\/v2\/ppma_author?post=43589"}],"curies":[{"name":"wp","href":"https:\/\/api.w.org\/{rel}","templated":true}]}}