{"id":43539,"date":"2024-08-14T14:25:44","date_gmt":"2024-08-14T12:25:44","guid":{"rendered":"https:\/\/social24horas.com\/?p=43539"},"modified":"2024-08-18T00:27:52","modified_gmt":"2024-08-17T22:27:52","slug":"musica-por-los-rincones-lleva-la-orquestina-de-leon-a-la-plaza-santo-martino","status":"publish","type":"post","link":"https:\/\/social24horas.com\/musica-por-los-rincones-lleva-la-orquestina-de-leon-a-la-plaza-santo-martino\/","title":{"rendered":"M\u00fasica por los rincones\u2019 lleva \u2018La Orquestina de Le\u00f3n\u2019 a la plaza Santo Martino"},"content":{"rendered":"<p>El verano invita a salir a la calle y a disfrutar de las gentes, de las c\u00e1lidas temperaturas y de todas las propuestas que el la concejal\u00eda de Acci\u00f3n y Promoci\u00f3n Cultural del Ayuntamiento de Le\u00f3n ofrece a leoneses y visitantes a trav\u00e9s del Festival Cuna del Parlamentarismo. Desde que este extenso programa comenzara el pasado mes de julio, las actividades se suceden d\u00eda tras d\u00eda ocupando principalmente las veladas estivales.<\/p>\n<p>En este marco, con la plaza Santo Martino como escenario, llega una propuesta cuyo objetivo es llevar la &#8216;M\u00fasica por los rincones&#8217;. Ser\u00e1 el viernes 16 de agosto y de ello se encargar\u00e1 &#8216;La Orquestina de Le\u00f3n&#8217;, que presentar\u00e1 el espect\u00e1culo &#8216;\u00a1Entre tangos y agarraos!&#8217; en la citada plaza a las 20:00 horas y que recordar\u00e1 la m\u00fasica de las orquestas que a\u00f1os ha amenizaban las fiestas populares.<\/p>\n<p>&#8216;\u00a1Entre tangos y agarraos!&#8217; es un espect\u00e1culo m\u00fasico-teatral que recrea el concepto de verbena y caf\u00e9 musical de los a\u00f1os 30: piezas vocales e instrumentales, acompa\u00f1adas de bater\u00eda antigua, clarinete, saxo, dulzaina y acorde\u00f3n que no deja al p\u00fablico indiferente. Todo ello, con una indumentaria y una est\u00e9tica propia de la \u00e9poca y acompa\u00f1ado de una cantante &#8211; actriz que narrar\u00e1 y cantar\u00e1 las historias de las gentes de la \u00e9poca de una manera amena y divertida. Un espect\u00e1culo para escuchar y bailar.<\/p>\n<p><strong>\u00a0<\/strong><strong>&#8216;La Orquestina de Le\u00f3n&#8217;<\/strong><\/p>\n<p>&#8216;La Orquestina de Le\u00f3n&#8217; nace en el 2014 tras un cuidado trabajo de investigaci\u00f3n. M\u00fasicos de dilatada experiencia musical (acorde\u00f3n, bater\u00eda, clarinete, saxo, dulzaina y voz) reviven una orquesta tradicional de los a\u00f1os 30 y 40 del pasado siglo, recuperando la sonoridad de aquellas formaciones instrumentales, que recorrieron las ciudades y los pueblos haciendo la fiesta.<\/p>\n<p>Con una cuidada est\u00e9tica y un estilo musical muy fiel, conseguir\u00e1n que \u00a1no pares de bailar! Su repertorio se centra en aquellas m\u00fasicas consideradas \u00a0&#8216;modernas&#8217;, que all\u00e1 por los a\u00f1os 30 se escuchaban en los discos de pizarra e inundaban con sus ritmos movidos los salones y las fiestas de los pueblos. &#8216;La Tarara&#8217;, &#8216;El carbonero&#8217;, &#8216;El cazador cazando&#8217;, &#8216;Domingo de Carnaval&#8217;, &#8216;Basilisa&#8217; y otras muchas melod\u00edas, \u00a0volver\u00e1n a o\u00edrse con una sonoridad similar a la de aquellas viejas orquestinas, haciendo que sus actuaciones, sean toda una fiesta como aquellas de anta\u00f1o.<\/p>\n","protected":false},"excerpt":{"rendered":"<p>El verano invita a salir a la calle y a disfrutar de las gentes, de las c\u00e1lidas temperaturas y de todas las propuestas que el la concejal\u00eda de Acci\u00f3n y Promoci\u00f3n Cultural del Ayuntamiento de Le\u00f3n ofrece a leoneses y visitantes a trav\u00e9s del Festival Cuna del Parlamentarismo. Desde que este extenso programa comenzara el [&hellip;]<\/p>\n","protected":false},"author":3,"featured_media":43540,"comment_status":"open","ping_status":"open","sticky":false,"template":"","format":"standard","meta":{"_acf_changed":false,"footnotes":""},"categories":[20],"tags":[],"ppma_author":[32],"class_list":{"0":"post-43539","1":"post","2":"type-post","3":"status-publish","4":"format-standard","5":"has-post-thumbnail","7":"category-ocio-cultura-leon"},"acf":[],"authors":[{"term_id":32,"user_id":3,"is_guest":0,"slug":"redaccionleon","display_name":"Redacci\u00f3n Le\u00f3n","avatar_url":{"url":"https:\/\/social24horas.com\/contenidos\/uploads\/2024\/02\/redaccion-logo.webp","url2x":"https:\/\/social24horas.com\/contenidos\/uploads\/2024\/02\/redaccion-logo.webp"},"first_name":"","user_url":"","last_name":"","job_title":"","description":""}],"_links":{"self":[{"href":"https:\/\/social24horas.com\/api\/wp\/v2\/posts\/43539","targetHints":{"allow":["GET"]}}],"collection":[{"href":"https:\/\/social24horas.com\/api\/wp\/v2\/posts"}],"about":[{"href":"https:\/\/social24horas.com\/api\/wp\/v2\/types\/post"}],"author":[{"embeddable":true,"href":"https:\/\/social24horas.com\/api\/wp\/v2\/users\/3"}],"replies":[{"embeddable":true,"href":"https:\/\/social24horas.com\/api\/wp\/v2\/comments?post=43539"}],"version-history":[{"count":1,"href":"https:\/\/social24horas.com\/api\/wp\/v2\/posts\/43539\/revisions"}],"predecessor-version":[{"id":43541,"href":"https:\/\/social24horas.com\/api\/wp\/v2\/posts\/43539\/revisions\/43541"}],"wp:featuredmedia":[{"embeddable":true,"href":"https:\/\/social24horas.com\/api\/wp\/v2\/media\/43540"}],"wp:attachment":[{"href":"https:\/\/social24horas.com\/api\/wp\/v2\/media?parent=43539"}],"wp:term":[{"taxonomy":"category","embeddable":true,"href":"https:\/\/social24horas.com\/api\/wp\/v2\/categories?post=43539"},{"taxonomy":"post_tag","embeddable":true,"href":"https:\/\/social24horas.com\/api\/wp\/v2\/tags?post=43539"},{"taxonomy":"author","embeddable":true,"href":"https:\/\/social24horas.com\/api\/wp\/v2\/ppma_author?post=43539"}],"curies":[{"name":"wp","href":"https:\/\/api.w.org\/{rel}","templated":true}]}}