{"id":43516,"date":"2024-08-06T19:13:35","date_gmt":"2024-08-06T17:13:35","guid":{"rendered":"https:\/\/social24horas.com\/?p=43516"},"modified":"2024-08-06T19:15:27","modified_gmt":"2024-08-06T17:15:27","slug":"magdalena-palomo-cruz-roja-valladolid-la-calle-desgasta-muchisimo-hace-mucho-dano","status":"publish","type":"post","link":"https:\/\/social24horas.com\/magdalena-palomo-cruz-roja-valladolid-la-calle-desgasta-muchisimo-hace-mucho-dano\/","title":{"rendered":"Magdalena Palomo (Cruz Roja Valladolid): \u201cLa calle desgasta much\u00edsimo, hace mucho da\u00f1o\u201d"},"content":{"rendered":"<p>Muchas veces pasan desapercibidas, parecen transparentes, pero lo cierto es que el censo de poblaci\u00f3n en situaci\u00f3n de calle realizado en octubre de 2023 (un registro realizado a nivel nacional) identific\u00f3 a setenta y una personas sin hogar en la ciudad de Valladolid.<\/p>\n<p>Una de las herramientas utilizadas para garantizar derechos y ayuda a este colectivo vulnerable es la Unidad de Emergencia Social, disponibilizada en el Programa de Atenci\u00f3n a Personas Sin Hogar que desarrolla Cruz Roja Valladolid. Se intenta, con estas medidas, cubrir al menos las necesidades b\u00e1sicas, tanto f\u00edsicas como psicol\u00f3gicas, que conforman el drama de la soledad no deseada.<\/p>\n<p>Magdalena Palomo es la trabajadora social responsable este programa de apoyo. Conoce la problem\u00e1tica de primera mano, estuvo presente en el recuento de octubre y forma parte del d\u00eda a d\u00eda de estas personas en las calles vallisoletanas. Era consciente de la magnitud del problema, pero result\u00f3 positivo conseguir esta \u201cfoto oficial\u201d, como denomina al censo: \u201cEl n\u00famero se correspond\u00eda con la media de los que ven\u00edamos atendiendo en nuestras salidas de martes, jueves y domingos\u201d. Cruz Roja Valladolid se reparte los d\u00edas de la semana con otras instituciones, para poder ejecutar entre todos una acci\u00f3n integral.<\/p>\n<p>El principal objetivo del programa liderado por Palomo, no siempre f\u00e1cil de cumplir, es acercarse a esta poblaci\u00f3n en situaci\u00f3n de calle y establecer v\u00ednculos a trav\u00e9s de los cuales todos ellos puedan plantear el proceso que quieren desarrollar para salir de la situaci\u00f3n en la que se encuentran. El acompa\u00f1amiento es \u201ctotalmente individualizado\u201d, y los pasos a dar, tambi\u00e9n lo son.<\/p>\n<p>Lo procesos que m\u00e1s plantean, explica la trabajadora social, no tienen nada de extravagantes: \u201cVida normal, lo que queremos todos: trabajar, tener una casa. Nuestra labor es aterrizar este proyecto de vida\u201d. Labor compleja, sobre todo \u201csin nada de apoyo, con la poca higiene que se puede mantener diariamente, sin donde dejar las pertenencias, etc\u201d.<\/p>\n<figure id=\"attachment_43518\" aria-describedby=\"caption-attachment-43518\" style=\"width: 1024px\" class=\"wp-caption alignnone\"><img data-dominant-color=\"4a3835\" data-has-transparency=\"false\" style=\"--dominant-color: #4a3835;\" loading=\"lazy\" loading=\"lazy\" decoding=\"async\" class=\"size-large wp-image-43518 not-transparent\" src=\"https:\/\/social24horas.com\/contenidos\/uploads\/2024\/08\/1-9-1024x768.webp\" alt=\"La Unidad de Emergencia Social preparando una salida a las calles de Valladolid. Foto: Cruz Roja Valladolid.\" width=\"1024\" height=\"768\" \/><figcaption id=\"caption-attachment-43518\" class=\"wp-caption-text\">La Unidad de Emergencia Social preparando una salida a las calles de Valladolid. Foto: Cruz Roja Valladolid.<\/figcaption><\/figure>\n<p>La experiencia de Magdalena Palomo en trabajo de campo le dice que no hay un perfil claro ni establecido para las personas en situaci\u00f3n de calle en Valladolid. Es cierto que la mayor\u00eda son hombres, aunque \u201cse ha incrementado el porcentaje de mujeres hasta un 19%\u201d. Familias no detectan. \u201cEn nuestro pa\u00eds la ley proh\u00edbe que haya menores en la calle. El r\u00e9gimen es distinto para ellos. Parejas s\u00ed que hay\u201d.<\/p>\n<p>En Valladolid solo hay un albergue para personas sin hogar. Esto se complementa con otra serie de equipamientos como la casa de acogida de C\u00e1ritas, que tambi\u00e9n cuenta con viviendas de transici\u00f3n. El mayor problema de este albergue, al contrario de lo que sucede en algunas grandes ciudades, no es la seguridad de los usuarios sino la disponibilidad de plazas. No obstante, est\u00e1 claro que \u201ccuanto mayor es el n\u00famero de personas, mayor es la dificultad de convivencia\u201d. Magdalena Palomo ha acompa\u00f1ado a mucha gente en condiciones de vida muy duras para saber bien que \u201cla calle desgasta much\u00edsimo, hace mucho da\u00f1o\u201d.<\/p>\n<p>El proyecto subvencionado por la Consejer\u00eda de Familia e Igualdad de Oportunidades de la Junta de Castilla y Le\u00f3n y est\u00e1 financiado con cargo a la asignaci\u00f3n tributaria del 0,7% del Impuesto sobre la Renta de las Personas F\u00edsicas y sobre Sociedades para la realizaci\u00f3n de programas de inter\u00e9s general.<\/p>\n<p>V.D.L.<\/p>\n","protected":false},"excerpt":{"rendered":"<p>Muchas veces pasan desapercibidas, parecen transparentes, pero lo cierto es que el censo de poblaci\u00f3n en situaci\u00f3n de calle realizado en octubre de 2023 (un registro realizado a nivel nacional) identific\u00f3 a setenta y una personas sin hogar en la ciudad de Valladolid. Una de las herramientas utilizadas para garantizar derechos y ayuda a este [&hellip;]<\/p>\n","protected":false},"author":19,"featured_media":43517,"comment_status":"open","ping_status":"open","sticky":false,"template":"","format":"standard","meta":{"_acf_changed":false,"footnotes":""},"categories":[700],"tags":[974,777,977,976,973,975,972,971,970],"ppma_author":[705],"class_list":{"0":"post-43516","1":"post","2":"type-post","3":"status-publish","4":"format-standard","5":"has-post-thumbnail","7":"category-entrevistas-valladolid","8":"tag-albergues","9":"tag-cruz-roja","10":"tag-cruz-roja-valladolid","11":"tag-magdalena-palomo","12":"tag-personas-sin-hogar","13":"tag-programa-social","14":"tag-sin-hogar","15":"tag-sinhogarismo","16":"tag-situacion-de-calle"},"acf":[],"authors":[{"term_id":705,"user_id":19,"is_guest":0,"slug":"redaccionvalladolid","display_name":"Redacci\u00f3n Valladolid","avatar_url":{"url":"https:\/\/social24horas.com\/contenidos\/uploads\/2024\/02\/redaccion-logo.webp","url2x":"https:\/\/social24horas.com\/contenidos\/uploads\/2024\/02\/redaccion-logo.webp"},"first_name":"","user_url":"","last_name":"","job_title":"","description":""}],"_links":{"self":[{"href":"https:\/\/social24horas.com\/api\/wp\/v2\/posts\/43516","targetHints":{"allow":["GET"]}}],"collection":[{"href":"https:\/\/social24horas.com\/api\/wp\/v2\/posts"}],"about":[{"href":"https:\/\/social24horas.com\/api\/wp\/v2\/types\/post"}],"author":[{"embeddable":true,"href":"https:\/\/social24horas.com\/api\/wp\/v2\/users\/19"}],"replies":[{"embeddable":true,"href":"https:\/\/social24horas.com\/api\/wp\/v2\/comments?post=43516"}],"version-history":[{"count":2,"href":"https:\/\/social24horas.com\/api\/wp\/v2\/posts\/43516\/revisions"}],"predecessor-version":[{"id":43520,"href":"https:\/\/social24horas.com\/api\/wp\/v2\/posts\/43516\/revisions\/43520"}],"wp:featuredmedia":[{"embeddable":true,"href":"https:\/\/social24horas.com\/api\/wp\/v2\/media\/43517"}],"wp:attachment":[{"href":"https:\/\/social24horas.com\/api\/wp\/v2\/media?parent=43516"}],"wp:term":[{"taxonomy":"category","embeddable":true,"href":"https:\/\/social24horas.com\/api\/wp\/v2\/categories?post=43516"},{"taxonomy":"post_tag","embeddable":true,"href":"https:\/\/social24horas.com\/api\/wp\/v2\/tags?post=43516"},{"taxonomy":"author","embeddable":true,"href":"https:\/\/social24horas.com\/api\/wp\/v2\/ppma_author?post=43516"}],"curies":[{"name":"wp","href":"https:\/\/api.w.org\/{rel}","templated":true}]}}