{"id":43488,"date":"2024-07-30T16:28:41","date_gmt":"2024-07-30T14:28:41","guid":{"rendered":"https:\/\/social24horas.com\/?p=43488"},"modified":"2024-07-30T13:32:41","modified_gmt":"2024-07-30T11:32:41","slug":"continua-el-programa-de-verano-de-juventud-con-el-descenso-del-sella-y-playa-de-ribadesella-el-proximo-3-de-agosto","status":"publish","type":"post","link":"https:\/\/social24horas.com\/continua-el-programa-de-verano-de-juventud-con-el-descenso-del-sella-y-playa-de-ribadesella-el-proximo-3-de-agosto\/","title":{"rendered":"Contin\u00faa el programa de verano de Juventud con el \u2018Descenso del Sella y playa de Ribadesella\u2019 el pr\u00f3ximo 3 de agosto"},"content":{"rendered":"<p>La Concejal\u00eda de Juventud del Ayuntamiento de Le\u00f3n ha programado un verano para j\u00f3venes de 18 a 30 a\u00f1os con cuatro actividades gratuitas de multiaventura y excursiones bajo el ep\u00edgrafe &#8216;Hace un d\u00eda de Verano&#8217;. La programaci\u00f3n contin\u00faa el pr\u00f3ximo s\u00e1bado con &#8216;Un d\u00eda en el Descenso del Sella y playa de Ribadesella&#8217;.<\/p>\n<p>Esta programaci\u00f3n est\u00e1 destinada a j\u00f3venes de entre 18 a 30 a\u00f1os (a fecha de la realizaci\u00f3n de la actividad), empadronados en el municipio de Le\u00f3n a fecha 1 de junio de 2024, o estar matriculado alg\u00fan centro educativo del municipio o j\u00f3venes en riesgo de exclusi\u00f3n o social o en situaci\u00f3n de refugiado. A\u00fan quedan plazas para participar en estas actividades estivales y gratuitas de \u00a0&#8216;Hace un d\u00eda de Verano&#8217;.<\/p>\n<p>La actividad del s\u00e1bado 3 de agosto llevar\u00e1 a los participantes a presenciar en\u00a0 Arriondas \/Ribadesella el Descenso Internacional del Sella, tambi\u00e9n conocida como la &#8216;fiesta de Les Pirag\u00fces&#8217;, una fiesta \u00fanica en el mundo por su espectacularidad, colorido, belleza y originalidad y que est\u00e1 declarada oficialmente Fiesta de Inter\u00e9s Tur\u00edstico Internacional. \u00a0La hora de salida est\u00e1 prevista para las 07:30 horas de la ma\u00f1ana y el \u00a0regreso ser\u00e1 en torno a las 20:00 horas. A las 11:00 horas participar\u00e1n en el tren fluvial, antes de que a las 12:00 se d\u00e9 la salida al un\u00edsono a las m\u00e1s de 1.000 piraguas alineadas en la orillas del r\u00edo.<\/p>\n<p>Posteriormente, la excursi\u00f3n de &#8216;Hace un d\u00edas de verano&#8217; se trasladar\u00e1 a Ribadesella para presenciar el final que tiene lugar en el Puente de Ribadesella, donde el p\u00fablico aclama y vitorea a los ganadores del Descenso Internacional del Sella, que cada a\u00f1o se hace un poco m\u00e1s grandioso. \u00a0Esta actividad est\u00e1 condicionada a las disposiciones que las autoridades dispongan en relaci\u00f3n con la organizaci\u00f3n del tr\u00e1fico, aparcamientos y aforos de este evento. El resto de la\u00a0 jornada est\u00e1 previsto para disfrutar de la playa de Ribadesella, una playa de arena dorada en un entorno urbano.<\/p>\n<p>Informaci\u00f3n de las actividades en el Centro de Informaci\u00f3n Juvenil Le\u00f3nJoven (Av. Padre Isla, 48) de lunes a viernes de 9:00 a 14:000 horas y tambi\u00e9n a trav\u00e9s del correo electr\u00f3nico informacion.juventud@aytoleon.es; en el tel\u00e9fono 987 87 52 00 y en la web leonjoven.net<\/p>\n<p><strong>Un d\u00eda en la Ruta del Cares, del 24<\/strong><strong>\u00a0\u00a0<\/strong><strong>de agosto<\/strong><\/p>\n<p>La Ruta del Cares es una actividad que nunca falta en la programaci\u00f3n de la Concejal\u00eda de Juventud. La ruta, que se desarrollar\u00e1 el 24 de agosto es parte de la antigua traves\u00eda que un\u00eda, siguiendo el profundo desfiladero que el corto r\u00edo Cares ha tallado en el macizo, dos peque\u00f1os y remotos pueblos de monta\u00f1a, el leon\u00e9s de Posada de Valde\u00f3n y el asturiano de Poncebos.<\/p>\n<p><strong>Espeleobarranquismo en la Cueva de Valporquero cierra el programa de verano<\/strong><\/p>\n<p>La actividad de espeleobarranquismo en la Cueva de Valporquero cierra el 7 de septiembre este programa de verano. Una emocionante aventura en plena monta\u00f1a leonesa que combina la diversi\u00f3n del barranquismo con el misterio del mundo subterr\u00e1neo, descendiendo el r\u00edo de la cueva de Valporquero a trav\u00e9s de grandes galer\u00edas, toboganes naturales, saltos, lagos subterr\u00e1neos y r\u00e1peles en cascadas. Esta actividad tuvo el Premio Nacional a la mejor actividad de turismo activo en el 2019.<\/p>\n<p><img decoding=\"async\" src=\"https:\/\/www.aytoleon.es\/es\/actualidad\/noticias\/articulos\/SiteAssets\/Lists\/EntradasDeBlog\/Noticias2\/Verano-joven%20-cartel-13062024.png\" alt=\"Verano-joven -cartel-13062024.png\" \/><\/p>\n","protected":false},"excerpt":{"rendered":"<p>La Concejal\u00eda de Juventud del Ayuntamiento de Le\u00f3n ha programado un verano para j\u00f3venes de 18 a 30 a\u00f1os con cuatro actividades gratuitas de multiaventura y excursiones bajo el ep\u00edgrafe &#8216;Hace un d\u00eda de Verano&#8217;. La programaci\u00f3n contin\u00faa el pr\u00f3ximo s\u00e1bado con &#8216;Un d\u00eda en el Descenso del Sella y playa de Ribadesella&#8217;. Esta programaci\u00f3n [&hellip;]<\/p>\n","protected":false},"author":3,"featured_media":43322,"comment_status":"open","ping_status":"open","sticky":false,"template":"","format":"standard","meta":{"_acf_changed":false,"footnotes":""},"categories":[20],"tags":[952,953,954],"ppma_author":[32],"class_list":{"0":"post-43488","1":"post","2":"type-post","3":"status-publish","4":"format-standard","5":"has-post-thumbnail","7":"category-ocio-cultura-leon","8":"tag-descenso-del-sella","9":"tag-leon-joven","10":"tag-ruta-del-cares"},"acf":[],"authors":[{"term_id":32,"user_id":3,"is_guest":0,"slug":"redaccionleon","display_name":"Redacci\u00f3n Le\u00f3n","avatar_url":{"url":"https:\/\/social24horas.com\/contenidos\/uploads\/2024\/02\/redaccion-logo.webp","url2x":"https:\/\/social24horas.com\/contenidos\/uploads\/2024\/02\/redaccion-logo.webp"},"first_name":"","user_url":"","last_name":"","job_title":"","description":""}],"_links":{"self":[{"href":"https:\/\/social24horas.com\/api\/wp\/v2\/posts\/43488","targetHints":{"allow":["GET"]}}],"collection":[{"href":"https:\/\/social24horas.com\/api\/wp\/v2\/posts"}],"about":[{"href":"https:\/\/social24horas.com\/api\/wp\/v2\/types\/post"}],"author":[{"embeddable":true,"href":"https:\/\/social24horas.com\/api\/wp\/v2\/users\/3"}],"replies":[{"embeddable":true,"href":"https:\/\/social24horas.com\/api\/wp\/v2\/comments?post=43488"}],"version-history":[{"count":1,"href":"https:\/\/social24horas.com\/api\/wp\/v2\/posts\/43488\/revisions"}],"predecessor-version":[{"id":43489,"href":"https:\/\/social24horas.com\/api\/wp\/v2\/posts\/43488\/revisions\/43489"}],"wp:featuredmedia":[{"embeddable":true,"href":"https:\/\/social24horas.com\/api\/wp\/v2\/media\/43322"}],"wp:attachment":[{"href":"https:\/\/social24horas.com\/api\/wp\/v2\/media?parent=43488"}],"wp:term":[{"taxonomy":"category","embeddable":true,"href":"https:\/\/social24horas.com\/api\/wp\/v2\/categories?post=43488"},{"taxonomy":"post_tag","embeddable":true,"href":"https:\/\/social24horas.com\/api\/wp\/v2\/tags?post=43488"},{"taxonomy":"author","embeddable":true,"href":"https:\/\/social24horas.com\/api\/wp\/v2\/ppma_author?post=43488"}],"curies":[{"name":"wp","href":"https:\/\/api.w.org\/{rel}","templated":true}]}}